{"id":4639,"date":"2022-05-20T15:33:59","date_gmt":"2022-05-20T13:33:59","guid":{"rendered":"https:\/\/agora.xtec.cat\/escparcdelsaladar\/?p=4639"},"modified":"2022-05-20T15:43:49","modified_gmt":"2022-05-20T13:43:49","slug":"visitem-el-caixaforum","status":"publish","type":"post","link":"https:\/\/agora.xtec.cat\/escparcdelsaladar\/general\/visitem-el-caixaforum\/","title":{"rendered":"Visitem el Caixaforum!!!"},"content":{"rendered":"<p>Aquest dijous 19 de Maig els nens i nenes de primer vam visitar l&#8217;edifici del &#8220;Caixaforum&#8221; de Lleida.<\/p>\n<p>All\u00ed teniem previstes dues activitats molt interessants: un taller sobre astres i estrelles , i la visita a l&#8217;exposici\u00f3 &#8220;Cartells de la vida moderna&#8221;.<\/p>\n<p><a href=\"https:\/\/agora.xtec.cat\/escparcdelsaladar\/wp-content\/uploads\/usu1024\/2022\/05\/IMG_4525-scaled.jpg\"><img loading=\"lazy\" decoding=\"async\" class=\"wp-image-4640 aligncenter\" src=\"https:\/\/agora.xtec.cat\/escparcdelsaladar\/wp-content\/uploads\/usu1024\/2022\/05\/IMG_4525-768x1024.jpg\" alt=\"\" width=\"156\" height=\"207\" srcset=\"https:\/\/agora.xtec.cat\/escparcdelsaladar\/wp-content\/uploads\/usu1024\/2022\/05\/IMG_4525-768x1024.jpg 768w, https:\/\/agora.xtec.cat\/escparcdelsaladar\/wp-content\/uploads\/usu1024\/2022\/05\/IMG_4525-225x300.jpg 225w, https:\/\/agora.xtec.cat\/escparcdelsaladar\/wp-content\/uploads\/usu1024\/2022\/05\/IMG_4525-1152x1536.jpg 1152w, https:\/\/agora.xtec.cat\/escparcdelsaladar\/wp-content\/uploads\/usu1024\/2022\/05\/IMG_4525-1536x2048.jpg 1536w, https:\/\/agora.xtec.cat\/escparcdelsaladar\/wp-content\/uploads\/usu1024\/2022\/05\/IMG_4525-scaled.jpg 1920w\" sizes=\"auto, (max-width: 156px) 100vw, 156px\" \/><\/a><\/p>\n<p><a href=\"https:\/\/photos.app.goo.gl\/QpjWyhCx5gUcave16\" target=\"_blank\" rel=\"noopener\">Fotos Aqu\u00ed<\/a><\/p>\n<p>&nbsp;<\/p>\n","protected":false},"excerpt":{"rendered":"<p>Aquest dijous 19 de Maig els nens i nenes de primer vam visitar l&#8217;edifici del &#8220;Caixaforum&#8221; de Lleida. All\u00ed teniem previstes dues activitats molt interessants: un taller sobre astres i estrelles , i la visita a l&#8217;exposici\u00f3 &#8220;Cartells de la vida moderna&#8221;. Fotos Aqu\u00ed &nbsp;<\/p>\n","protected":false},"author":1,"featured_media":4640,"comment_status":"open","ping_status":"closed","sticky":false,"template":"","format":"standard","meta":{"_bbp_topic_count":0,"_bbp_reply_count":0,"_bbp_total_topic_count":0,"_bbp_total_reply_count":0,"_bbp_voice_count":0,"_bbp_anonymous_reply_count":0,"_bbp_topic_count_hidden":0,"_bbp_reply_count_hidden":0,"_bbp_forum_subforum_count":0,"site-sidebar-layout":"default","site-content-layout":"","ast-site-content-layout":"","site-content-style":"default","site-sidebar-style":"default","ast-global-header-display":"","ast-banner-title-visibility":"","ast-main-header-display":"","ast-hfb-above-header-display":"","ast-hfb-below-header-display":"","ast-hfb-mobile-header-display":"","site-post-title":"","ast-breadcrumbs-content":"","ast-featured-img":"","footer-sml-layout":"","theme-transparent-header-meta":"","adv-header-id-meta":"","stick-header-meta":"","header-above-stick-meta":"","header-main-stick-meta":"","header-below-stick-meta":"","astra-migrate-meta-layouts":"default","ast-page-background-enabled":"default","ast-page-background-meta":{"desktop":{"background-color":"var(--ast-global-color-4)","background-image":"","background-repeat":"repeat","background-position":"center center","background-size":"auto","background-attachment":"scroll","background-type":"","background-media":"","overlay-type":"","overlay-color":"","overlay-opacity":"","overlay-gradient":""},"tablet":{"background-color":"","background-image":"","background-repeat":"repeat","background-position":"center center","background-size":"auto","background-attachment":"scroll","background-type":"","background-media":"","overlay-type":"","overlay-color":"","overlay-opacity":"","overlay-gradient":""},"mobile":{"background-color":"","background-image":"","background-repeat":"repeat","background-position":"center center","background-size":"auto","background-attachment":"scroll","background-type":"","background-media":"","overlay-type":"","overlay-color":"","overlay-opacity":"","overlay-gradient":""}},"ast-content-background-meta":{"desktop":{"background-color":"var(--ast-global-color-5)","background-image":"","background-repeat":"repeat","background-position":"center center","background-size":"auto","background-attachment":"scroll","background-type":"","background-media":"","overlay-type":"","overlay-color":"","overlay-opacity":"","overlay-gradient":""},"tablet":{"background-color":"var(--ast-global-color-5)","background-image":"","background-repeat":"repeat","background-position":"center center","background-size":"auto","background-attachment":"scroll","background-type":"","background-media":"","overlay-type":"","overlay-color":"","overlay-opacity":"","overlay-gradient":""},"mobile":{"background-color":"var(--ast-global-color-5)","background-image":"","background-repeat":"repeat","background-position":"center center","background-size":"auto","background-attachment":"scroll","background-type":"","background-media":"","overlay-type":"","overlay-color":"","overlay-opacity":"","overlay-gradient":""}},"footnotes":""},"categories":[10,1,4,5],"tags":[],"class_list":["post-4639","post","type-post","status-publish","format-standard","has-post-thumbnail","hentry","category-1r","category-general","category-portada","category-primaria"],"post_mailing_queue_ids":[],"_links":{"self":[{"href":"https:\/\/agora.xtec.cat\/escparcdelsaladar\/wp-json\/wp\/v2\/posts\/4639","targetHints":{"allow":["GET"]}}],"collection":[{"href":"https:\/\/agora.xtec.cat\/escparcdelsaladar\/wp-json\/wp\/v2\/posts"}],"about":[{"href":"https:\/\/agora.xtec.cat\/escparcdelsaladar\/wp-json\/wp\/v2\/types\/post"}],"author":[{"embeddable":true,"href":"https:\/\/agora.xtec.cat\/escparcdelsaladar\/wp-json\/wp\/v2\/users\/1"}],"replies":[{"embeddable":true,"href":"https:\/\/agora.xtec.cat\/escparcdelsaladar\/wp-json\/wp\/v2\/comments?post=4639"}],"version-history":[{"count":3,"href":"https:\/\/agora.xtec.cat\/escparcdelsaladar\/wp-json\/wp\/v2\/posts\/4639\/revisions"}],"predecessor-version":[{"id":4647,"href":"https:\/\/agora.xtec.cat\/escparcdelsaladar\/wp-json\/wp\/v2\/posts\/4639\/revisions\/4647"}],"wp:featuredmedia":[{"embeddable":true,"href":"https:\/\/agora.xtec.cat\/escparcdelsaladar\/wp-json\/wp\/v2\/media\/4640"}],"wp:attachment":[{"href":"https:\/\/agora.xtec.cat\/escparcdelsaladar\/wp-json\/wp\/v2\/media?parent=4639"}],"wp:term":[{"taxonomy":"category","embeddable":true,"href":"https:\/\/agora.xtec.cat\/escparcdelsaladar\/wp-json\/wp\/v2\/categories?post=4639"},{"taxonomy":"post_tag","embeddable":true,"href":"https:\/\/agora.xtec.cat\/escparcdelsaladar\/wp-json\/wp\/v2\/tags?post=4639"}],"curies":[{"name":"wp","href":"https:\/\/api.w.org\/{rel}","templated":true}]}}