{"id":4141,"date":"2021-12-22T09:56:53","date_gmt":"2021-12-22T08:56:53","guid":{"rendered":"https:\/\/agora.xtec.cat\/escparcdelsaladar\/?p=4141"},"modified":"2021-12-22T09:56:53","modified_gmt":"2021-12-22T08:56:53","slug":"el-nadal-a-la-meva-manera-obra-de-teatre","status":"publish","type":"post","link":"https:\/\/agora.xtec.cat\/escparcdelsaladar\/general\/el-nadal-a-la-meva-manera-obra-de-teatre\/","title":{"rendered":"EL NADAL A LA MEVA MANERA &#8211; OBRA DE TEATRE"},"content":{"rendered":"<p>L&#8217;alumnat de cicle mitj\u00e0 de l&#8217;Escola Parc del Saladar ha interpretat l&#8217;obra <em>El Nadal a la meva manera. <\/em><\/p>\n<p>Tamb\u00e9 s&#8217;han cantat fragments de les nadales:<\/p>\n<p>1. Nadal de colors &#8211; Xavi Gonz\u00e1lez i Anna Llopart<\/p>\n<p>2. El Caganer &#8211; Ferran Andechaga i Sergi Esparza<\/p>\n<p>3. Arbre de Nadal &#8211; Marta i Gregori<\/p>\n<p>4. Caga ti\u00f3 &#8211; Ambauka<\/p>\n<p>5. Tingueu bon Nadal &#8211; Landry El rumbero<\/p>\n<p>6. Els pastorets &#8211; Els Pastorets Rock<\/p>\n<p>7. Dimoni Escuat &#8211; Maced\u00f2nia<\/p>\n<p>8. Ja venen els reis &#8211; Xavi Gonz\u00e1lez i Anna Llopart<\/p>\n<p>9. M&#8217;agrada tant fer-te feli\u00e7 &#8211; Maria Jacobs<\/p>\n<p>&nbsp;<\/p>\n<p>Esperem que us agradi!<\/p>\n<div class=\"ast-oembed-container \" style=\"height: 100%;\"><iframe loading=\"lazy\" title=\"OBRA DE TEATRE &quot;EL NADAL A LA MEVA MANERA&quot; - CICLE MITJ\u00c0\" width=\"500\" height=\"281\" src=\"https:\/\/www.youtube.com\/embed\/4WXKum39uxU?feature=oembed\" frameborder=\"0\" allow=\"accelerometer; autoplay; clipboard-write; encrypted-media; gyroscope; picture-in-picture; web-share\" referrerpolicy=\"strict-origin-when-cross-origin\" allowfullscreen><\/iframe><\/div>\n","protected":false},"excerpt":{"rendered":"<p>L&#8217;alumnat de cicle mitj\u00e0 de l&#8217;Escola Parc del Saladar ha interpretat l&#8217;obra El Nadal a la meva manera. Tamb\u00e9 s&#8217;han cantat fragments de les nadales: 1. Nadal de colors &#8211; Xavi Gonz\u00e1lez i Anna Llopart 2. El Caganer &#8211; Ferran Andechaga i Sergi Esparza 3. Arbre de Nadal &#8211; Marta i Gregori 4. Caga ti\u00f3 [&hellip;]<\/p>\n","protected":false},"author":52,"featured_media":4142,"comment_status":"open","ping_status":"closed","sticky":false,"template":"","format":"standard","meta":{"_bbp_topic_count":0,"_bbp_reply_count":0,"_bbp_total_topic_count":0,"_bbp_total_reply_count":0,"_bbp_voice_count":0,"_bbp_anonymous_reply_count":0,"_bbp_topic_count_hidden":0,"_bbp_reply_count_hidden":0,"_bbp_forum_subforum_count":0,"site-sidebar-layout":"default","site-content-layout":"","ast-site-content-layout":"","site-content-style":"default","site-sidebar-style":"default","ast-global-header-display":"","ast-banner-title-visibility":"","ast-main-header-display":"","ast-hfb-above-header-display":"","ast-hfb-below-header-display":"","ast-hfb-mobile-header-display":"","site-post-title":"","ast-breadcrumbs-content":"","ast-featured-img":"","footer-sml-layout":"","theme-transparent-header-meta":"","adv-header-id-meta":"","stick-header-meta":"","header-above-stick-meta":"","header-main-stick-meta":"","header-below-stick-meta":"","astra-migrate-meta-layouts":"default","ast-page-background-enabled":"default","ast-page-background-meta":{"desktop":{"background-color":"var(--ast-global-color-4)","background-image":"","background-repeat":"repeat","background-position":"center center","background-size":"auto","background-attachment":"scroll","background-type":"","background-media":"","overlay-type":"","overlay-color":"","overlay-opacity":"","overlay-gradient":""},"tablet":{"background-color":"","background-image":"","background-repeat":"repeat","background-position":"center center","background-size":"auto","background-attachment":"scroll","background-type":"","background-media":"","overlay-type":"","overlay-color":"","overlay-opacity":"","overlay-gradient":""},"mobile":{"background-color":"","background-image":"","background-repeat":"repeat","background-position":"center center","background-size":"auto","background-attachment":"scroll","background-type":"","background-media":"","overlay-type":"","overlay-color":"","overlay-opacity":"","overlay-gradient":""}},"ast-content-background-meta":{"desktop":{"background-color":"var(--ast-global-color-5)","background-image":"","background-repeat":"repeat","background-position":"center center","background-size":"auto","background-attachment":"scroll","background-type":"","background-media":"","overlay-type":"","overlay-color":"","overlay-opacity":"","overlay-gradient":""},"tablet":{"background-color":"var(--ast-global-color-5)","background-image":"","background-repeat":"repeat","background-position":"center center","background-size":"auto","background-attachment":"scroll","background-type":"","background-media":"","overlay-type":"","overlay-color":"","overlay-opacity":"","overlay-gradient":""},"mobile":{"background-color":"var(--ast-global-color-5)","background-image":"","background-repeat":"repeat","background-position":"center center","background-size":"auto","background-attachment":"scroll","background-type":"","background-media":"","overlay-type":"","overlay-color":"","overlay-opacity":"","overlay-gradient":""}},"footnotes":""},"categories":[12,13,1,4,5],"tags":[],"class_list":["post-4141","post","type-post","status-publish","format-standard","has-post-thumbnail","hentry","category-3r","category-4t","category-general","category-portada","category-primaria"],"post_mailing_queue_ids":[],"_links":{"self":[{"href":"https:\/\/agora.xtec.cat\/escparcdelsaladar\/wp-json\/wp\/v2\/posts\/4141","targetHints":{"allow":["GET"]}}],"collection":[{"href":"https:\/\/agora.xtec.cat\/escparcdelsaladar\/wp-json\/wp\/v2\/posts"}],"about":[{"href":"https:\/\/agora.xtec.cat\/escparcdelsaladar\/wp-json\/wp\/v2\/types\/post"}],"author":[{"embeddable":true,"href":"https:\/\/agora.xtec.cat\/escparcdelsaladar\/wp-json\/wp\/v2\/users\/52"}],"replies":[{"embeddable":true,"href":"https:\/\/agora.xtec.cat\/escparcdelsaladar\/wp-json\/wp\/v2\/comments?post=4141"}],"version-history":[{"count":1,"href":"https:\/\/agora.xtec.cat\/escparcdelsaladar\/wp-json\/wp\/v2\/posts\/4141\/revisions"}],"predecessor-version":[{"id":4143,"href":"https:\/\/agora.xtec.cat\/escparcdelsaladar\/wp-json\/wp\/v2\/posts\/4141\/revisions\/4143"}],"wp:featuredmedia":[{"embeddable":true,"href":"https:\/\/agora.xtec.cat\/escparcdelsaladar\/wp-json\/wp\/v2\/media\/4142"}],"wp:attachment":[{"href":"https:\/\/agora.xtec.cat\/escparcdelsaladar\/wp-json\/wp\/v2\/media?parent=4141"}],"wp:term":[{"taxonomy":"category","embeddable":true,"href":"https:\/\/agora.xtec.cat\/escparcdelsaladar\/wp-json\/wp\/v2\/categories?post=4141"},{"taxonomy":"post_tag","embeddable":true,"href":"https:\/\/agora.xtec.cat\/escparcdelsaladar\/wp-json\/wp\/v2\/tags?post=4141"}],"curies":[{"name":"wp","href":"https:\/\/api.w.org\/{rel}","templated":true}]}}