{"id":3470,"date":"2021-05-27T14:14:53","date_gmt":"2021-05-27T12:14:53","guid":{"rendered":"https:\/\/agora.xtec.cat\/escparcdelsaladar\/?p=3470"},"modified":"2021-05-27T14:16:08","modified_gmt":"2021-05-27T12:16:08","slug":"conferencia-de-lisidre-agent-rural","status":"publish","type":"post","link":"https:\/\/agora.xtec.cat\/escparcdelsaladar\/general\/conferencia-de-lisidre-agent-rural\/","title":{"rendered":"Confer\u00e8ncia de l&#8217;Isidre, agent rural"},"content":{"rendered":"<p>Avui hem anat a la biblioteca d&#8217;Alcarr\u00e0s en motiu de la setmana de la natura. All\u00e0, l&#8217;Isidre, agent rural del nostre municipi, ens ha explicat que \u00e9s la biodiversitat i l&#8217;important que \u00e9s cuidar de la natura i dels animals que l&#8217;habiten.<\/p>\n<p>Ens ha parlat del pant\u00e0 de l&#8217;arr\u00f2s que es troba dins el nostre municipi. All\u00e0 podem fer un recorregut caminant o amb bicicleta i parar pels diferents miradors que hi ha per observar les aus que hi habiten.<\/p>\n<p>Ens ha agradat molt saber una mica m\u00e9s sobre la natura i les aus que tenim m\u00e9s a prop.<\/p>\n<p><a href=\"https:\/\/agora.xtec.cat\/escparcdelsaladar\/wp-content\/uploads\/usu1024\/2021\/05\/WhatsApp-Image-2021-05-27-at-13.59.35.jpeg\"><img loading=\"lazy\" decoding=\"async\" class=\"aligncenter size-large wp-image-3471\" src=\"https:\/\/agora.xtec.cat\/escparcdelsaladar\/wp-content\/uploads\/usu1024\/2021\/05\/WhatsApp-Image-2021-05-27-at-13.59.35-1024x768.jpeg\" alt=\"\" width=\"1024\" height=\"768\" srcset=\"https:\/\/agora.xtec.cat\/escparcdelsaladar\/wp-content\/uploads\/usu1024\/2021\/05\/WhatsApp-Image-2021-05-27-at-13.59.35.jpeg 1024w, https:\/\/agora.xtec.cat\/escparcdelsaladar\/wp-content\/uploads\/usu1024\/2021\/05\/WhatsApp-Image-2021-05-27-at-13.59.35-300x225.jpeg 300w, https:\/\/agora.xtec.cat\/escparcdelsaladar\/wp-content\/uploads\/usu1024\/2021\/05\/WhatsApp-Image-2021-05-27-at-13.59.35-768x576.jpeg 768w, https:\/\/agora.xtec.cat\/escparcdelsaladar\/wp-content\/uploads\/usu1024\/2021\/05\/WhatsApp-Image-2021-05-27-at-13.59.35-200x150.jpeg 200w\" sizes=\"auto, (max-width: 1024px) 100vw, 1024px\" \/><\/a> <a href=\"https:\/\/agora.xtec.cat\/escparcdelsaladar\/wp-content\/uploads\/usu1024\/2021\/05\/WhatsApp-Image-2021-05-27-at-13.32.20.jpeg\"><img loading=\"lazy\" decoding=\"async\" class=\"alignnone size-large wp-image-3472\" src=\"https:\/\/agora.xtec.cat\/escparcdelsaladar\/wp-content\/uploads\/usu1024\/2021\/05\/WhatsApp-Image-2021-05-27-at-13.32.20-1024x576.jpeg\" alt=\"\" width=\"1024\" height=\"576\" srcset=\"https:\/\/agora.xtec.cat\/escparcdelsaladar\/wp-content\/uploads\/usu1024\/2021\/05\/WhatsApp-Image-2021-05-27-at-13.32.20-1024x576.jpeg 1024w, https:\/\/agora.xtec.cat\/escparcdelsaladar\/wp-content\/uploads\/usu1024\/2021\/05\/WhatsApp-Image-2021-05-27-at-13.32.20-300x169.jpeg 300w, https:\/\/agora.xtec.cat\/escparcdelsaladar\/wp-content\/uploads\/usu1024\/2021\/05\/WhatsApp-Image-2021-05-27-at-13.32.20-768x432.jpeg 768w, https:\/\/agora.xtec.cat\/escparcdelsaladar\/wp-content\/uploads\/usu1024\/2021\/05\/WhatsApp-Image-2021-05-27-at-13.32.20.jpeg 1600w\" sizes=\"auto, (max-width: 1024px) 100vw, 1024px\" \/><\/a> <a href=\"https:\/\/agora.xtec.cat\/escparcdelsaladar\/wp-content\/uploads\/usu1024\/2021\/05\/WhatsApp-Image-2021-05-27-at-13.33.39.jpeg\"><img loading=\"lazy\" decoding=\"async\" class=\"alignnone size-large wp-image-3473\" src=\"https:\/\/agora.xtec.cat\/escparcdelsaladar\/wp-content\/uploads\/usu1024\/2021\/05\/WhatsApp-Image-2021-05-27-at-13.33.39-768x1024.jpeg\" alt=\"\" width=\"768\" height=\"1024\" srcset=\"https:\/\/agora.xtec.cat\/escparcdelsaladar\/wp-content\/uploads\/usu1024\/2021\/05\/WhatsApp-Image-2021-05-27-at-13.33.39-768x1024.jpeg 768w, https:\/\/agora.xtec.cat\/escparcdelsaladar\/wp-content\/uploads\/usu1024\/2021\/05\/WhatsApp-Image-2021-05-27-at-13.33.39-225x300.jpeg 225w, https:\/\/agora.xtec.cat\/escparcdelsaladar\/wp-content\/uploads\/usu1024\/2021\/05\/WhatsApp-Image-2021-05-27-at-13.33.39.jpeg 1200w\" sizes=\"auto, (max-width: 768px) 100vw, 768px\" \/><\/a><\/p>\n","protected":false},"excerpt":{"rendered":"<p>Avui hem anat a la biblioteca d&#8217;Alcarr\u00e0s en motiu de la setmana de la natura. All\u00e0, l&#8217;Isidre, agent rural del nostre municipi, ens ha explicat que \u00e9s la biodiversitat i l&#8217;important que \u00e9s cuidar de la natura i dels animals que l&#8217;habiten. Ens ha parlat del pant\u00e0 de l&#8217;arr\u00f2s que es troba dins el nostre [&hellip;]<\/p>\n","protected":false},"author":61,"featured_media":3473,"comment_status":"open","ping_status":"closed","sticky":false,"template":"","format":"standard","meta":{"_bbp_topic_count":0,"_bbp_reply_count":0,"_bbp_total_topic_count":0,"_bbp_total_reply_count":0,"_bbp_voice_count":0,"_bbp_anonymous_reply_count":0,"_bbp_topic_count_hidden":0,"_bbp_reply_count_hidden":0,"_bbp_forum_subforum_count":0,"site-sidebar-layout":"default","site-content-layout":"","ast-site-content-layout":"","site-content-style":"default","site-sidebar-style":"default","ast-global-header-display":"","ast-banner-title-visibility":"","ast-main-header-display":"","ast-hfb-above-header-display":"","ast-hfb-below-header-display":"","ast-hfb-mobile-header-display":"","site-post-title":"","ast-breadcrumbs-content":"","ast-featured-img":"","footer-sml-layout":"","theme-transparent-header-meta":"","adv-header-id-meta":"","stick-header-meta":"","header-above-stick-meta":"","header-main-stick-meta":"","header-below-stick-meta":"","astra-migrate-meta-layouts":"default","ast-page-background-enabled":"default","ast-page-background-meta":{"desktop":{"background-color":"var(--ast-global-color-4)","background-image":"","background-repeat":"repeat","background-position":"center center","background-size":"auto","background-attachment":"scroll","background-type":"","background-media":"","overlay-type":"","overlay-color":"","overlay-opacity":"","overlay-gradient":""},"tablet":{"background-color":"","background-image":"","background-repeat":"repeat","background-position":"center center","background-size":"auto","background-attachment":"scroll","background-type":"","background-media":"","overlay-type":"","overlay-color":"","overlay-opacity":"","overlay-gradient":""},"mobile":{"background-color":"","background-image":"","background-repeat":"repeat","background-position":"center center","background-size":"auto","background-attachment":"scroll","background-type":"","background-media":"","overlay-type":"","overlay-color":"","overlay-opacity":"","overlay-gradient":""}},"ast-content-background-meta":{"desktop":{"background-color":"var(--ast-global-color-5)","background-image":"","background-repeat":"repeat","background-position":"center center","background-size":"auto","background-attachment":"scroll","background-type":"","background-media":"","overlay-type":"","overlay-color":"","overlay-opacity":"","overlay-gradient":""},"tablet":{"background-color":"var(--ast-global-color-5)","background-image":"","background-repeat":"repeat","background-position":"center center","background-size":"auto","background-attachment":"scroll","background-type":"","background-media":"","overlay-type":"","overlay-color":"","overlay-opacity":"","overlay-gradient":""},"mobile":{"background-color":"var(--ast-global-color-5)","background-image":"","background-repeat":"repeat","background-position":"center center","background-size":"auto","background-attachment":"scroll","background-type":"","background-media":"","overlay-type":"","overlay-color":"","overlay-opacity":"","overlay-gradient":""}},"footnotes":""},"categories":[13,1,4,5],"tags":[94,92,16],"class_list":["post-3470","post","type-post","status-publish","format-standard","has-post-thumbnail","hentry","category-4t","category-general","category-portada","category-primaria","tag-4t","tag-cicle-mitja","tag-sortides"],"post_mailing_queue_ids":[],"_links":{"self":[{"href":"https:\/\/agora.xtec.cat\/escparcdelsaladar\/wp-json\/wp\/v2\/posts\/3470","targetHints":{"allow":["GET"]}}],"collection":[{"href":"https:\/\/agora.xtec.cat\/escparcdelsaladar\/wp-json\/wp\/v2\/posts"}],"about":[{"href":"https:\/\/agora.xtec.cat\/escparcdelsaladar\/wp-json\/wp\/v2\/types\/post"}],"author":[{"embeddable":true,"href":"https:\/\/agora.xtec.cat\/escparcdelsaladar\/wp-json\/wp\/v2\/users\/61"}],"replies":[{"embeddable":true,"href":"https:\/\/agora.xtec.cat\/escparcdelsaladar\/wp-json\/wp\/v2\/comments?post=3470"}],"version-history":[{"count":2,"href":"https:\/\/agora.xtec.cat\/escparcdelsaladar\/wp-json\/wp\/v2\/posts\/3470\/revisions"}],"predecessor-version":[{"id":3475,"href":"https:\/\/agora.xtec.cat\/escparcdelsaladar\/wp-json\/wp\/v2\/posts\/3470\/revisions\/3475"}],"wp:featuredmedia":[{"embeddable":true,"href":"https:\/\/agora.xtec.cat\/escparcdelsaladar\/wp-json\/wp\/v2\/media\/3473"}],"wp:attachment":[{"href":"https:\/\/agora.xtec.cat\/escparcdelsaladar\/wp-json\/wp\/v2\/media?parent=3470"}],"wp:term":[{"taxonomy":"category","embeddable":true,"href":"https:\/\/agora.xtec.cat\/escparcdelsaladar\/wp-json\/wp\/v2\/categories?post=3470"},{"taxonomy":"post_tag","embeddable":true,"href":"https:\/\/agora.xtec.cat\/escparcdelsaladar\/wp-json\/wp\/v2\/tags?post=3470"}],"curies":[{"name":"wp","href":"https:\/\/api.w.org\/{rel}","templated":true}]}}