{"id":615,"date":"2020-04-06T06:03:37","date_gmt":"2020-04-06T04:03:37","guid":{"rendered":"https:\/\/agora.xtec.cat\/escolawaldorfeltiller\/?p=615"},"modified":"2020-04-06T06:03:37","modified_gmt":"2020-04-06T04:03:37","slug":"ampliacio-del-temps-dinscripcio","status":"publish","type":"post","link":"https:\/\/agora.xtec.cat\/escolawaldorfeltiller\/portada\/ampliacio-del-temps-dinscripcio\/","title":{"rendered":"Ampliaci\u00f3 del temps d&#8217;inscripci\u00f3"},"content":{"rendered":"<p>A causa del confinament hem ampliat el per\u00edode d&#8217;inscripci\u00f3 de l&#8217;escola. En principi ajornem tamb\u00e9 les entrevistes. Us mantindrem informats.<a href=\"https:\/\/agora.xtec.cat\/escolawaldorfeltiller\/wp-content\/uploads\/usu2153\/2020\/04\/slide-2019.jpg\"><img loading=\"lazy\" decoding=\"async\" class=\"alignnone size-full wp-image-531\" src=\"https:\/\/agora.xtec.cat\/escolawaldorfeltiller\/wp-content\/uploads\/usu2153\/2020\/04\/slide-2019.jpg\" alt=\"\" width=\"960\" height=\"386\" srcset=\"https:\/\/agora.xtec.cat\/escolawaldorfeltiller\/wp-content\/uploads\/usu2153\/2020\/04\/slide-2019.jpg 960w, https:\/\/agora.xtec.cat\/escolawaldorfeltiller\/wp-content\/uploads\/usu2153\/2020\/04\/slide-2019-300x121.jpg 300w, https:\/\/agora.xtec.cat\/escolawaldorfeltiller\/wp-content\/uploads\/usu2153\/2020\/04\/slide-2019-768x309.jpg 768w\" sizes=\"auto, (max-width: 960px) 100vw, 960px\" \/><\/a><\/p>\n","protected":false},"excerpt":{"rendered":"<p>A causa del confinament hem ampliat el per\u00edode d&#8217;inscripci\u00f3 de l&#8217;escola. En principi ajornem tamb\u00e9 les entrevistes. Us mantindrem informats.<a href=\"https:\/\/agora.xtec.cat\/escolawaldorfeltiller\/wp-content\/uploads\/usu2153\/2020\/04\/slide-2019.jpg\"><\/a><\/p>\n","protected":false},"author":1,"featured_media":0,"comment_status":"closed","ping_status":"closed","sticky":false,"template":"","format":"standard","meta":{"_bbp_topic_count":0,"_bbp_reply_count":0,"_bbp_total_topic_count":0,"_bbp_total_reply_count":0,"_bbp_voice_count":0,"_bbp_anonymous_reply_count":0,"_bbp_topic_count_hidden":0,"_bbp_reply_count_hidden":0,"_bbp_forum_subforum_count":0,"footnotes":""},"categories":[4],"tags":[],"class_list":["post-615","post","type-post","status-publish","format-standard","hentry","category-portada"],"post_mailing_queue_ids":[],"_links":{"self":[{"href":"https:\/\/agora.xtec.cat\/escolawaldorfeltiller\/wp-json\/wp\/v2\/posts\/615","targetHints":{"allow":["GET"]}}],"collection":[{"href":"https:\/\/agora.xtec.cat\/escolawaldorfeltiller\/wp-json\/wp\/v2\/posts"}],"about":[{"href":"https:\/\/agora.xtec.cat\/escolawaldorfeltiller\/wp-json\/wp\/v2\/types\/post"}],"author":[{"embeddable":true,"href":"https:\/\/agora.xtec.cat\/escolawaldorfeltiller\/wp-json\/wp\/v2\/users\/1"}],"replies":[{"embeddable":true,"href":"https:\/\/agora.xtec.cat\/escolawaldorfeltiller\/wp-json\/wp\/v2\/comments?post=615"}],"version-history":[{"count":1,"href":"https:\/\/agora.xtec.cat\/escolawaldorfeltiller\/wp-json\/wp\/v2\/posts\/615\/revisions"}],"predecessor-version":[{"id":616,"href":"https:\/\/agora.xtec.cat\/escolawaldorfeltiller\/wp-json\/wp\/v2\/posts\/615\/revisions\/616"}],"wp:attachment":[{"href":"https:\/\/agora.xtec.cat\/escolawaldorfeltiller\/wp-json\/wp\/v2\/media?parent=615"}],"wp:term":[{"taxonomy":"category","embeddable":true,"href":"https:\/\/agora.xtec.cat\/escolawaldorfeltiller\/wp-json\/wp\/v2\/categories?post=615"},{"taxonomy":"post_tag","embeddable":true,"href":"https:\/\/agora.xtec.cat\/escolawaldorfeltiller\/wp-json\/wp\/v2\/tags?post=615"}],"curies":[{"name":"wp","href":"https:\/\/api.w.org\/{rel}","templated":true}]}}