{"id":561,"date":"2020-04-06T00:08:11","date_gmt":"2020-04-05T22:08:11","guid":{"rendered":"https:\/\/agora.xtec.cat\/escolawaldorfeltiller\/?p=561"},"modified":"2020-04-06T02:59:11","modified_gmt":"2020-04-06T00:59:11","slug":"fare-la-meva-cullera","status":"publish","type":"post","link":"https:\/\/agora.xtec.cat\/escolawaldorfeltiller\/portada\/fare-la-meva-cullera\/","title":{"rendered":"Far\u00e9  la meva cullera"},"content":{"rendered":"<p><iframe loading=\"lazy\" src=\"\/\/player.vimeo.com\/video\/107023301?title=0&amp;amp;byline=0\" width=\"640\" height=\"360\" frameborder=\"0\" allowfullscreen=\"allowfullscreen\" data-mce-fragment=\"1\"><\/iframe><\/p>\n<p><a href=\"https:\/\/vimeo.com\/107023301\">Far\u00e9 la meva cullera<\/a> from <a href=\"https:\/\/vimeo.com\/escolawaldorf\">Escola Waldorf-El Til\u00b7ler<\/a> on <a href=\"https:\/\/vimeo.com\">Vimeo<\/a>.<\/p>\n<p class=\"first\">Durant el curs 2013-2014 hem seguit la feina dels nois i noies de cinqu\u00e8 de prim\u00e0ria al taller de forma. L&#8217;esfor\u00e7 per dominar la mat\u00e8ria ha estat gran. D&#8217;un tro\u00e7 de fusta n&#8217;han tret una cullera. Com deia Rudolf Steiner &#8220;En la vida, m\u00e9s valu\u00f3s que el saber, \u00e9s el cam\u00ed que es fa per a adquirir-lo&#8221;.<\/p>\n<p>&nbsp;<\/p>\n","protected":false},"excerpt":{"rendered":"<p><a href=\"https:\/\/vimeo.com\/107023301\">Far\u00e9 la meva cullera<\/a> from <a href=\"https:\/\/vimeo.com\/escolawaldorf\">Escola Waldorf-El Til\u00b7ler<\/a> on <a href=\"https:\/\/vimeo.com\">Vimeo<\/a>.<br \/>\nDurant el curs 2013-2014 hem seguit la feina dels nois i noies de cinqu\u00e8 de prim\u00e0ria al taller de forma. L&#8217;esfor\u00e7 per dominar la mat\u00e8ria ha estat gran. D&#8217;un tro\u00e7 de fusta n&#8217;han&hellip;  <a href=\"https:\/\/agora.xtec.cat\/escolawaldorfeltiller\/portada\/fare-la-meva-cullera\/\" title=\"Read Far\u00e9  la meva cullera\">Llegeix m\u00e9s\u00bb<\/a><\/p>\n","protected":false},"author":1,"featured_media":0,"comment_status":"closed","ping_status":"closed","sticky":false,"template":"","format":"standard","meta":{"_bbp_topic_count":0,"_bbp_reply_count":0,"_bbp_total_topic_count":0,"_bbp_total_reply_count":0,"_bbp_voice_count":0,"_bbp_anonymous_reply_count":0,"_bbp_topic_count_hidden":0,"_bbp_reply_count_hidden":0,"_bbp_forum_subforum_count":0,"footnotes":""},"categories":[4],"tags":[62],"class_list":["post-561","post","type-post","status-publish","format-standard","hentry","category-portada","tag-pedagogia-waldorf"],"post_mailing_queue_ids":[],"_links":{"self":[{"href":"https:\/\/agora.xtec.cat\/escolawaldorfeltiller\/wp-json\/wp\/v2\/posts\/561","targetHints":{"allow":["GET"]}}],"collection":[{"href":"https:\/\/agora.xtec.cat\/escolawaldorfeltiller\/wp-json\/wp\/v2\/posts"}],"about":[{"href":"https:\/\/agora.xtec.cat\/escolawaldorfeltiller\/wp-json\/wp\/v2\/types\/post"}],"author":[{"embeddable":true,"href":"https:\/\/agora.xtec.cat\/escolawaldorfeltiller\/wp-json\/wp\/v2\/users\/1"}],"replies":[{"embeddable":true,"href":"https:\/\/agora.xtec.cat\/escolawaldorfeltiller\/wp-json\/wp\/v2\/comments?post=561"}],"version-history":[{"count":1,"href":"https:\/\/agora.xtec.cat\/escolawaldorfeltiller\/wp-json\/wp\/v2\/posts\/561\/revisions"}],"predecessor-version":[{"id":565,"href":"https:\/\/agora.xtec.cat\/escolawaldorfeltiller\/wp-json\/wp\/v2\/posts\/561\/revisions\/565"}],"wp:attachment":[{"href":"https:\/\/agora.xtec.cat\/escolawaldorfeltiller\/wp-json\/wp\/v2\/media?parent=561"}],"wp:term":[{"taxonomy":"category","embeddable":true,"href":"https:\/\/agora.xtec.cat\/escolawaldorfeltiller\/wp-json\/wp\/v2\/categories?post=561"},{"taxonomy":"post_tag","embeddable":true,"href":"https:\/\/agora.xtec.cat\/escolawaldorfeltiller\/wp-json\/wp\/v2\/tags?post=561"}],"curies":[{"name":"wp","href":"https:\/\/api.w.org\/{rel}","templated":true}]}}