{"id":7,"count":1,"description":"<div class=\"adn ads\" data-message-id=\"#msg-f:1659409810556450203\" data-legacy-message-id=\"1707686e4703f59b\">\r\n<div class=\"gs\">\r\n<div class=\"\">\r\n<div id=\":186\" class=\"ii gt\">\r\n<div id=\":x6\" class=\"a3s aXjCH \">\r\n<div dir=\"ltr\">\r\n<p dir=\"ltr\"><strong>Escola de fam\u00edlies i mestres<\/strong><\/p>\r\n<p dir=\"ltr\">L\u2019escola de fam\u00edlies va n\u00e9ixer d\u2019un impuls de les fam\u00edlies i els mestres de l\u2019escola per tal d\u2019activar la xarxa social.<\/p>\r\n<p dir=\"ltr\">El\u00a0 que ens uneix i ens fa fer comunitat, el nostre nexe d\u2019uni\u00f3, s\u00f3n els infants, els nois, les noies i el prop\u00f2sit d\u2019acompanyar-los en la seva educaci\u00f3 a partir de la pedagogia Waldorf.<\/p>\r\n<p dir=\"ltr\">L\u2019escola de fam\u00edlies i mestres pret\u00e9n ser aquest espai que permeti la trobada entre totes i tots els membres de la comunitat, fent, sentint i pensant, per compartir i nodrir-nos tots plegats.<\/p>\r\n<p dir=\"ltr\">D\u2019aquesta manera la intenci\u00f3 \u00e9s poder presentar un calendari amb les diverses activitats que ja s\u2019estan fent i les noves que es faran. Esperem que sigui tan motivador com ho \u00e9s per a nosaltres.<\/p>\r\n<p dir=\"ltr\">Les fam\u00edlies i mestres que vulguin oferir algun tipus de taller, xerrada o activitat us podeu adre\u00e7ar a la\u00a0 Roc\u00edo ( mare de la Luc\u00eda i l\u2019Estela ) o a les mestres Gemma o l\u2019Ester.<\/p>\r\n<p dir=\"ltr\"><strong>Activitats regulars<\/strong><\/p>\r\n<p dir=\"ltr\"><strong><em>1.Coral de fam\u00edlies i mestres<\/em><\/strong> : Dijous de 14.15 a 15.15 hores a l\u2019aula de m\u00fasica. Direcci\u00f3 a c\u00e0rrec de la Valeria\u00a0 Araya<\/p>\r\n<p dir=\"ltr\">Singing is the actual mother tongue of the human being: for it is the most natural and simple way in which we are undividedly present and able to completely articulate ourselves \u2013 with all our experiences, feelings and hopes. Yehudi Menuhin-violinist<\/p>\r\n<p dir=\"ltr\">Cantar \u00e9s la llengua materna pr\u00f2pia de l'\u00e9sser hum\u00e0: ja que \u00e9s la manera m\u00e9s natural i senzilla en qu\u00e8 som presents i divergents, capa\u00e7os d'articular-nos completament, amb totes les nostres experi\u00e8ncies, sentiments i esperances.<\/p>\r\n<p dir=\"ltr\">Veniu a cantar a la coral de pares i mestres de l'Escola!<\/p>\r\n<p dir=\"ltr\">Assaigs els dijous a les 14.30 h a la aula de M\u00fasica<\/p>\r\n<p dir=\"ltr\">Activitat gratu\u00efta<\/p>\r\n<p dir=\"ltr\"><em><strong>2.La Cadira\u00a0 ( taller de teatre )<\/strong> <\/em>: Divendres de 19.00 a 21.00 hores. Taller a c\u00e0rrec del Roger Pall\u00e0s.<\/p>\r\n<p dir=\"ltr\">L'objectiu d'aquest taller \u00e9s experimentar en el m\u00f3n del teatre, i aix\u00ed descobrir coses que no sab\u00edem del teatre, coses no sab\u00edem que ten\u00edem, o b\u00e9 descobrir coses dels altres que tampoc sab\u00edem que tenien... en fi un embolic.<\/p>\r\n<p dir=\"ltr\">A trav\u00e9s d'aquestes 15 sessions estructurades amb dues parts: CONSCI\u00c8NCIA DE COS impartida per MARTA DURAN i T\u00c8CNICA ACTORAL impartida per ROGER PALL\u00c0S, intentarem trobar el moment de cadira per entregar generosament mil veritats.<\/p>\r\n<p dir=\"ltr\"><em><strong>3.Grup d\u2019estudi de la \u201cFilosof\u00eda de la libertad<\/strong><\/em>\u201d de Rudolf Steiner : Dimecres de 15.15 a 16.15 al grup dels Angelets.<\/p>\r\n<p dir=\"ltr\">Taller a c\u00e0rrec de la Ver\u00f2nica \u00c1lvarez ( mestra d\u2019educaci\u00f3 infantil de l\u2019escola)<\/p>\r\n<p dir=\"ltr\">Activitat gratu\u00efta<\/p>\r\n<p dir=\"ltr\"><em>4.Grup d\u2019estudi del \u201cCurso de econom\u00eda<\/em> \u201c de Rudolf Steiner Dimarts de 16.30 a 17.30 a la sala de reunions de secretaria.<\/p>\r\n<p dir=\"ltr\">Activitat gratu\u00efta.<\/p>\r\n<p dir=\"ltr\"><em><strong>5. Eur\u00edtmia Social:<\/strong><\/em> L'\u00faltim divendres de mes de 17 a 18 hores divendres\u00a0 a c\u00e0rrec de l'euritmista Noemi Rovira ( mare de l\u2019Helena de 10\u00e8 i de la Berta de 6\u00e8 )<\/p>\r\n<p dir=\"ltr\">\u00a0L\u2019eur\u00edtmia, l\u2019art de fer visible la paraula i la m\u00fasica, va ser creada per Rudolf Steiner en diferents \u00e0mbits: art\u00edstic, el pedag\u00f2gic i el terap\u00e8utic.<\/p>\r\n<p dir=\"ltr\">La proposta que us ofereixo, per\u00f2, \u00e9s la de l\u2019eur\u00edtmia social o, com es coneix en altres llocs, l\u2019eur\u00edtmia en el treball. Es tracta de crear viv\u00e8ncies interiors a partir del moviment que afavoreixin aspectes fonamentals per a\u00a0 un creixement saludable de qualsevol organitzaci\u00f3 social (escola, empresa, associaci\u00f3...), tot a trav\u00e9s de l\u2019eur\u00edtmia!<\/p>\r\n<p dir=\"ltr\"><em><strong>6. Taller de lires \u201cAprendre a tocar la lira<\/strong><\/em>\u201d: \u00a0Dilluns de 13 a 14 hores a la classe 12 a c\u00e0rrec de la Sara Pereira<\/p>\r\n<p dir=\"ltr\"><em><strong>7. Pilates i consci\u00e8ncia corporal<\/strong><\/em>: dimecres de 9-10h a la Sala d'Eur\u00edtmia a c\u00e0rrec de M\u00f3nica Fonseca (mare de Jordana de 5\u00e8 i Atzur d\u2019Infantil). La M\u00f3nica fa una donaci\u00f3 i els diners recaptats s\u00f3n per a fer millores al pati d\u2019infantil.<\/p>\r\n<p dir=\"ltr\">M\u00e8tode Pilates<\/p>\r\n<p dir=\"ltr\">El m\u00e8tode Pilates es un m\u00e8tode de moviment creat\u00a0 per en Joseph Hubertus Pilates al<\/p>\r\n<p dir=\"ltr\">1920.La\u00a0 intenci\u00f3 d\u2019en Joseph es millorar\u00a0 la vida de l\u2019individu a trav\u00e9s de<\/p>\r\n<p dir=\"ltr\">la consci\u00e8ncia i\u00a0 el control del cos.<\/p>\r\n<p dir=\"ltr\">\u201cSi el teu cos est\u00e0 sa, el teu estat emocional tindr\u00e0 m\u00e9s harmonia i podr\u00e0s enfrontar all\u00f2 que vingui amb m\u00e9s serenitat i enteresa\u201d Joseph H. Pilates<\/p>\r\n<p dir=\"ltr\"><strong><span style=\"font-size: large;\">Xerrades i Tallers puntuals<\/span><\/strong><\/p>\r\n<p dir=\"ltr\"><strong>GENER<\/strong><\/p>\r\n<p dir=\"ltr\">Divendres 17 de 15h a 16.30h Trobada amb \u00d3scar Vel\u00e1zquez (mestre Waldorf Argent\u00ed)<\/p>\r\n<p dir=\"ltr\"><em>Puentes entre las etapas educativas en la escuela Waldorf<\/em><\/p>\r\n<p dir=\"ltr\">Divendres 17 de 17-18h Trobada amb Joan Mel\u00e9<\/p>\r\n<p dir=\"ltr\"><em>\u00bfSomos seres humanos o marionetas? La educaci\u00f3n es la clave.<\/em><\/p>\r\n<p dir=\"ltr\">Divendres 31 de 15-16.30h Xerrada a c\u00e0rrec de\u00a0 la Begonya Saez Tajafuerce i la B\u00e0rbara Roig Isern (mares de l'escola). B\u00e0rbara Roig Isern, la seva feina se centra en la intersecci\u00f3 entre la cultura i l'educaci\u00f3, desenvolupa els projectes educatius del Centre de Cultura Contempor\u00e0nia de Barcelona (CCCB). Begonya Saez Tajafuerce \u00a0professora de filosofia a la UAB concernida per la reivindicaci\u00f3 feminista<\/p>\r\n<p dir=\"ltr\"><em>Els feminismes avui.<\/em><\/p>\r\n<p dir=\"ltr\">Qu\u00e8 \u00e9s el feminisme? Quina \u00e9s la seva hist\u00f2ria? Quants feminismes hi ha? Qu\u00e8 plantegen i com? De quina manera el feminisme transforma el m\u00f3n? Qu\u00e8 vol dir ser feminista? Amb aquesta xerrada us convidem a reprendre totes aquestes preguntes i tantes altres que tinguem sobre el feminisme i la relaci\u00f3 que hi establim o no hi establim.<\/p>\r\n<p dir=\"ltr\"><strong>FEBRER<\/strong><\/p>\r\n<p dir=\"ltr\">Divendres 21 de 15.00 a les 16.30 hores <em>CONTINUEM amb els feminismes<\/em><\/p>\r\n<p dir=\"ltr\"><strong>MAR\u00c7<\/strong><\/p>\r\n<p dir=\"ltr\">Divendres 6\u00a0 de 15.00 a 17.00 hores i dissabte 7 de 10 a 13 hores\u00a0 \u201c<em>Cicle de trobades per acompanyar a una adolesc\u00e8ncia saludable\u201d<\/em> a c\u00e0rrec d\u2019Ana Serra. Psicopedagoga, mestra i ex membre de l'equip directiu de l'escola Waldorf La Font<\/p>\r\n<p dir=\"ltr\">Divendres 13 de 15 a 16.30 hores <em>\u201cLa Cristalizaci\u00f3n sensible\u201d<\/em> a c\u00e0rrec de Rosalba Tedesco (mare de Luc\u00eda de 5\u00e8). Suspesa per l'estat d'alerta<\/p>\r\n<p dir=\"ltr\">Divendres 20 de 15 a 16.30 hores <em>\u201cPer qu\u00e8 escollim una escola Waldorf.<\/em> Qu\u00e8 ens aporta com a fam\u00edlia?\u201d a c\u00e0rrec de Patricia Su\u00f1\u00e9 (mare de l\u2019Axel de 5\u00e8) membre de la casa Rudolf Steiner de Barcelona. Suspesa per l'estat d'alerta<\/p>\r\n<p dir=\"ltr\">Divendres 27\u00a0 i 3 d\u2019abril de 15-16.30 hores a c\u00e0rrec de Xavier Salvador (mestre de Taller de l'escola) <em>Taller creatiu i vivencial del treball amb pedra. Suspesa per l'estat d'alerta\r\n<\/em><\/p>\r\n<p dir=\"ltr\"><strong>ABRIL<\/strong><\/p>\r\n<p dir=\"ltr\">Dissabte 18 a de 10 a 11.30 hores <em>Les ci\u00e8ncies a l'escola Waldorf a<\/em> c\u00e0rrec de Mireia Garcia Viloca (mestra de ci\u00e8ncies de l'escola i mare de l\u2019escola)<\/p>\r\n<p dir=\"ltr\">Divendres 24 de 15-16.30 hores a c\u00e0rrec de Georgina Escalante i Eva Garangou (mestres de lleng\u00fces de l'escola)\u00a0 <em>Paisatge an\u00edmic de les lleng\u00fces maternes<\/em><\/p>\r\n<p dir=\"ltr\"><strong>MAIG<\/strong><\/p>\r\n<p dir=\"ltr\">Divendres 22\u00a0 de 15.00 a 16.30 hores\u00a0 i Dissabte 23 de 10 a 12 hores Xerrada-Taller \u201c<em>Educar en consci\u00e8ncia\u201d<\/em> a c\u00e0rrec de la Marta Butjosa (mare del Roc i la Jana) mestra de secund\u00e0ria i terapeuta Gestalt.<\/p>\r\n<p dir=\"ltr\">JUNY<\/p>\r\nDivendres 5 de 15.00 a 17.00 hores \u00a0Xerrada-Taller \u201c <em>Com acompanyar la sexualitat dels nostres infants\u201d \u201c<\/em> a c\u00e0rrec de l\u2019Anna Salvia, psic\u00f2loga en educaci\u00f3 i salut sexual\r\n\r\n<\/div>\r\n<div class=\"yj6qo\"><\/div>\r\n<div class=\"adL\"><\/div>\r\n<\/div>\r\n<\/div>\r\n<div class=\"hi\"><\/div>\r\n<\/div>\r\n<\/div>\r\n<div class=\"ajx\"><\/div>\r\n<\/div>\r\n<div class=\"gA gt acV\">\r\n<div class=\"gB xu\">\r\n<div class=\"ip iq\">\r\n<div id=\":187\"><\/div>\r\n<\/div>\r\n<\/div>\r\n<\/div>\r\n<div class=\"nH bkK nn\">\r\n<div class=\"nH\">\r\n<div class=\"nH\">\r\n<div class=\"nH ar4 B\">\r\n<div class=\"aeI\">\r\n<div class=\"AO\">\r\n<div id=\":3\" class=\"Tm aeJ\">\r\n<div id=\":1\" class=\"aeF\">\r\n<div class=\"nH\">\r\n<div class=\"nH\" role=\"main\">\r\n<div class=\"nH g id\"><\/div>\r\n<\/div>\r\n<\/div>\r\n<\/div>\r\n<\/div>\r\n<\/div>\r\n<\/div>\r\n<\/div>\r\n<\/div>\r\n<\/div>\r\n<\/div>\r\n<div class=\"nH nn\">\r\n<div class=\"no\"><\/div>\r\n<div class=\"dJ\"><\/div>\r\n<\/div>\r\n<div class=\"nH bAw nn\">\r\n<div class=\"brC-aT5-aOt-Jw brC-aMv-auO\" role=\"complementary\" aria-label=\"Tauler lateral\">\r\n<div class=\"brC-aT5-aOt-bsf-Jw\"><\/div>\r\n<\/div>\r\n<\/div>\r\n<div class=\"brC-aT5-aOt-Jw brC-aMv-auO\" role=\"complementary\" aria-label=\"Tauler lateral\"><\/div>\r\n<div class=\"brC-dA-I-Jw brC-aMv-auO\" role=\"navigation\" aria-label=\"Desplega o replega el tauler lateral\"><\/div>","link":"https:\/\/agora.xtec.cat\/escolawaldorfeltiller\/categoria\/escola-de-families\/","name":"Escola de fam\u00edlies","slug":"escola-de-families","taxonomy":"category","parent":0,"meta":[],"_links":{"self":[{"href":"https:\/\/agora.xtec.cat\/escolawaldorfeltiller\/wp-json\/wp\/v2\/categories\/7","targetHints":{"allow":["GET"]}}],"collection":[{"href":"https:\/\/agora.xtec.cat\/escolawaldorfeltiller\/wp-json\/wp\/v2\/categories"}],"about":[{"href":"https:\/\/agora.xtec.cat\/escolawaldorfeltiller\/wp-json\/wp\/v2\/taxonomies\/category"}],"wp:post_type":[{"href":"https:\/\/agora.xtec.cat\/escolawaldorfeltiller\/wp-json\/wp\/v2\/posts?categories=7"}],"curies":[{"name":"wp","href":"https:\/\/api.w.org\/{rel}","templated":true}]}}