{"id":2715,"date":"2026-04-13T15:18:12","date_gmt":"2026-04-13T13:18:12","guid":{"rendered":"https:\/\/agora.xtec.cat\/escolaverntallat\/?p=2715"},"modified":"2026-04-13T15:18:12","modified_gmt":"2026-04-13T13:18:12","slug":"51e-concurs-literari-infantil-i-juvenil-omnium-garrotxa","status":"publish","type":"post","link":"https:\/\/agora.xtec.cat\/escolaverntallat\/general\/51e-concurs-literari-infantil-i-juvenil-omnium-garrotxa\/","title":{"rendered":"51\u00e8 concurs literari infantil i juvenil \u00d2mnium Garrotxa"},"content":{"rendered":"<p>A trav\u00e9s dels nostres cap grossos, les corrandes, can\u00e7ons i danses tradicionals, l&#8217;alumnat de cicle mitj\u00e0 i cicle superior ha posat en valor la cultura popular com a fil conductor en l&#8217;organitzaci\u00f3 del certamen literari d&#8217;\u00d2mnium Garrotxa d&#8217;aquest any.<\/p>\n<p>Feu clic a l&#8217;enlla\u00e7 per poder veure les imatges i v\u00eddeos.<\/p>\n<p><a href=\"https:\/\/photos.app.goo.gl\/ucmy9PTR4BtVSPucA\">ENLLA\u00c7<\/a><\/p>\n<p><a href=\"https:\/\/agora.xtec.cat\/escolaverntallat\/general\/51e-concurs-literari-infantil-i-juvenil-omnium-garrotxa\/attachment\/12a16bd8-cf8e-4871-9c32-5252138df686\/\" rel=\"attachment wp-att-2716\"><img loading=\"lazy\" decoding=\"async\" class=\"aligncenter size-large wp-image-2716\" src=\"https:\/\/agora.xtec.cat\/escolaverntallat\/wp-content\/uploads\/usu2647\/2026\/04\/12a16bd8-cf8e-4871-9c32-5252138df686-1024x768.jpg\" alt=\"\" width=\"1024\" height=\"768\" srcset=\"https:\/\/agora.xtec.cat\/escolaverntallat\/wp-content\/uploads\/usu2647\/2026\/04\/12a16bd8-cf8e-4871-9c32-5252138df686-1024x768.jpg 1024w, https:\/\/agora.xtec.cat\/escolaverntallat\/wp-content\/uploads\/usu2647\/2026\/04\/12a16bd8-cf8e-4871-9c32-5252138df686-300x225.jpg 300w, https:\/\/agora.xtec.cat\/escolaverntallat\/wp-content\/uploads\/usu2647\/2026\/04\/12a16bd8-cf8e-4871-9c32-5252138df686-768x576.jpg 768w, https:\/\/agora.xtec.cat\/escolaverntallat\/wp-content\/uploads\/usu2647\/2026\/04\/12a16bd8-cf8e-4871-9c32-5252138df686-1536x1152.jpg 1536w, https:\/\/agora.xtec.cat\/escolaverntallat\/wp-content\/uploads\/usu2647\/2026\/04\/12a16bd8-cf8e-4871-9c32-5252138df686.jpg 1600w\" sizes=\"auto, (max-width: 1024px) 100vw, 1024px\" \/><\/a><\/p>\n","protected":false},"excerpt":{"rendered":"<p>A trav\u00e9s dels nostres cap grossos, les corrandes, can\u00e7ons i danses tradicionals, l&#8217;alumnat de cicle mitj\u00e0 i cicle superior ha posat en valor la cultura popular com a fil conductor en l&#8217;organitzaci\u00f3 del certamen literari d&#8217;\u00d2mnium Garrotxa d&#8217;aquest any. Feu clic a l&#8217;enlla\u00e7 per poder veure les imatges i v\u00eddeos. ENLLA\u00c7<\/p>\n","protected":false},"author":3,"featured_media":2716,"comment_status":"open","ping_status":"open","sticky":false,"template":"","format":"standard","meta":{"_bbp_topic_count":0,"_bbp_reply_count":0,"_bbp_total_topic_count":0,"_bbp_total_reply_count":0,"_bbp_voice_count":0,"_bbp_anonymous_reply_count":0,"_bbp_topic_count_hidden":0,"_bbp_reply_count_hidden":0,"_bbp_forum_subforum_count":0,"site-sidebar-layout":"default","site-content-layout":"","ast-site-content-layout":"default","site-content-style":"default","site-sidebar-style":"default","ast-global-header-display":"","ast-banner-title-visibility":"","ast-main-header-display":"","ast-hfb-above-header-display":"","ast-hfb-below-header-display":"","ast-hfb-mobile-header-display":"","site-post-title":"","ast-breadcrumbs-content":"","ast-featured-img":"","footer-sml-layout":"","theme-transparent-header-meta":"default","adv-header-id-meta":"","stick-header-meta":"","header-above-stick-meta":"","header-main-stick-meta":"","header-below-stick-meta":"","astra-migrate-meta-layouts":"set","ast-page-background-enabled":"default","ast-page-background-meta":{"desktop":{"background-color":"var(--ast-global-color-4)","background-image":"","background-repeat":"repeat","background-position":"center center","background-size":"auto","background-attachment":"scroll","background-type":"","background-media":"","overlay-type":"","overlay-color":"","overlay-opacity":"","overlay-gradient":""},"tablet":{"background-color":"","background-image":"","background-repeat":"repeat","background-position":"center center","background-size":"auto","background-attachment":"scroll","background-type":"","background-media":"","overlay-type":"","overlay-color":"","overlay-opacity":"","overlay-gradient":""},"mobile":{"background-color":"","background-image":"","background-repeat":"repeat","background-position":"center center","background-size":"auto","background-attachment":"scroll","background-type":"","background-media":"","overlay-type":"","overlay-color":"","overlay-opacity":"","overlay-gradient":""}},"ast-content-background-meta":{"desktop":{"background-color":"var(--ast-global-color-5)","background-image":"","background-repeat":"repeat","background-position":"center center","background-size":"auto","background-attachment":"scroll","background-type":"","background-media":"","overlay-type":"","overlay-color":"","overlay-opacity":"","overlay-gradient":""},"tablet":{"background-color":"var(--ast-global-color-5)","background-image":"","background-repeat":"repeat","background-position":"center center","background-size":"auto","background-attachment":"scroll","background-type":"","background-media":"","overlay-type":"","overlay-color":"","overlay-opacity":"","overlay-gradient":""},"mobile":{"background-color":"var(--ast-global-color-5)","background-image":"","background-repeat":"repeat","background-position":"center center","background-size":"auto","background-attachment":"scroll","background-type":"","background-media":"","overlay-type":"","overlay-color":"","overlay-opacity":"","overlay-gradient":""}},"footnotes":""},"categories":[1,4],"tags":[120,152,142],"class_list":["post-2715","post","type-post","status-publish","format-standard","has-post-thumbnail","hentry","category-general","category-portada","tag-biblioteca","tag-lectura","tag-omnium"],"post_mailing_queue_ids":[],"_links":{"self":[{"href":"https:\/\/agora.xtec.cat\/escolaverntallat\/wp-json\/wp\/v2\/posts\/2715","targetHints":{"allow":["GET"]}}],"collection":[{"href":"https:\/\/agora.xtec.cat\/escolaverntallat\/wp-json\/wp\/v2\/posts"}],"about":[{"href":"https:\/\/agora.xtec.cat\/escolaverntallat\/wp-json\/wp\/v2\/types\/post"}],"author":[{"embeddable":true,"href":"https:\/\/agora.xtec.cat\/escolaverntallat\/wp-json\/wp\/v2\/users\/3"}],"replies":[{"embeddable":true,"href":"https:\/\/agora.xtec.cat\/escolaverntallat\/wp-json\/wp\/v2\/comments?post=2715"}],"version-history":[{"count":2,"href":"https:\/\/agora.xtec.cat\/escolaverntallat\/wp-json\/wp\/v2\/posts\/2715\/revisions"}],"predecessor-version":[{"id":2718,"href":"https:\/\/agora.xtec.cat\/escolaverntallat\/wp-json\/wp\/v2\/posts\/2715\/revisions\/2718"}],"wp:featuredmedia":[{"embeddable":true,"href":"https:\/\/agora.xtec.cat\/escolaverntallat\/wp-json\/wp\/v2\/media\/2716"}],"wp:attachment":[{"href":"https:\/\/agora.xtec.cat\/escolaverntallat\/wp-json\/wp\/v2\/media?parent=2715"}],"wp:term":[{"taxonomy":"category","embeddable":true,"href":"https:\/\/agora.xtec.cat\/escolaverntallat\/wp-json\/wp\/v2\/categories?post=2715"},{"taxonomy":"post_tag","embeddable":true,"href":"https:\/\/agora.xtec.cat\/escolaverntallat\/wp-json\/wp\/v2\/tags?post=2715"}],"curies":[{"name":"wp","href":"https:\/\/api.w.org\/{rel}","templated":true}]}}