{"id":2646,"date":"2026-02-02T15:58:42","date_gmt":"2026-02-02T14:58:42","guid":{"rendered":"https:\/\/agora.xtec.cat\/escolaverntallat\/?p=2646"},"modified":"2026-02-02T16:00:06","modified_gmt":"2026-02-02T15:00:06","slug":"dia-de-la-pau-2026","status":"publish","type":"post","link":"https:\/\/agora.xtec.cat\/escolaverntallat\/general\/dia-de-la-pau-2026\/","title":{"rendered":"Dia de la Pau 2026"},"content":{"rendered":"<p>El passat divendres 30 de gener vam celebrar el Dia de la Pau d&#8217;una manera molt especial.<\/p>\n<p>Vam tenir el plaer de compartir tota una matinal amb l&#8217;escola convidada de La B\u00f2bila, amb qui vam compartir jocs i un bon esmorzar!<\/p>\n<p>Gr\u00e0cies a tots els infants i mestres de La B\u00f2bila per fer possible aquest dia de la Pau tan bonic.<\/p>\n<p>Deixem un enlla\u00e7 amb m\u00e9s imatges d&#8217;aquest dia.<\/p>\n<p><a href=\"https:\/\/photos.app.goo.gl\/9AMPaaTP66wndG8r7\">ENLLA\u00c7<\/a><\/p>\n<p><a href=\"https:\/\/agora.xtec.cat\/escolaverntallat\/general\/dia-de-la-pau-2026\/attachment\/c338cf4c-b2ad-4a58-8ed8-e1c692626412\/\" rel=\"attachment wp-att-2647\"><img loading=\"lazy\" decoding=\"async\" class=\"aligncenter size-large wp-image-2647\" src=\"https:\/\/agora.xtec.cat\/escolaverntallat\/wp-content\/uploads\/usu2647\/2026\/02\/c338cf4c-b2ad-4a58-8ed8-e1c692626412-1024x768.jpg\" alt=\"\" width=\"1024\" height=\"768\" srcset=\"https:\/\/agora.xtec.cat\/escolaverntallat\/wp-content\/uploads\/usu2647\/2026\/02\/c338cf4c-b2ad-4a58-8ed8-e1c692626412-1024x768.jpg 1024w, https:\/\/agora.xtec.cat\/escolaverntallat\/wp-content\/uploads\/usu2647\/2026\/02\/c338cf4c-b2ad-4a58-8ed8-e1c692626412-300x225.jpg 300w, https:\/\/agora.xtec.cat\/escolaverntallat\/wp-content\/uploads\/usu2647\/2026\/02\/c338cf4c-b2ad-4a58-8ed8-e1c692626412-768x576.jpg 768w, https:\/\/agora.xtec.cat\/escolaverntallat\/wp-content\/uploads\/usu2647\/2026\/02\/c338cf4c-b2ad-4a58-8ed8-e1c692626412-1536x1152.jpg 1536w, https:\/\/agora.xtec.cat\/escolaverntallat\/wp-content\/uploads\/usu2647\/2026\/02\/c338cf4c-b2ad-4a58-8ed8-e1c692626412-200x150.jpg 200w, https:\/\/agora.xtec.cat\/escolaverntallat\/wp-content\/uploads\/usu2647\/2026\/02\/c338cf4c-b2ad-4a58-8ed8-e1c692626412.jpg 2048w\" sizes=\"auto, (max-width: 1024px) 100vw, 1024px\" \/><\/a><\/p>\n","protected":false},"excerpt":{"rendered":"<p>El passat divendres 30 de gener vam celebrar el Dia de la Pau d&#8217;una manera molt especial. Vam tenir el plaer de compartir tota una matinal amb l&#8217;escola convidada de La B\u00f2bila, amb qui vam compartir jocs i un bon esmorzar! Gr\u00e0cies a tots els infants i mestres de La B\u00f2bila per fer possible aquest [&hellip;]<\/p>\n","protected":false},"author":3,"featured_media":0,"comment_status":"open","ping_status":"open","sticky":false,"template":"","format":"standard","meta":{"_bbp_topic_count":0,"_bbp_reply_count":0,"_bbp_total_topic_count":0,"_bbp_total_reply_count":0,"_bbp_voice_count":0,"_bbp_anonymous_reply_count":0,"_bbp_topic_count_hidden":0,"_bbp_reply_count_hidden":0,"_bbp_forum_subforum_count":0,"site-sidebar-layout":"default","site-content-layout":"","ast-site-content-layout":"","site-content-style":"default","site-sidebar-style":"default","ast-global-header-display":"","ast-banner-title-visibility":"","ast-main-header-display":"","ast-hfb-above-header-display":"","ast-hfb-below-header-display":"","ast-hfb-mobile-header-display":"","site-post-title":"","ast-breadcrumbs-content":"","ast-featured-img":"","footer-sml-layout":"","theme-transparent-header-meta":"","adv-header-id-meta":"","stick-header-meta":"","header-above-stick-meta":"","header-main-stick-meta":"","header-below-stick-meta":"","astra-migrate-meta-layouts":"default","ast-page-background-enabled":"default","ast-page-background-meta":{"desktop":{"background-color":"var(--ast-global-color-4)","background-image":"","background-repeat":"repeat","background-position":"center center","background-size":"auto","background-attachment":"scroll","background-type":"","background-media":"","overlay-type":"","overlay-color":"","overlay-opacity":"","overlay-gradient":""},"tablet":{"background-color":"","background-image":"","background-repeat":"repeat","background-position":"center center","background-size":"auto","background-attachment":"scroll","background-type":"","background-media":"","overlay-type":"","overlay-color":"","overlay-opacity":"","overlay-gradient":""},"mobile":{"background-color":"","background-image":"","background-repeat":"repeat","background-position":"center center","background-size":"auto","background-attachment":"scroll","background-type":"","background-media":"","overlay-type":"","overlay-color":"","overlay-opacity":"","overlay-gradient":""}},"ast-content-background-meta":{"desktop":{"background-color":"var(--ast-global-color-5)","background-image":"","background-repeat":"repeat","background-position":"center center","background-size":"auto","background-attachment":"scroll","background-type":"","background-media":"","overlay-type":"","overlay-color":"","overlay-opacity":"","overlay-gradient":""},"tablet":{"background-color":"var(--ast-global-color-5)","background-image":"","background-repeat":"repeat","background-position":"center center","background-size":"auto","background-attachment":"scroll","background-type":"","background-media":"","overlay-type":"","overlay-color":"","overlay-opacity":"","overlay-gradient":""},"mobile":{"background-color":"var(--ast-global-color-5)","background-image":"","background-repeat":"repeat","background-position":"center center","background-size":"auto","background-attachment":"scroll","background-type":"","background-media":"","overlay-type":"","overlay-color":"","overlay-opacity":"","overlay-gradient":""}},"footnotes":""},"categories":[1,4],"tags":[],"class_list":["post-2646","post","type-post","status-publish","format-standard","hentry","category-general","category-portada"],"post_mailing_queue_ids":[],"_links":{"self":[{"href":"https:\/\/agora.xtec.cat\/escolaverntallat\/wp-json\/wp\/v2\/posts\/2646","targetHints":{"allow":["GET"]}}],"collection":[{"href":"https:\/\/agora.xtec.cat\/escolaverntallat\/wp-json\/wp\/v2\/posts"}],"about":[{"href":"https:\/\/agora.xtec.cat\/escolaverntallat\/wp-json\/wp\/v2\/types\/post"}],"author":[{"embeddable":true,"href":"https:\/\/agora.xtec.cat\/escolaverntallat\/wp-json\/wp\/v2\/users\/3"}],"replies":[{"embeddable":true,"href":"https:\/\/agora.xtec.cat\/escolaverntallat\/wp-json\/wp\/v2\/comments?post=2646"}],"version-history":[{"count":4,"href":"https:\/\/agora.xtec.cat\/escolaverntallat\/wp-json\/wp\/v2\/posts\/2646\/revisions"}],"predecessor-version":[{"id":2651,"href":"https:\/\/agora.xtec.cat\/escolaverntallat\/wp-json\/wp\/v2\/posts\/2646\/revisions\/2651"}],"wp:attachment":[{"href":"https:\/\/agora.xtec.cat\/escolaverntallat\/wp-json\/wp\/v2\/media?parent=2646"}],"wp:term":[{"taxonomy":"category","embeddable":true,"href":"https:\/\/agora.xtec.cat\/escolaverntallat\/wp-json\/wp\/v2\/categories?post=2646"},{"taxonomy":"post_tag","embeddable":true,"href":"https:\/\/agora.xtec.cat\/escolaverntallat\/wp-json\/wp\/v2\/tags?post=2646"}],"curies":[{"name":"wp","href":"https:\/\/api.w.org\/{rel}","templated":true}]}}