{"id":2570,"date":"2025-09-11T07:42:39","date_gmt":"2025-09-11T05:42:39","guid":{"rendered":"https:\/\/agora.xtec.cat\/escolaverntallat\/?p=2570"},"modified":"2025-09-12T17:30:08","modified_gmt":"2025-09-12T15:30:08","slug":"inici-de-curs-25-26","status":"publish","type":"post","link":"https:\/\/agora.xtec.cat\/escolaverntallat\/general\/inici-de-curs-25-26\/","title":{"rendered":"Inici de curs 25-26"},"content":{"rendered":"<p>&nbsp;<\/p>\n<p>El passat dimarts 9 de setembre, v\u00e0rem fer la XERRADA INAUGURAL DEL CURS 25-26 i vam convidar els autors de la can\u00e7\u00f3 de la Vall d\u2019en Bas.<\/p>\n<p>En Guillem i la Mariona d\u2019\u00c0nana M\u00fasica ens van presentar el seu projecte \u00c0nana M\u00fasica i ens van explicar qu\u00e8 s\u00f3n les \u00e0nanes: can\u00e7ons de vida, personalitzades i plenes d\u2019\u00e0nima, que esdevenen un regal molt especial. Una \u00e0nana parla d\u2019una persona des de la mirada d\u2019alg\u00fa que l\u2019estima i recull records i an\u00e8cdotes compartides, caracter\u00edstiques de la persona; com \u00e9s, qu\u00e8 li agrada fer, desitjos&#8230; Molts pares regalen \u00e0nanes als seus fills perqu\u00e8 els acompanyin sempre, com un amulet que els recordi qui s\u00f3n, i els faci sentir mirats, valorats i profundament estimats.<\/p>\n<p>Ens van explicar tot el proc\u00e9s de creaci\u00f3 de l\u2019\u00e0nana de la Vall: com es va recollir informaci\u00f3 i viv\u00e8ncies d\u2019infants, mestres i fam\u00edlies, i a partir d\u2019aquesta diversitat de mirades com es va teixir la lletra i la m\u00fasica que han donat vida a la nostra can\u00e7\u00f3. <span style=\"font-family: inherit; font-size: 1em;\">Van compartir com els infants descrivien la Vall com un gran espai obert de natura i llibertat, amb muntanyes, boscos, rius i gorgues per jugar, c\u00f3rrer, banyar-se, anar amb bicicleta, veure animals i con\u00e8ixer els arbres i viure aventures amb els amics. <\/span>Les mestres hi veien un lloc de calma i benestar, arrelat a la tradici\u00f3 i a la comunitat, amb un equilibri entre serenor i energia que feia de la Vall un entorn ideal per cr\u00e9ixer i aprendre.<\/p>\n<p>Les fam\u00edlies la percebien com un parad\u00eds i un privilegi, un lloc segur i acollidor on els infants podien cr\u00e9ixer sans i segurs, amb unes escoles que eren com una gran fam\u00edlia, plenes de caliu i vocaci\u00f3. Tot i els diferents punts de vista, hi havia una coincid\u00e8ncia clara: la Vall era natura, pau i comunitat; un lloc \u00fanic per cr\u00e9ixer lliures i feli\u00e7os, gaudint de les petites coses i de l\u2019alegria de compartir. Despr\u00e9s de compartir aquest proc\u00e9s, vam veure junts el v\u00eddeo de la can\u00e7\u00f3.<\/p>\n<p>Seguidament, els nens i nenes van tenir l\u2019espai per fer-los moltes preguntes: com es va gravar la can\u00e7\u00f3, quant temps varen trigar a fer-la, com els va venir la idea, com van fer algun pla que apareix al v\u00eddeo&#8230; Tenien molta curiositat!<\/p>\n<p>I, finalment, vam acabar cantant i ballant l\u2019\u00c0nana dels infants de la Vall d\u2019en Bas, un moment emocionant i compartit que ens recordava la for\u00e7a de la m\u00fasica, la sort que\u00a0 tenim de viure on vivim i de les persones que ens envolten.<\/p>\n<p>Per si alg\u00fa t\u00e9 inter\u00e8s a con\u00e8ixer una mica m\u00e9s el projecte \u00c0nana M\u00fasica, podeu visitar la seva web:\u00a0<a href=\"http:\/\/www.ananamusica.com\">www.ananamusica.com<\/a><\/p>\n<p>&nbsp;<\/p>\n<p><a href=\"https:\/\/photos.app.goo.gl\/zHca8LkhJAYgnP549\" target=\"_blank\" rel=\"noopener\"><img loading=\"lazy\" decoding=\"async\" class=\"aligncenter wp-image-2572\" src=\"https:\/\/agora.xtec.cat\/escolaverntallat\/wp-content\/uploads\/usu2647\/2025\/09\/Portada-inici-curs-2526.jpg\" alt=\"\" width=\"416\" height=\"500\" srcset=\"https:\/\/agora.xtec.cat\/escolaverntallat\/wp-content\/uploads\/usu2647\/2025\/09\/Portada-inici-curs-2526.jpg 665w, https:\/\/agora.xtec.cat\/escolaverntallat\/wp-content\/uploads\/usu2647\/2025\/09\/Portada-inici-curs-2526-249x300.jpg 249w\" sizes=\"auto, (max-width: 416px) 100vw, 416px\" \/><\/a><\/p>\n<p>&nbsp;<\/p>\n","protected":false},"excerpt":{"rendered":"<p>&nbsp; El passat dimarts 9 de setembre, v\u00e0rem fer la XERRADA INAUGURAL DEL CURS 25-26 i vam convidar els autors de la can\u00e7\u00f3 de la Vall d\u2019en Bas. En Guillem i la Mariona d\u2019\u00c0nana M\u00fasica ens van presentar el seu projecte \u00c0nana M\u00fasica i ens van explicar qu\u00e8 s\u00f3n les \u00e0nanes: can\u00e7ons de vida, personalitzades [&hellip;]<\/p>\n","protected":false},"author":3,"featured_media":0,"comment_status":"closed","ping_status":"open","sticky":false,"template":"","format":"standard","meta":{"_bbp_topic_count":0,"_bbp_reply_count":0,"_bbp_total_topic_count":0,"_bbp_total_reply_count":0,"_bbp_voice_count":0,"_bbp_anonymous_reply_count":0,"_bbp_topic_count_hidden":0,"_bbp_reply_count_hidden":0,"_bbp_forum_subforum_count":0,"site-sidebar-layout":"default","site-content-layout":"","ast-site-content-layout":"","site-content-style":"default","site-sidebar-style":"default","ast-global-header-display":"","ast-banner-title-visibility":"","ast-main-header-display":"","ast-hfb-above-header-display":"","ast-hfb-below-header-display":"","ast-hfb-mobile-header-display":"","site-post-title":"","ast-breadcrumbs-content":"","ast-featured-img":"","footer-sml-layout":"","theme-transparent-header-meta":"","adv-header-id-meta":"","stick-header-meta":"","header-above-stick-meta":"","header-main-stick-meta":"","header-below-stick-meta":"","astra-migrate-meta-layouts":"default","ast-page-background-enabled":"default","ast-page-background-meta":{"desktop":{"background-color":"var(--ast-global-color-4)","background-image":"","background-repeat":"repeat","background-position":"center center","background-size":"auto","background-attachment":"scroll","background-type":"","background-media":"","overlay-type":"","overlay-color":"","overlay-opacity":"","overlay-gradient":""},"tablet":{"background-color":"","background-image":"","background-repeat":"repeat","background-position":"center center","background-size":"auto","background-attachment":"scroll","background-type":"","background-media":"","overlay-type":"","overlay-color":"","overlay-opacity":"","overlay-gradient":""},"mobile":{"background-color":"","background-image":"","background-repeat":"repeat","background-position":"center center","background-size":"auto","background-attachment":"scroll","background-type":"","background-media":"","overlay-type":"","overlay-color":"","overlay-opacity":"","overlay-gradient":""}},"ast-content-background-meta":{"desktop":{"background-color":"var(--ast-global-color-5)","background-image":"","background-repeat":"repeat","background-position":"center center","background-size":"auto","background-attachment":"scroll","background-type":"","background-media":"","overlay-type":"","overlay-color":"","overlay-opacity":"","overlay-gradient":""},"tablet":{"background-color":"var(--ast-global-color-5)","background-image":"","background-repeat":"repeat","background-position":"center center","background-size":"auto","background-attachment":"scroll","background-type":"","background-media":"","overlay-type":"","overlay-color":"","overlay-opacity":"","overlay-gradient":""},"mobile":{"background-color":"var(--ast-global-color-5)","background-image":"","background-repeat":"repeat","background-position":"center center","background-size":"auto","background-attachment":"scroll","background-type":"","background-media":"","overlay-type":"","overlay-color":"","overlay-opacity":"","overlay-gradient":""}},"footnotes":""},"categories":[1,4],"tags":[147],"class_list":["post-2570","post","type-post","status-publish","format-standard","hentry","category-general","category-portada","tag-inici-curs"],"post_mailing_queue_ids":[],"_links":{"self":[{"href":"https:\/\/agora.xtec.cat\/escolaverntallat\/wp-json\/wp\/v2\/posts\/2570","targetHints":{"allow":["GET"]}}],"collection":[{"href":"https:\/\/agora.xtec.cat\/escolaverntallat\/wp-json\/wp\/v2\/posts"}],"about":[{"href":"https:\/\/agora.xtec.cat\/escolaverntallat\/wp-json\/wp\/v2\/types\/post"}],"author":[{"embeddable":true,"href":"https:\/\/agora.xtec.cat\/escolaverntallat\/wp-json\/wp\/v2\/users\/3"}],"replies":[{"embeddable":true,"href":"https:\/\/agora.xtec.cat\/escolaverntallat\/wp-json\/wp\/v2\/comments?post=2570"}],"version-history":[{"count":5,"href":"https:\/\/agora.xtec.cat\/escolaverntallat\/wp-json\/wp\/v2\/posts\/2570\/revisions"}],"predecessor-version":[{"id":2577,"href":"https:\/\/agora.xtec.cat\/escolaverntallat\/wp-json\/wp\/v2\/posts\/2570\/revisions\/2577"}],"wp:attachment":[{"href":"https:\/\/agora.xtec.cat\/escolaverntallat\/wp-json\/wp\/v2\/media?parent=2570"}],"wp:term":[{"taxonomy":"category","embeddable":true,"href":"https:\/\/agora.xtec.cat\/escolaverntallat\/wp-json\/wp\/v2\/categories?post=2570"},{"taxonomy":"post_tag","embeddable":true,"href":"https:\/\/agora.xtec.cat\/escolaverntallat\/wp-json\/wp\/v2\/tags?post=2570"}],"curies":[{"name":"wp","href":"https:\/\/api.w.org\/{rel}","templated":true}]}}