{"id":2404,"date":"2025-02-03T13:14:45","date_gmt":"2025-02-03T12:14:45","guid":{"rendered":"https:\/\/agora.xtec.cat\/escolaverntallat\/?p=2404"},"modified":"2025-03-10T20:15:49","modified_gmt":"2025-03-10T19:15:49","slug":"dia-de-la-pau-2025","status":"publish","type":"post","link":"https:\/\/agora.xtec.cat\/escolaverntallat\/general\/dia-de-la-pau-2025\/","title":{"rendered":"Dia de la Pau 2025"},"content":{"rendered":"<p>El passat dia 30 de gener de 2025 vam celebrar el Dia de la Pau conjuntament amb l&#8217;alumnat i l&#8217;equip docent de l&#8217;escola de la B\u00f2bila.<\/p>\n<p>Cliqueu la imatge per veure m\u00e9s fotos i v\u00eddeos.<\/p>\n<p><a href=\"https:\/\/photos.app.goo.gl\/zd146pNts5sWucHE9\" target=\"_blank\" rel=\"noopener\"><img loading=\"lazy\" decoding=\"async\" class=\"aligncenter wp-image-2403\" src=\"https:\/\/agora.xtec.cat\/escolaverntallat\/wp-content\/uploads\/usu2647\/2025\/02\/Dia-de-la-pau-2025-225x300.jpeg\" alt=\"\" width=\"300\" height=\"400\" srcset=\"https:\/\/agora.xtec.cat\/escolaverntallat\/wp-content\/uploads\/usu2647\/2025\/02\/Dia-de-la-pau-2025-225x300.jpeg 225w, https:\/\/agora.xtec.cat\/escolaverntallat\/wp-content\/uploads\/usu2647\/2025\/02\/Dia-de-la-pau-2025-768x1024.jpeg 768w, https:\/\/agora.xtec.cat\/escolaverntallat\/wp-content\/uploads\/usu2647\/2025\/02\/Dia-de-la-pau-2025-1152x1536.jpeg 1152w, https:\/\/agora.xtec.cat\/escolaverntallat\/wp-content\/uploads\/usu2647\/2025\/02\/Dia-de-la-pau-2025.jpeg 1200w\" sizes=\"auto, (max-width: 300px) 100vw, 300px\" \/><\/a><\/p>\n<p>&nbsp;<\/p>\n<p>V\u00eddeo de la can\u00e7\u00f3.<\/p>\n<p><a href=\"https:\/\/drive.google.com\/file\/d\/1FH1dQno1VIDmNhMwVgPy1KR6cLOxSsEs\/view?usp=drive_link\" target=\"_blank\" rel=\"attachment noopener wp-att-2447\"><img loading=\"lazy\" decoding=\"async\" class=\"aligncenter wp-image-2447 size-medium\" src=\"https:\/\/agora.xtec.cat\/escolaverntallat\/wp-content\/uploads\/usu2647\/2025\/03\/Dia-de-la-pau-300x124.jpg\" alt=\"\" width=\"300\" height=\"124\" srcset=\"https:\/\/agora.xtec.cat\/escolaverntallat\/wp-content\/uploads\/usu2647\/2025\/03\/Dia-de-la-pau-300x124.jpg 300w, https:\/\/agora.xtec.cat\/escolaverntallat\/wp-content\/uploads\/usu2647\/2025\/03\/Dia-de-la-pau-1024x423.jpg 1024w, https:\/\/agora.xtec.cat\/escolaverntallat\/wp-content\/uploads\/usu2647\/2025\/03\/Dia-de-la-pau-768x317.jpg 768w, https:\/\/agora.xtec.cat\/escolaverntallat\/wp-content\/uploads\/usu2647\/2025\/03\/Dia-de-la-pau-1536x635.jpg 1536w, https:\/\/agora.xtec.cat\/escolaverntallat\/wp-content\/uploads\/usu2647\/2025\/03\/Dia-de-la-pau-2048x846.jpg 2048w\" sizes=\"auto, (max-width: 300px) 100vw, 300px\" \/><\/a><\/p>\n<p>&nbsp;<\/p>\n","protected":false},"excerpt":{"rendered":"<p>El passat dia 30 de gener de 2025 vam celebrar el Dia de la Pau conjuntament amb l&#8217;alumnat i l&#8217;equip docent de l&#8217;escola de la B\u00f2bila. Cliqueu la imatge per veure m\u00e9s fotos i v\u00eddeos. &nbsp; V\u00eddeo de la can\u00e7\u00f3. &nbsp;<\/p>\n","protected":false},"author":3,"featured_media":0,"comment_status":"closed","ping_status":"closed","sticky":false,"template":"","format":"standard","meta":{"_bbp_topic_count":0,"_bbp_reply_count":0,"_bbp_total_topic_count":0,"_bbp_total_reply_count":0,"_bbp_voice_count":0,"_bbp_anonymous_reply_count":0,"_bbp_topic_count_hidden":0,"_bbp_reply_count_hidden":0,"_bbp_forum_subforum_count":0,"site-sidebar-layout":"default","site-content-layout":"","ast-site-content-layout":"","site-content-style":"default","site-sidebar-style":"default","ast-global-header-display":"","ast-banner-title-visibility":"","ast-main-header-display":"","ast-hfb-above-header-display":"","ast-hfb-below-header-display":"","ast-hfb-mobile-header-display":"","site-post-title":"","ast-breadcrumbs-content":"","ast-featured-img":"","footer-sml-layout":"","theme-transparent-header-meta":"","adv-header-id-meta":"","stick-header-meta":"","header-above-stick-meta":"","header-main-stick-meta":"","header-below-stick-meta":"","astra-migrate-meta-layouts":"default","ast-page-background-enabled":"default","ast-page-background-meta":{"desktop":{"background-color":"var(--ast-global-color-4)","background-image":"","background-repeat":"repeat","background-position":"center center","background-size":"auto","background-attachment":"scroll","background-type":"","background-media":"","overlay-type":"","overlay-color":"","overlay-opacity":"","overlay-gradient":""},"tablet":{"background-color":"","background-image":"","background-repeat":"repeat","background-position":"center center","background-size":"auto","background-attachment":"scroll","background-type":"","background-media":"","overlay-type":"","overlay-color":"","overlay-opacity":"","overlay-gradient":""},"mobile":{"background-color":"","background-image":"","background-repeat":"repeat","background-position":"center center","background-size":"auto","background-attachment":"scroll","background-type":"","background-media":"","overlay-type":"","overlay-color":"","overlay-opacity":"","overlay-gradient":""}},"ast-content-background-meta":{"desktop":{"background-color":"var(--ast-global-color-5)","background-image":"","background-repeat":"repeat","background-position":"center center","background-size":"auto","background-attachment":"scroll","background-type":"","background-media":"","overlay-type":"","overlay-color":"","overlay-opacity":"","overlay-gradient":""},"tablet":{"background-color":"var(--ast-global-color-5)","background-image":"","background-repeat":"repeat","background-position":"center center","background-size":"auto","background-attachment":"scroll","background-type":"","background-media":"","overlay-type":"","overlay-color":"","overlay-opacity":"","overlay-gradient":""},"mobile":{"background-color":"var(--ast-global-color-5)","background-image":"","background-repeat":"repeat","background-position":"center center","background-size":"auto","background-attachment":"scroll","background-type":"","background-media":"","overlay-type":"","overlay-color":"","overlay-opacity":"","overlay-gradient":""}},"footnotes":""},"categories":[1,4],"tags":[140],"class_list":["post-2404","post","type-post","status-publish","format-standard","hentry","category-general","category-portada","tag-dia-de-la-pau"],"post_mailing_queue_ids":[],"_links":{"self":[{"href":"https:\/\/agora.xtec.cat\/escolaverntallat\/wp-json\/wp\/v2\/posts\/2404","targetHints":{"allow":["GET"]}}],"collection":[{"href":"https:\/\/agora.xtec.cat\/escolaverntallat\/wp-json\/wp\/v2\/posts"}],"about":[{"href":"https:\/\/agora.xtec.cat\/escolaverntallat\/wp-json\/wp\/v2\/types\/post"}],"author":[{"embeddable":true,"href":"https:\/\/agora.xtec.cat\/escolaverntallat\/wp-json\/wp\/v2\/users\/3"}],"replies":[{"embeddable":true,"href":"https:\/\/agora.xtec.cat\/escolaverntallat\/wp-json\/wp\/v2\/comments?post=2404"}],"version-history":[{"count":4,"href":"https:\/\/agora.xtec.cat\/escolaverntallat\/wp-json\/wp\/v2\/posts\/2404\/revisions"}],"predecessor-version":[{"id":2456,"href":"https:\/\/agora.xtec.cat\/escolaverntallat\/wp-json\/wp\/v2\/posts\/2404\/revisions\/2456"}],"wp:attachment":[{"href":"https:\/\/agora.xtec.cat\/escolaverntallat\/wp-json\/wp\/v2\/media?parent=2404"}],"wp:term":[{"taxonomy":"category","embeddable":true,"href":"https:\/\/agora.xtec.cat\/escolaverntallat\/wp-json\/wp\/v2\/categories?post=2404"},{"taxonomy":"post_tag","embeddable":true,"href":"https:\/\/agora.xtec.cat\/escolaverntallat\/wp-json\/wp\/v2\/tags?post=2404"}],"curies":[{"name":"wp","href":"https:\/\/api.w.org\/{rel}","templated":true}]}}