{"id":1905,"date":"2023-10-02T16:56:12","date_gmt":"2023-10-02T14:56:12","guid":{"rendered":"https:\/\/agora.xtec.cat\/escolaverntallat\/?p=1905"},"modified":"2023-10-04T23:04:07","modified_gmt":"2023-10-04T21:04:07","slug":"anada-amb-bicicleta-a-lescola-23-24","status":"publish","type":"post","link":"https:\/\/agora.xtec.cat\/escolaverntallat\/general\/anada-amb-bicicleta-a-lescola-23-24\/","title":{"rendered":"Setmana de la mobilitat sostenible i anada amb bicicleta a l&#8217;escola 23-24"},"content":{"rendered":"<p>Durant l&#8217;\u00faltima setmana del mes de setembre s&#8217;ha portat a terme la &#8220;setmana de la mobilitat sostenible&#8221;.<\/p>\n<p>L&#8217;escola ha participat en les activitats del servei Catal\u00e0 de Tr\u00e0nsit on el\u00a0nostre alumnat ha pogut anar amb bicicleta per un circuit tot recordant la normativa b\u00e0sica de l&#8217;educaci\u00f3 vi\u00e0ria.<\/p>\n<p>Per finalitzar aquesta setmana l&#8217;AFA ha organitzat l&#8217;anada amb bicicleta a l&#8217;escola.<\/p>\n<p>A continuaci\u00f3 podeu veure un tastet de fotografies i v\u00eddeos d&#8217;aquestes activitats.<\/p>\n<p>Moltes gr\u00e0cies!<\/p>\n<p><a href=\"https:\/\/photos.app.goo.gl\/nrv71fnLqsmx1jSM8\" target=\"_blank\" rel=\"noopener\"><img loading=\"lazy\" decoding=\"async\" class=\"aligncenter wp-image-1907\" src=\"https:\/\/agora.xtec.cat\/escolaverntallat\/wp-content\/uploads\/usu2647\/2023\/10\/biciccletada-1rT-2324-portada.jpeg\" alt=\"\" width=\"600\" height=\"450\" srcset=\"https:\/\/agora.xtec.cat\/escolaverntallat\/wp-content\/uploads\/usu2647\/2023\/10\/biciccletada-1rT-2324-portada.jpeg 800w, https:\/\/agora.xtec.cat\/escolaverntallat\/wp-content\/uploads\/usu2647\/2023\/10\/biciccletada-1rT-2324-portada-300x225.jpeg 300w, https:\/\/agora.xtec.cat\/escolaverntallat\/wp-content\/uploads\/usu2647\/2023\/10\/biciccletada-1rT-2324-portada-768x576.jpeg 768w, https:\/\/agora.xtec.cat\/escolaverntallat\/wp-content\/uploads\/usu2647\/2023\/10\/biciccletada-1rT-2324-portada-200x150.jpeg 200w\" sizes=\"auto, (max-width: 600px) 100vw, 600px\" \/><\/a><\/p>\n","protected":false},"excerpt":{"rendered":"<p>Durant l&#8217;\u00faltima setmana del mes de setembre s&#8217;ha portat a terme la &#8220;setmana de la mobilitat sostenible&#8221;. L&#8217;escola ha participat en les activitats del servei Catal\u00e0 de Tr\u00e0nsit on el\u00a0nostre alumnat ha pogut anar amb bicicleta per un circuit tot recordant la normativa b\u00e0sica de l&#8217;educaci\u00f3 vi\u00e0ria. Per finalitzar aquesta setmana l&#8217;AFA ha organitzat l&#8217;anada [&hellip;]<\/p>\n","protected":false},"author":3,"featured_media":0,"comment_status":"closed","ping_status":"closed","sticky":false,"template":"","format":"standard","meta":{"_bbp_topic_count":0,"_bbp_reply_count":0,"_bbp_total_topic_count":0,"_bbp_total_reply_count":0,"_bbp_voice_count":0,"_bbp_anonymous_reply_count":0,"_bbp_topic_count_hidden":0,"_bbp_reply_count_hidden":0,"_bbp_forum_subforum_count":0,"site-sidebar-layout":"default","site-content-layout":"","ast-site-content-layout":"","site-content-style":"default","site-sidebar-style":"default","ast-global-header-display":"","ast-banner-title-visibility":"","ast-main-header-display":"","ast-hfb-above-header-display":"","ast-hfb-below-header-display":"","ast-hfb-mobile-header-display":"","site-post-title":"","ast-breadcrumbs-content":"","ast-featured-img":"","footer-sml-layout":"","theme-transparent-header-meta":"","adv-header-id-meta":"","stick-header-meta":"","header-above-stick-meta":"","header-main-stick-meta":"","header-below-stick-meta":"","astra-migrate-meta-layouts":"default","ast-page-background-enabled":"default","ast-page-background-meta":{"desktop":{"background-color":"var(--ast-global-color-4)","background-image":"","background-repeat":"repeat","background-position":"center center","background-size":"auto","background-attachment":"scroll","background-type":"","background-media":"","overlay-type":"","overlay-color":"","overlay-opacity":"","overlay-gradient":""},"tablet":{"background-color":"","background-image":"","background-repeat":"repeat","background-position":"center center","background-size":"auto","background-attachment":"scroll","background-type":"","background-media":"","overlay-type":"","overlay-color":"","overlay-opacity":"","overlay-gradient":""},"mobile":{"background-color":"","background-image":"","background-repeat":"repeat","background-position":"center center","background-size":"auto","background-attachment":"scroll","background-type":"","background-media":"","overlay-type":"","overlay-color":"","overlay-opacity":"","overlay-gradient":""}},"ast-content-background-meta":{"desktop":{"background-color":"var(--ast-global-color-5)","background-image":"","background-repeat":"repeat","background-position":"center center","background-size":"auto","background-attachment":"scroll","background-type":"","background-media":"","overlay-type":"","overlay-color":"","overlay-opacity":"","overlay-gradient":""},"tablet":{"background-color":"var(--ast-global-color-5)","background-image":"","background-repeat":"repeat","background-position":"center center","background-size":"auto","background-attachment":"scroll","background-type":"","background-media":"","overlay-type":"","overlay-color":"","overlay-opacity":"","overlay-gradient":""},"mobile":{"background-color":"var(--ast-global-color-5)","background-image":"","background-repeat":"repeat","background-position":"center center","background-size":"auto","background-attachment":"scroll","background-type":"","background-media":"","overlay-type":"","overlay-color":"","overlay-opacity":"","overlay-gradient":""}},"footnotes":""},"categories":[1,4],"tags":[121],"class_list":["post-1905","post","type-post","status-publish","format-standard","hentry","category-general","category-portada","tag-bicicleta"],"post_mailing_queue_ids":[],"_links":{"self":[{"href":"https:\/\/agora.xtec.cat\/escolaverntallat\/wp-json\/wp\/v2\/posts\/1905","targetHints":{"allow":["GET"]}}],"collection":[{"href":"https:\/\/agora.xtec.cat\/escolaverntallat\/wp-json\/wp\/v2\/posts"}],"about":[{"href":"https:\/\/agora.xtec.cat\/escolaverntallat\/wp-json\/wp\/v2\/types\/post"}],"author":[{"embeddable":true,"href":"https:\/\/agora.xtec.cat\/escolaverntallat\/wp-json\/wp\/v2\/users\/3"}],"replies":[{"embeddable":true,"href":"https:\/\/agora.xtec.cat\/escolaverntallat\/wp-json\/wp\/v2\/comments?post=1905"}],"version-history":[{"count":6,"href":"https:\/\/agora.xtec.cat\/escolaverntallat\/wp-json\/wp\/v2\/posts\/1905\/revisions"}],"predecessor-version":[{"id":1918,"href":"https:\/\/agora.xtec.cat\/escolaverntallat\/wp-json\/wp\/v2\/posts\/1905\/revisions\/1918"}],"wp:attachment":[{"href":"https:\/\/agora.xtec.cat\/escolaverntallat\/wp-json\/wp\/v2\/media?parent=1905"}],"wp:term":[{"taxonomy":"category","embeddable":true,"href":"https:\/\/agora.xtec.cat\/escolaverntallat\/wp-json\/wp\/v2\/categories?post=1905"},{"taxonomy":"post_tag","embeddable":true,"href":"https:\/\/agora.xtec.cat\/escolaverntallat\/wp-json\/wp\/v2\/tags?post=1905"}],"curies":[{"name":"wp","href":"https:\/\/api.w.org\/{rel}","templated":true}]}}