{"id":151,"count":3,"description":"<header class=\"entry-header\">\r\n<h1 class=\"entry-title\">BIBLIOTECA<\/h1>\r\n<\/header>\r\n<div class=\"entry-content\">\r\n<div>\r\n\r\nConsiderem la biblioteca escolar com un punt molt important dins del centre. \u00c9s per aix\u00f2 que fa tres anys que estem readaptant\u00a0l\u2019espai per tal que sigui molt acollidor, esporgant i actualitzant el cat\u00e0leg de llibres a partir de noves adquisicions o de donacions de fam\u00edlies!\r\n\r\n<\/div>\r\n<div>El servei de pr\u00e9stec per casa \u00e9s a partir de 3r de prim\u00e0ria i funciona a ple rendiment!<\/div>\r\n<div>\r\n\r\nAlhora hi ha un horari perqu\u00e8 tot l\u2019alumnat pugui anar-hi almenys una vegada a la setmana.\r\n\r\n<\/div>\r\n<div>\r\n\r\nL\u2019escola tamb\u00e9 est\u00e0 subscrita mensualment\u00a0 a diverses revistes. Considerem que aquestes aporten diversitat\u00a0de continguts, temes d\u2019actualitat i d\u2019aprofundiment\u00a0de temes molt variats.\r\n\r\n[slideshow_deploy id='2304']\r\n\r\n<\/div>\r\n<\/div>","link":"https:\/\/agora.xtec.cat\/escolaverntallat\/categoria\/biblioteca\/","name":"Biblioteca","slug":"biblioteca","taxonomy":"category","parent":0,"meta":[],"_links":{"self":[{"href":"https:\/\/agora.xtec.cat\/escolaverntallat\/wp-json\/wp\/v2\/categories\/151","targetHints":{"allow":["GET"]}}],"collection":[{"href":"https:\/\/agora.xtec.cat\/escolaverntallat\/wp-json\/wp\/v2\/categories"}],"about":[{"href":"https:\/\/agora.xtec.cat\/escolaverntallat\/wp-json\/wp\/v2\/taxonomies\/category"}],"wp:post_type":[{"href":"https:\/\/agora.xtec.cat\/escolaverntallat\/wp-json\/wp\/v2\/posts?categories=151"}],"curies":[{"name":"wp","href":"https:\/\/api.w.org\/{rel}","templated":true}]}}