{"id":7925,"date":"2015-12-14T14:43:49","date_gmt":"2015-12-14T13:43:49","guid":{"rendered":"http:\/\/www.escolaverd.cat\/?p=7925"},"modified":"2015-12-14T14:43:49","modified_gmt":"2015-12-14T13:43:49","slug":"visita-a-lajuntament-de-girona","status":"publish","type":"post","link":"https:\/\/agora.xtec.cat\/escolaverd\/general\/visita-a-lajuntament-de-girona\/","title":{"rendered":"Visita a l&#8217;Ajuntament de Girona"},"content":{"rendered":"<p>El dimecres 9 de desembre els de 3rB i 3rA vam anar a visitar l\u2019Ajuntament. All\u00e0 a l\u2019Ajuntament vam con\u00e8ixer un noi que es deia \u00c0lex, tenia 41 anys i era de Portugal. Ens va ensenyar l\u2019Ajuntament.<\/p>\n<p>Per comen\u00e7ar, ens va fer preguntes sobre les banderes de la fa\u00e7ana, Catalunya, Girona, on era el despatx de l\u2019alcalde&#8230; Si encert\u00e0vem les preguntes ens donava uns quants punts, a vegades 1, 6, o 5, i a vegades 10.<\/p>\n<p>Quan tot just vam entrar al pati de l\u2019entrada de la Sala de Plens i del Teatre Municipal vam veure una mena de cap amb una arbre a sobre, all\u00e0 vam fer m\u00e9s preguntes. Els que tenien m\u00e9s punts van ser capitans (tres), van escollir les persones del seu grup i vam entrar a la Sala de Plens.<\/p>\n<p>All\u00e0 dins, els capitans van decidir quins partits pol\u00edtics volien ser (CUP, PSC, CiU, ERC, PP, C\u2019s) i a quines cadires s\u2019asseien.<\/p>\n<p>Al cap d\u2019una estona vam escriure i imaginar com es podia millorar el pont de ferro de l\u2019Eiffel. Despr\u00e9s vam fer unes eleccions per votar quines eren les millors idees. Van guanyar les idees del grup de PSC i C\u2019s. El monitor ens ho va ensenyar perqu\u00e8 aprengu\u00e9ssim el que es fa a la Sala de Plens. Parlen de com es pot millorar la ciutat de Girona, voten la millor idea, i si la majoria voten que no, aquella idea no es pot fer.<\/p>\n<p>Per acabar, ens va venir a visitar l\u2019alcalde, en Carles Puigdemont, que ens va explicar que a la sala hi ha c\u00e0meres de v\u00eddeo perqu\u00e8 tothom ho pugui veure. \u00a0Diu que normalment es reuneixen de les vuit del vespre a les dues de la matinada.<\/p>\n<p>Els que no vam fer gaires punts no ens va agradar el joc de les preguntes de l\u2019\u00c0lex per\u00f2 a tots ens va fer molta il.lusi\u00f3 poder fer veure que \u00e9rem pol\u00edtics, decidir coses i poder-les votar.<\/p>\n<p>&nbsp;<\/p>\n\n","protected":false},"excerpt":{"rendered":"<p>El dimecres 9 de desembre els de 3rB i 3rA vam anar a visitar l\u2019Ajuntament. All\u00e0 a l\u2019Ajuntament vam con\u00e8ixer un noi que es deia \u00c0lex, tenia 41 anys i era de Portugal. Ens va ensenyar l\u2019Ajuntament. Per comen\u00e7ar, ens va fer preguntes sobre les banderes de la fa\u00e7ana, Catalunya, Girona, on era el despatx [&hellip;]<\/p>\n","protected":false},"author":3,"featured_media":7936,"comment_status":"open","ping_status":"open","sticky":false,"template":"","format":"standard","meta":{"_bbp_topic_count":0,"_bbp_reply_count":0,"_bbp_total_topic_count":0,"_bbp_total_reply_count":0,"_bbp_voice_count":0,"_bbp_anonymous_reply_count":0,"_bbp_topic_count_hidden":0,"_bbp_reply_count_hidden":0,"_bbp_forum_subforum_count":0,"site-sidebar-layout":"default","site-content-layout":"","ast-site-content-layout":"","site-content-style":"default","site-sidebar-style":"default","ast-global-header-display":"","ast-banner-title-visibility":"","ast-main-header-display":"","ast-hfb-above-header-display":"","ast-hfb-below-header-display":"","ast-hfb-mobile-header-display":"","site-post-title":"","ast-breadcrumbs-content":"","ast-featured-img":"","footer-sml-layout":"","theme-transparent-header-meta":"","adv-header-id-meta":"","stick-header-meta":"","header-above-stick-meta":"","header-main-stick-meta":"","header-below-stick-meta":"","astra-migrate-meta-layouts":"default","ast-page-background-enabled":"default","ast-page-background-meta":{"desktop":{"background-color":"var(--ast-global-color-4)","background-image":"","background-repeat":"repeat","background-position":"center center","background-size":"auto","background-attachment":"scroll","background-type":"","background-media":"","overlay-type":"","overlay-color":"","overlay-opacity":"","overlay-gradient":""},"tablet":{"background-color":"","background-image":"","background-repeat":"repeat","background-position":"center center","background-size":"auto","background-attachment":"scroll","background-type":"","background-media":"","overlay-type":"","overlay-color":"","overlay-opacity":"","overlay-gradient":""},"mobile":{"background-color":"","background-image":"","background-repeat":"repeat","background-position":"center center","background-size":"auto","background-attachment":"scroll","background-type":"","background-media":"","overlay-type":"","overlay-color":"","overlay-opacity":"","overlay-gradient":""}},"ast-content-background-meta":{"desktop":{"background-color":"var(--ast-global-color-5)","background-image":"","background-repeat":"repeat","background-position":"center center","background-size":"auto","background-attachment":"scroll","background-type":"","background-media":"","overlay-type":"","overlay-color":"","overlay-opacity":"","overlay-gradient":""},"tablet":{"background-color":"var(--ast-global-color-5)","background-image":"","background-repeat":"repeat","background-position":"center center","background-size":"auto","background-attachment":"scroll","background-type":"","background-media":"","overlay-type":"","overlay-color":"","overlay-opacity":"","overlay-gradient":""},"mobile":{"background-color":"var(--ast-global-color-5)","background-image":"","background-repeat":"repeat","background-position":"center center","background-size":"auto","background-attachment":"scroll","background-type":"","background-media":"","overlay-type":"","overlay-color":"","overlay-opacity":"","overlay-gradient":""}},"footnotes":""},"categories":[70,1,4],"tags":[],"class_list":["post-7925","post","type-post","status-publish","format-standard","has-post-thumbnail","hentry","category-3r","category-general","category-portada"],"post_mailing_queue_ids":[],"_links":{"self":[{"href":"https:\/\/agora.xtec.cat\/escolaverd\/wp-json\/wp\/v2\/posts\/7925","targetHints":{"allow":["GET"]}}],"collection":[{"href":"https:\/\/agora.xtec.cat\/escolaverd\/wp-json\/wp\/v2\/posts"}],"about":[{"href":"https:\/\/agora.xtec.cat\/escolaverd\/wp-json\/wp\/v2\/types\/post"}],"author":[{"embeddable":true,"href":"https:\/\/agora.xtec.cat\/escolaverd\/wp-json\/wp\/v2\/users\/3"}],"replies":[{"embeddable":true,"href":"https:\/\/agora.xtec.cat\/escolaverd\/wp-json\/wp\/v2\/comments?post=7925"}],"version-history":[{"count":0,"href":"https:\/\/agora.xtec.cat\/escolaverd\/wp-json\/wp\/v2\/posts\/7925\/revisions"}],"wp:featuredmedia":[{"embeddable":true,"href":"https:\/\/agora.xtec.cat\/escolaverd\/wp-json\/"}],"wp:attachment":[{"href":"https:\/\/agora.xtec.cat\/escolaverd\/wp-json\/wp\/v2\/media?parent=7925"}],"wp:term":[{"taxonomy":"category","embeddable":true,"href":"https:\/\/agora.xtec.cat\/escolaverd\/wp-json\/wp\/v2\/categories?post=7925"},{"taxonomy":"post_tag","embeddable":true,"href":"https:\/\/agora.xtec.cat\/escolaverd\/wp-json\/wp\/v2\/tags?post=7925"}],"curies":[{"name":"wp","href":"https:\/\/api.w.org\/{rel}","templated":true}]}}