{"id":7720,"date":"2015-11-30T17:23:42","date_gmt":"2015-11-30T16:23:42","guid":{"rendered":"http:\/\/www.escolaverd.cat\/?p=7720"},"modified":"2015-11-30T17:23:42","modified_gmt":"2015-11-30T16:23:42","slug":"el-consell-dinfants-ajuntament-de-girona","status":"publish","type":"post","link":"https:\/\/agora.xtec.cat\/escolaverd\/general\/el-consell-dinfants-ajuntament-de-girona\/","title":{"rendered":"El Consell d&#8217;infants &#8211; Ajuntament de Girona"},"content":{"rendered":"<p>El Consell d&#8217;infants \u00e9s un projecte per als nens i nenes de 5\u00e8 i 6\u00e8 de totes les escoles de Girona.<\/p>\n<p>Alg\u00fa pensa que els infants no podem intervenir en la pol\u00edtica per\u00f2, amb el Consell d&#8217;infants, tenim la possibilitat de fer-ho.<\/p>\n<p>Cada classe ha de triar un representant perqu\u00e8 vagi a l&#8217;ajuntament a presentar, als altres representants, les propostes de la seva\u00a0classe. Se&#8217;n far\u00e0 una tria i es far\u00e0 un debat a les classes per veure qu\u00e8 podem millorar de la nostra ciutat. Al final, el Consell d&#8217;infants far\u00e0 la proposta a l&#8217;ajuntament i, veurem si ho pot tirar endavant.<\/p>\n<p>Criem que \u00e9s un projecte que est\u00e0 ben pensat i \u00e9s diferent dels altres.<\/p>\n<p>Per triar el nostre representant, primer hem fet una pluja d&#8217;idees per saber les qualitats que ha de tenir un bon representant: ha de ser responsable i assistir a totes les reunions, ha d&#8217;explicar amb claredat, ordre, precisi\u00f3 i fidelitat les propostes de la seva classe (ja que no parla en nom propi sin\u00f3 en el de tota la classe), ha de ser correcte en el tracte i en el parlar, ha de superar la vergonya. Tamb\u00e9 ha de saber que ha d&#8217;escoltar les bones idees dels altres i que no ha d&#8217;imposar la seva perqu\u00e8 es tracta de buscar la millor idea.<\/p>\n<p>Despr\u00e9s de presentar les candidatures i fer les eleccions, els nostre representant al Consell d&#8217;infants \u00e9s en Guillem.<\/p>\n\n","protected":false},"excerpt":{"rendered":"<p>El Consell d&#8217;infants \u00e9s un projecte per als nens i nenes de 5\u00e8 i 6\u00e8 de totes les escoles de Girona. Alg\u00fa pensa que els infants no podem intervenir en la pol\u00edtica per\u00f2, amb el Consell d&#8217;infants, tenim la possibilitat de fer-ho. Cada classe ha de triar un representant perqu\u00e8 vagi a l&#8217;ajuntament a presentar, [&hellip;]<\/p>\n","protected":false},"author":24,"featured_media":7722,"comment_status":"open","ping_status":"open","sticky":false,"template":"","format":"standard","meta":{"_bbp_topic_count":0,"_bbp_reply_count":0,"_bbp_total_topic_count":0,"_bbp_total_reply_count":0,"_bbp_voice_count":0,"_bbp_anonymous_reply_count":0,"_bbp_topic_count_hidden":0,"_bbp_reply_count_hidden":0,"_bbp_forum_subforum_count":0,"site-sidebar-layout":"default","site-content-layout":"","ast-site-content-layout":"","site-content-style":"default","site-sidebar-style":"default","ast-global-header-display":"","ast-banner-title-visibility":"","ast-main-header-display":"","ast-hfb-above-header-display":"","ast-hfb-below-header-display":"","ast-hfb-mobile-header-display":"","site-post-title":"","ast-breadcrumbs-content":"","ast-featured-img":"","footer-sml-layout":"","theme-transparent-header-meta":"","adv-header-id-meta":"","stick-header-meta":"","header-above-stick-meta":"","header-main-stick-meta":"","header-below-stick-meta":"","astra-migrate-meta-layouts":"default","ast-page-background-enabled":"default","ast-page-background-meta":{"desktop":{"background-color":"var(--ast-global-color-4)","background-image":"","background-repeat":"repeat","background-position":"center center","background-size":"auto","background-attachment":"scroll","background-type":"","background-media":"","overlay-type":"","overlay-color":"","overlay-opacity":"","overlay-gradient":""},"tablet":{"background-color":"","background-image":"","background-repeat":"repeat","background-position":"center center","background-size":"auto","background-attachment":"scroll","background-type":"","background-media":"","overlay-type":"","overlay-color":"","overlay-opacity":"","overlay-gradient":""},"mobile":{"background-color":"","background-image":"","background-repeat":"repeat","background-position":"center center","background-size":"auto","background-attachment":"scroll","background-type":"","background-media":"","overlay-type":"","overlay-color":"","overlay-opacity":"","overlay-gradient":""}},"ast-content-background-meta":{"desktop":{"background-color":"var(--ast-global-color-5)","background-image":"","background-repeat":"repeat","background-position":"center center","background-size":"auto","background-attachment":"scroll","background-type":"","background-media":"","overlay-type":"","overlay-color":"","overlay-opacity":"","overlay-gradient":""},"tablet":{"background-color":"var(--ast-global-color-5)","background-image":"","background-repeat":"repeat","background-position":"center center","background-size":"auto","background-attachment":"scroll","background-type":"","background-media":"","overlay-type":"","overlay-color":"","overlay-opacity":"","overlay-gradient":""},"mobile":{"background-color":"var(--ast-global-color-5)","background-image":"","background-repeat":"repeat","background-position":"center center","background-size":"auto","background-attachment":"scroll","background-type":"","background-media":"","overlay-type":"","overlay-color":"","overlay-opacity":"","overlay-gradient":""}},"footnotes":""},"categories":[14,1],"tags":[],"class_list":["post-7720","post","type-post","status-publish","format-standard","has-post-thumbnail","hentry","category-5e","category-general"],"post_mailing_queue_ids":[],"_links":{"self":[{"href":"https:\/\/agora.xtec.cat\/escolaverd\/wp-json\/wp\/v2\/posts\/7720","targetHints":{"allow":["GET"]}}],"collection":[{"href":"https:\/\/agora.xtec.cat\/escolaverd\/wp-json\/wp\/v2\/posts"}],"about":[{"href":"https:\/\/agora.xtec.cat\/escolaverd\/wp-json\/wp\/v2\/types\/post"}],"author":[{"embeddable":true,"href":"https:\/\/agora.xtec.cat\/escolaverd\/wp-json\/wp\/v2\/users\/24"}],"replies":[{"embeddable":true,"href":"https:\/\/agora.xtec.cat\/escolaverd\/wp-json\/wp\/v2\/comments?post=7720"}],"version-history":[{"count":0,"href":"https:\/\/agora.xtec.cat\/escolaverd\/wp-json\/wp\/v2\/posts\/7720\/revisions"}],"wp:featuredmedia":[{"embeddable":true,"href":"https:\/\/agora.xtec.cat\/escolaverd\/wp-json\/"}],"wp:attachment":[{"href":"https:\/\/agora.xtec.cat\/escolaverd\/wp-json\/wp\/v2\/media?parent=7720"}],"wp:term":[{"taxonomy":"category","embeddable":true,"href":"https:\/\/agora.xtec.cat\/escolaverd\/wp-json\/wp\/v2\/categories?post=7720"},{"taxonomy":"post_tag","embeddable":true,"href":"https:\/\/agora.xtec.cat\/escolaverd\/wp-json\/wp\/v2\/tags?post=7720"}],"curies":[{"name":"wp","href":"https:\/\/api.w.org\/{rel}","templated":true}]}}