{"id":712,"date":"2013-09-22T22:27:59","date_gmt":"2013-09-22T20:27:59","guid":{"rendered":"http:\/\/www.escolaverd.cat\/?p=712"},"modified":"2013-09-22T22:27:59","modified_gmt":"2013-09-22T20:27:59","slug":"projecte-de-3-en-3","status":"publish","type":"post","link":"https:\/\/agora.xtec.cat\/escolaverd\/general\/projecte-de-3-en-3\/","title":{"rendered":"Projecte de 3 en 3"},"content":{"rendered":"<p><a href=\"http:\/\/www.escolaverd.cat\/wp-content\/uploads\/2013\/09\/3-en-3.jpg\"><img loading=\"lazy\" decoding=\"async\" class=\"alignleft size-medium wp-image-713\" alt=\"3 en 3\" src=\"http:\/\/www.escolaverd.cat\/wp-content\/uploads\/2013\/09\/3-en-3-350x141.jpg\" width=\"350\" height=\"141\" \/><\/a>Els nens i nenes de Cicle Inicial participaran en el projecte telem\u00e0tic cooperatiu De 3 en 3.\u00a0 \u00c9s un projecte pensat\u00a0 per treballar l&#8217;expressi\u00f3 escrita, concretament les endevinalles, els contes i els c\u00f2mics.<\/p>\n<p>El fil conductor del projecte s\u00f3n tres personatges que van guiant als nens i nenes durant el desenvolupament del projecte: l&#8217;Eustaqui, la Klissa i la Mina.<\/p>\n<p>Els nens i nenes de 1r participaran en la modalitat d&#8217;endevinalles i els de 2n en la modalitat de contes.<\/p>\n<p>Els alumnes de 2n del curs passat ja hi van participar. Si voleu fer una ullada als contes que van escriure els alumnes de les 43 classes participants podeu entrar al web del projecte\u00a0 <a href=\"http:\/\/www.callusdigital.org\/lacenet\/contes\/index2.htm\" target=\"_blank\" rel=\"noopener\">De 3 en 3<\/a> (cliqueu a enlla\u00e7os) o si el que voleu \u00e9s m\u00e9s informaci\u00f3 sobre els projectes\u00a0 podeu anar a <a href=\"http:\/\/www.callusdigital.org\/lacenet\/de3en3\/index2.htm\">endevinalles<\/a> o <a href=\"http:\/\/www.callusdigital.org\/lacenet\/contes\/index2.htm\" target=\"_blank\" rel=\"noopener\">contes<\/a>.<\/p>\n<p>&nbsp;<\/p>\n<p>&nbsp;<\/p>\n","protected":false},"excerpt":{"rendered":"<p>Els nens i nenes de Cicle Inicial participaran en el projecte telem\u00e0tic cooperatiu De 3 en 3.\u00a0 \u00c9s un projecte pensat\u00a0 per treballar l&#8217;expressi\u00f3 escrita, concretament les endevinalles, els contes i els c\u00f2mics. El fil conductor del projecte s\u00f3n tres personatges que van guiant als nens i nenes durant el desenvolupament del projecte: l&#8217;Eustaqui, la [&hellip;]<\/p>\n","protected":false},"author":16,"featured_media":718,"comment_status":"open","ping_status":"open","sticky":false,"template":"","format":"standard","meta":{"_bbp_topic_count":0,"_bbp_reply_count":0,"_bbp_total_topic_count":0,"_bbp_total_reply_count":0,"_bbp_voice_count":0,"_bbp_anonymous_reply_count":0,"_bbp_topic_count_hidden":0,"_bbp_reply_count_hidden":0,"_bbp_forum_subforum_count":0,"site-sidebar-layout":"default","site-content-layout":"","ast-site-content-layout":"","site-content-style":"default","site-sidebar-style":"default","ast-global-header-display":"","ast-banner-title-visibility":"","ast-main-header-display":"","ast-hfb-above-header-display":"","ast-hfb-below-header-display":"","ast-hfb-mobile-header-display":"","site-post-title":"","ast-breadcrumbs-content":"","ast-featured-img":"","footer-sml-layout":"","theme-transparent-header-meta":"","adv-header-id-meta":"","stick-header-meta":"","header-above-stick-meta":"","header-main-stick-meta":"","header-below-stick-meta":"","astra-migrate-meta-layouts":"default","ast-page-background-enabled":"default","ast-page-background-meta":{"desktop":{"background-color":"var(--ast-global-color-4)","background-image":"","background-repeat":"repeat","background-position":"center center","background-size":"auto","background-attachment":"scroll","background-type":"","background-media":"","overlay-type":"","overlay-color":"","overlay-opacity":"","overlay-gradient":""},"tablet":{"background-color":"","background-image":"","background-repeat":"repeat","background-position":"center center","background-size":"auto","background-attachment":"scroll","background-type":"","background-media":"","overlay-type":"","overlay-color":"","overlay-opacity":"","overlay-gradient":""},"mobile":{"background-color":"","background-image":"","background-repeat":"repeat","background-position":"center center","background-size":"auto","background-attachment":"scroll","background-type":"","background-media":"","overlay-type":"","overlay-color":"","overlay-opacity":"","overlay-gradient":""}},"ast-content-background-meta":{"desktop":{"background-color":"var(--ast-global-color-5)","background-image":"","background-repeat":"repeat","background-position":"center center","background-size":"auto","background-attachment":"scroll","background-type":"","background-media":"","overlay-type":"","overlay-color":"","overlay-opacity":"","overlay-gradient":""},"tablet":{"background-color":"var(--ast-global-color-5)","background-image":"","background-repeat":"repeat","background-position":"center center","background-size":"auto","background-attachment":"scroll","background-type":"","background-media":"","overlay-type":"","overlay-color":"","overlay-opacity":"","overlay-gradient":""},"mobile":{"background-color":"var(--ast-global-color-5)","background-image":"","background-repeat":"repeat","background-position":"center center","background-size":"auto","background-attachment":"scroll","background-type":"","background-media":"","overlay-type":"","overlay-color":"","overlay-opacity":"","overlay-gradient":""}},"footnotes":""},"categories":[78,79,1,4],"tags":[],"class_list":["post-712","post","type-post","status-publish","format-standard","has-post-thumbnail","hentry","category-1r","category-2n","category-general","category-portada"],"post_mailing_queue_ids":[],"_links":{"self":[{"href":"https:\/\/agora.xtec.cat\/escolaverd\/wp-json\/wp\/v2\/posts\/712","targetHints":{"allow":["GET"]}}],"collection":[{"href":"https:\/\/agora.xtec.cat\/escolaverd\/wp-json\/wp\/v2\/posts"}],"about":[{"href":"https:\/\/agora.xtec.cat\/escolaverd\/wp-json\/wp\/v2\/types\/post"}],"author":[{"embeddable":true,"href":"https:\/\/agora.xtec.cat\/escolaverd\/wp-json\/wp\/v2\/users\/16"}],"replies":[{"embeddable":true,"href":"https:\/\/agora.xtec.cat\/escolaverd\/wp-json\/wp\/v2\/comments?post=712"}],"version-history":[{"count":0,"href":"https:\/\/agora.xtec.cat\/escolaverd\/wp-json\/wp\/v2\/posts\/712\/revisions"}],"wp:featuredmedia":[{"embeddable":true,"href":"https:\/\/agora.xtec.cat\/escolaverd\/wp-json\/"}],"wp:attachment":[{"href":"https:\/\/agora.xtec.cat\/escolaverd\/wp-json\/wp\/v2\/media?parent=712"}],"wp:term":[{"taxonomy":"category","embeddable":true,"href":"https:\/\/agora.xtec.cat\/escolaverd\/wp-json\/wp\/v2\/categories?post=712"},{"taxonomy":"post_tag","embeddable":true,"href":"https:\/\/agora.xtec.cat\/escolaverd\/wp-json\/wp\/v2\/tags?post=712"}],"curies":[{"name":"wp","href":"https:\/\/api.w.org\/{rel}","templated":true}]}}