{"id":5979,"date":"2015-03-12T12:25:48","date_gmt":"2015-03-12T11:25:48","guid":{"rendered":"http:\/\/www.escolaverd.cat\/?p=5979"},"modified":"2015-03-12T12:25:48","modified_gmt":"2015-03-12T11:25:48","slug":"la-festa-a-la-cuina","status":"publish","type":"post","link":"https:\/\/agora.xtec.cat\/escolaverd\/general\/la-festa-a-la-cuina\/","title":{"rendered":"&#8220;LA FESTA A LA CUINA&#8221;"},"content":{"rendered":"<p>Avui dijous dia 12 de mar\u00e7, els nens i nenes de P3 hem anat de passeig per Girona per a anar a fer un activitat al Caixaf\u00f2rum, que es deia &#8220;La festa a la cuina&#8221;. Hi hem anat amb la M\u00aa del Vilar, la N\u00faria i la Gemma.<\/p>\n<p>Molt contents hem caminat pels carrers de la ciutat, tot explicant moltes cosetes i sempre agafats de dos en dos. Quan hem arribat al carrer Ciutadans, ja ens esperava en Pep per explicar-nos un conte molt xulo.<\/p>\n<p>Hem pujat fins al segon pis,&#8230;.uffff, que cansats! Per\u00f2 tamb\u00e9 molt il.lusionats!<\/p>\n<p>A la sala ens hem assegut ens un coix\u00ed cadasc\u00fa i ha comen\u00e7at l&#8217;aventura &#8230;<\/p>\n<p>Hi havia tamb\u00e9 una pantalla molt gran i un munt de material i estris que podem trobar en qualsevol cuina&#8230;per a qu\u00e8 serviria tot all\u00f2? Doncs, per a fer m\u00fasica. Hem simulat ser una orquestra i en Pep era el director. Hem tocat amb culleres de fusta, pots, palets xinos, tapes de cassoles, etc. (aix\u00f2 s\u00ed, sempre de manera organitzada)<\/p>\n<p>Tamb\u00e9 hem cantat can\u00e7ons, i \u00e9s que el conte que ens ha explicat en Pep anava sobre unes formigues que celebren un aniversari d&#8217;un escarbat i ho fan durant la mitjanit i en una cuina.<\/p>\n<p>Ens ha agradat molt\u00edssim, i si no mireu quines cares f\u00e8iem tots plegats en aquestes fotos.<\/p>\n\n<p>&nbsp;<\/p>\n","protected":false},"excerpt":{"rendered":"<p>Avui dijous dia 12 de mar\u00e7, els nens i nenes de P3 hem anat de passeig per Girona per a anar a fer un activitat al Caixaf\u00f2rum, que es deia &#8220;La festa a la cuina&#8221;. Hi hem anat amb la M\u00aa del Vilar, la N\u00faria i la Gemma. Molt contents hem caminat pels carrers de [&hellip;]<\/p>\n","protected":false},"author":18,"featured_media":5982,"comment_status":"open","ping_status":"open","sticky":false,"template":"","format":"standard","meta":{"_bbp_topic_count":0,"_bbp_reply_count":0,"_bbp_total_topic_count":0,"_bbp_total_reply_count":0,"_bbp_voice_count":0,"_bbp_anonymous_reply_count":0,"_bbp_topic_count_hidden":0,"_bbp_reply_count_hidden":0,"_bbp_forum_subforum_count":0,"site-sidebar-layout":"default","site-content-layout":"","ast-site-content-layout":"","site-content-style":"default","site-sidebar-style":"default","ast-global-header-display":"","ast-banner-title-visibility":"","ast-main-header-display":"","ast-hfb-above-header-display":"","ast-hfb-below-header-display":"","ast-hfb-mobile-header-display":"","site-post-title":"","ast-breadcrumbs-content":"","ast-featured-img":"","footer-sml-layout":"","theme-transparent-header-meta":"","adv-header-id-meta":"","stick-header-meta":"","header-above-stick-meta":"","header-main-stick-meta":"","header-below-stick-meta":"","astra-migrate-meta-layouts":"default","ast-page-background-enabled":"default","ast-page-background-meta":{"desktop":{"background-color":"var(--ast-global-color-4)","background-image":"","background-repeat":"repeat","background-position":"center center","background-size":"auto","background-attachment":"scroll","background-type":"","background-media":"","overlay-type":"","overlay-color":"","overlay-opacity":"","overlay-gradient":""},"tablet":{"background-color":"","background-image":"","background-repeat":"repeat","background-position":"center center","background-size":"auto","background-attachment":"scroll","background-type":"","background-media":"","overlay-type":"","overlay-color":"","overlay-opacity":"","overlay-gradient":""},"mobile":{"background-color":"","background-image":"","background-repeat":"repeat","background-position":"center center","background-size":"auto","background-attachment":"scroll","background-type":"","background-media":"","overlay-type":"","overlay-color":"","overlay-opacity":"","overlay-gradient":""}},"ast-content-background-meta":{"desktop":{"background-color":"var(--ast-global-color-5)","background-image":"","background-repeat":"repeat","background-position":"center center","background-size":"auto","background-attachment":"scroll","background-type":"","background-media":"","overlay-type":"","overlay-color":"","overlay-opacity":"","overlay-gradient":""},"tablet":{"background-color":"var(--ast-global-color-5)","background-image":"","background-repeat":"repeat","background-position":"center center","background-size":"auto","background-attachment":"scroll","background-type":"","background-media":"","overlay-type":"","overlay-color":"","overlay-opacity":"","overlay-gradient":""},"mobile":{"background-color":"var(--ast-global-color-5)","background-image":"","background-repeat":"repeat","background-position":"center center","background-size":"auto","background-attachment":"scroll","background-type":"","background-media":"","overlay-type":"","overlay-color":"","overlay-opacity":"","overlay-gradient":""}},"footnotes":""},"categories":[1,3],"tags":[],"class_list":["post-5979","post","type-post","status-publish","format-standard","has-post-thumbnail","hentry","category-general","category-i3"],"post_mailing_queue_ids":[],"_links":{"self":[{"href":"https:\/\/agora.xtec.cat\/escolaverd\/wp-json\/wp\/v2\/posts\/5979","targetHints":{"allow":["GET"]}}],"collection":[{"href":"https:\/\/agora.xtec.cat\/escolaverd\/wp-json\/wp\/v2\/posts"}],"about":[{"href":"https:\/\/agora.xtec.cat\/escolaverd\/wp-json\/wp\/v2\/types\/post"}],"author":[{"embeddable":true,"href":"https:\/\/agora.xtec.cat\/escolaverd\/wp-json\/wp\/v2\/users\/18"}],"replies":[{"embeddable":true,"href":"https:\/\/agora.xtec.cat\/escolaverd\/wp-json\/wp\/v2\/comments?post=5979"}],"version-history":[{"count":0,"href":"https:\/\/agora.xtec.cat\/escolaverd\/wp-json\/wp\/v2\/posts\/5979\/revisions"}],"wp:featuredmedia":[{"embeddable":true,"href":"https:\/\/agora.xtec.cat\/escolaverd\/wp-json\/"}],"wp:attachment":[{"href":"https:\/\/agora.xtec.cat\/escolaverd\/wp-json\/wp\/v2\/media?parent=5979"}],"wp:term":[{"taxonomy":"category","embeddable":true,"href":"https:\/\/agora.xtec.cat\/escolaverd\/wp-json\/wp\/v2\/categories?post=5979"},{"taxonomy":"post_tag","embeddable":true,"href":"https:\/\/agora.xtec.cat\/escolaverd\/wp-json\/wp\/v2\/tags?post=5979"}],"curies":[{"name":"wp","href":"https:\/\/api.w.org\/{rel}","templated":true}]}}