{"id":5964,"date":"2015-03-11T14:09:07","date_gmt":"2015-03-11T13:09:07","guid":{"rendered":"http:\/\/www.escolaverd.cat\/?p=5964"},"modified":"2015-03-11T14:09:07","modified_gmt":"2015-03-11T13:09:07","slug":"el-girones","status":"publish","type":"post","link":"https:\/\/agora.xtec.cat\/escolaverd\/general\/el-girones\/","title":{"rendered":"El Giron\u00e8s"},"content":{"rendered":"<p><strong>A les classes de TIC hem estat treballant a partir d&#8217;una webquest. Aquest treball consistia en fer una cerca sobre el Giron\u00e8s.<\/strong> <strong>Aqu\u00ed en podeu veure algunes de les informacions que hem trobat:<\/strong><\/p>\n<ul>\n<li>A la primera activitat s&#8217;havia de buscar el significat de la paraula cart\u00f2graf. La segona consistia en utilitzar el google maps per tal d&#8217;aprendre el seu funcionament. La tercera activitat es feia a partir de la web de Municat, on s&#8217;havia de descarregar el mapa de Catalunya i el del Giron\u00e8s. La quarta activitat consistia en fer una taula de dades amb totes les dades trobades i descarregar l&#8217;escut de Girona. Finalment, s&#8217;havia d&#8217;escriure tot all\u00f2 apr\u00e8s sobre el Giron\u00e8s.<\/li>\n<\/ul>\n<p><em>\u00a0\u00a0\u00a0\u00a0\u00a0\u00a0\u00a0\u00a0\u00a0 (Arnau i Lau)<\/em><\/p>\n<ul>\n<li>Una de les comarques de Catalunya \u00e9s el Giron\u00e8s, on vivim nosaltres. En aquest mapa es poden veure les poblacions que formen la comarca del Giron\u00e8s, al centre trobem la poblaci\u00f3 de Girona.<\/li>\n<\/ul>\n<p><em>\u00a0\u00a0\u00a0\u00a0\u00a0\u00a0\u00a0 (Carla i Iria)<\/em><\/p>\n<p>&nbsp;<\/p>\n<p><a href=\"http:\/\/www.escolaverd.cat\/wp-content\/uploads\/2015\/03\/giron\u00e8s_muni.jpg\"><img loading=\"lazy\" decoding=\"async\" class=\"  wp-image-5965 aligncenter\" src=\"http:\/\/www.escolaverd.cat\/wp-content\/uploads\/2015\/03\/giron\u00e8s_muni-284x350.jpg\" alt=\"giron\u00e8s_muni\" width=\"213\" height=\"262\" \/><\/a><\/p>\n<ul>\n<li>La comarca del Giron\u00e8s \u00e9s molt gran i t\u00e9 179.742 habitants. Aquesta comarca t\u00e9 moltes comarques lim\u00edtrofes: La Selva, el Pla de l&#8217;Estany, la Garrotxa, l&#8217;Alt Empord\u00e0 i el Baix Empord\u00e0.<\/li>\n<\/ul>\n<p><em>\u00a0\u00a0\u00a0\u00a0\u00a0\u00a0\u00a0\u00a0\u00a0 (Paula)<\/em><\/p>\n<ul>\n<li>T\u00e9 27 municipis: Aiguaviva, Bordils, Canet d&#8217;Adri, Celr\u00e0, Fla\u00e7\u00e0, Llagostera, Madremanya, Salt, Sant Gregori, Sant Jordi Desvalls, Sant Mart\u00ed de Ll\u00e9mena, Sarri\u00e0 de Ter, Viladasens, Bescan\u00f3, Campllong, Cass\u00e0 de la Selva, Cervi\u00e0 de Ter, Fornells de la Selva, Jui\u00e0, Llambilles, Quart, Sant Andreu Salou, Sant Joan de Mollet, Sant Juli\u00e0 de Ramis, Sant Mart\u00ed Vell, Vilablareix i Girona, que \u00e9s la capital.<\/li>\n<\/ul>\n<p><em>\u00a0\u00a0\u00a0\u00a0\u00a0\u00a0\u00a0\u00a0\u00a0 (Marc i Pau)<\/em><\/p>\n<ul>\n<li>La ciutat de Girona t\u00e9 97.292 habitants, la seva superf\u00edcie \u00e9s de 38, 37 km i est\u00e0 situada a 70 metres sobre el nivell del mar. El gentilici de la ciutat \u00e9s giron\u00ed. I tres de les poblacions properes s\u00f3n Bescan\u00f3, Salt i Quart.<\/li>\n<li>Aquest escut que presentem \u00e9s l&#8217;escut de Girona. Representa els quatre rius que travessen la ciutat sobre les quatre barres catalanes.<\/li>\n<\/ul>\n<p><em>\u00a0\u00a0\u00a0\u00a0\u00a0\u00a0\u00a0\u00a0\u00a0\u00a0 (Margaux i Joaquim)<\/em><\/p>\n<p>&nbsp;<\/p>\n<p><a href=\"http:\/\/www.escolaverd.cat\/wp-content\/uploads\/2015\/03\/2000px-Escut_darmes_de_Girona.svg_.png\"><img loading=\"lazy\" decoding=\"async\" class=\"aligncenter  wp-image-5966\" src=\"http:\/\/www.escolaverd.cat\/wp-content\/uploads\/2015\/03\/2000px-Escut_darmes_de_Girona.svg_-218x350.png\" alt=\"2000px-Escut_d'armes_de_Girona.svg\" width=\"168\" height=\"270\" \/><\/a><\/p>\n","protected":false},"excerpt":{"rendered":"<p>A les classes de TIC hem estat treballant a partir d&#8217;una webquest. Aquest treball consistia en fer una cerca sobre el Giron\u00e8s. Aqu\u00ed en podeu veure algunes de les informacions que hem trobat: A la primera activitat s&#8217;havia de buscar el significat de la paraula cart\u00f2graf. La segona consistia en utilitzar el google maps per [&hellip;]<\/p>\n","protected":false},"author":23,"featured_media":0,"comment_status":"open","ping_status":"open","sticky":false,"template":"","format":"standard","meta":{"_bbp_topic_count":0,"_bbp_reply_count":0,"_bbp_total_topic_count":0,"_bbp_total_reply_count":0,"_bbp_voice_count":0,"_bbp_anonymous_reply_count":0,"_bbp_topic_count_hidden":0,"_bbp_reply_count_hidden":0,"_bbp_forum_subforum_count":0,"site-sidebar-layout":"default","site-content-layout":"","ast-site-content-layout":"","site-content-style":"default","site-sidebar-style":"default","ast-global-header-display":"","ast-banner-title-visibility":"","ast-main-header-display":"","ast-hfb-above-header-display":"","ast-hfb-below-header-display":"","ast-hfb-mobile-header-display":"","site-post-title":"","ast-breadcrumbs-content":"","ast-featured-img":"","footer-sml-layout":"","theme-transparent-header-meta":"","adv-header-id-meta":"","stick-header-meta":"","header-above-stick-meta":"","header-main-stick-meta":"","header-below-stick-meta":"","astra-migrate-meta-layouts":"default","ast-page-background-enabled":"default","ast-page-background-meta":{"desktop":{"background-color":"var(--ast-global-color-4)","background-image":"","background-repeat":"repeat","background-position":"center center","background-size":"auto","background-attachment":"scroll","background-type":"","background-media":"","overlay-type":"","overlay-color":"","overlay-opacity":"","overlay-gradient":""},"tablet":{"background-color":"","background-image":"","background-repeat":"repeat","background-position":"center center","background-size":"auto","background-attachment":"scroll","background-type":"","background-media":"","overlay-type":"","overlay-color":"","overlay-opacity":"","overlay-gradient":""},"mobile":{"background-color":"","background-image":"","background-repeat":"repeat","background-position":"center center","background-size":"auto","background-attachment":"scroll","background-type":"","background-media":"","overlay-type":"","overlay-color":"","overlay-opacity":"","overlay-gradient":""}},"ast-content-background-meta":{"desktop":{"background-color":"var(--ast-global-color-5)","background-image":"","background-repeat":"repeat","background-position":"center center","background-size":"auto","background-attachment":"scroll","background-type":"","background-media":"","overlay-type":"","overlay-color":"","overlay-opacity":"","overlay-gradient":""},"tablet":{"background-color":"var(--ast-global-color-5)","background-image":"","background-repeat":"repeat","background-position":"center center","background-size":"auto","background-attachment":"scroll","background-type":"","background-media":"","overlay-type":"","overlay-color":"","overlay-opacity":"","overlay-gradient":""},"mobile":{"background-color":"var(--ast-global-color-5)","background-image":"","background-repeat":"repeat","background-position":"center center","background-size":"auto","background-attachment":"scroll","background-type":"","background-media":"","overlay-type":"","overlay-color":"","overlay-opacity":"","overlay-gradient":""}},"footnotes":""},"categories":[69,1],"tags":[],"class_list":["post-5964","post","type-post","status-publish","format-standard","hentry","category-4t","category-general"],"post_mailing_queue_ids":[],"_links":{"self":[{"href":"https:\/\/agora.xtec.cat\/escolaverd\/wp-json\/wp\/v2\/posts\/5964","targetHints":{"allow":["GET"]}}],"collection":[{"href":"https:\/\/agora.xtec.cat\/escolaverd\/wp-json\/wp\/v2\/posts"}],"about":[{"href":"https:\/\/agora.xtec.cat\/escolaverd\/wp-json\/wp\/v2\/types\/post"}],"author":[{"embeddable":true,"href":"https:\/\/agora.xtec.cat\/escolaverd\/wp-json\/wp\/v2\/users\/23"}],"replies":[{"embeddable":true,"href":"https:\/\/agora.xtec.cat\/escolaverd\/wp-json\/wp\/v2\/comments?post=5964"}],"version-history":[{"count":0,"href":"https:\/\/agora.xtec.cat\/escolaverd\/wp-json\/wp\/v2\/posts\/5964\/revisions"}],"wp:attachment":[{"href":"https:\/\/agora.xtec.cat\/escolaverd\/wp-json\/wp\/v2\/media?parent=5964"}],"wp:term":[{"taxonomy":"category","embeddable":true,"href":"https:\/\/agora.xtec.cat\/escolaverd\/wp-json\/wp\/v2\/categories?post=5964"},{"taxonomy":"post_tag","embeddable":true,"href":"https:\/\/agora.xtec.cat\/escolaverd\/wp-json\/wp\/v2\/tags?post=5964"}],"curies":[{"name":"wp","href":"https:\/\/api.w.org\/{rel}","templated":true}]}}