{"id":5903,"date":"2015-03-17T11:53:29","date_gmt":"2015-03-17T10:53:29","guid":{"rendered":"http:\/\/www.escolaverd.cat\/?p=5903"},"modified":"2015-03-17T11:53:29","modified_gmt":"2015-03-17T10:53:29","slug":"anem-a-veure-la-catedral","status":"publish","type":"post","link":"https:\/\/agora.xtec.cat\/escolaverd\/general\/anem-a-veure-la-catedral\/","title":{"rendered":"ANEM A VEURE LA CATEDRAL"},"content":{"rendered":"<p>Aquest any a P3 hem estudiat l&#8217;\u00e0ngel de la catedral. \u00c9s l&#8217;\u00e0ngel Miquel i est\u00e0 fet de bronze. Es troba al punt m\u00e9s alt de la catedral, i gira segons el vent on bufa.<\/p>\n<p>El dimecres dia 25 de febrer vam sortir de passeig per anar a visitar la catedral. Des de l&#8217;escola no la v\u00e8iem per\u00f2 a mesura que ens an\u00e0vem acostant a la Pla\u00e7a Catalunya, ja la visualitz\u00e0vem. Primer l&#8217;\u00e0ngel era molt petit, i a mesura que an\u00e0vem caminant, cada vegada s&#8217;anava fent m\u00e9s gran. Vam passar pel pont de pedra, on vam veure alguns \u00e0necs. Despr\u00e9s tamb\u00e9 vam passar pel pont de ferro i des de la rambla vam anar seguint amunt cap al carrer de la For\u00e7a, fins arribar a la catedral. Uff, quantes escales que hi ha!!!! Per\u00f2 les vam pujar totes ben contents!!! Aix\u00f2 s\u00ed, despr\u00e9s vam esmorzar pa amb xocolata. Mmmmmm, que bo que estava!! Sabeu qu\u00e8 vam veure tamb\u00e9? Doncs, la bruixa de la catedral, que est\u00e0 penjada de la paret i mirant a terra.<\/p>\n<p>Quan torn\u00e0vem, vam entrar al museu d&#8217;hist\u00f2ria de la ciutat on hi ha exposat durant uns dies l&#8217;\u00e0ngel posterior al d&#8217;ara (el segon \u00e0ngel, que es va trencar amb les bombes). Ens va fer molta gr\u00e0cia poder-lo veure de tan aprop.<\/p>\n<p>Ens va agradar molt anar a visitar la catedral. Gr\u00e0cies!<\/p>\n\n","protected":false},"excerpt":{"rendered":"<p>Aquest any a P3 hem estudiat l&#8217;\u00e0ngel de la catedral. \u00c9s l&#8217;\u00e0ngel Miquel i est\u00e0 fet de bronze. Es troba al punt m\u00e9s alt de la catedral, i gira segons el vent on bufa. El dimecres dia 25 de febrer vam sortir de passeig per anar a visitar la catedral. Des de l&#8217;escola no la [&hellip;]<\/p>\n","protected":false},"author":18,"featured_media":5930,"comment_status":"open","ping_status":"open","sticky":false,"template":"","format":"standard","meta":{"_bbp_topic_count":0,"_bbp_reply_count":0,"_bbp_total_topic_count":0,"_bbp_total_reply_count":0,"_bbp_voice_count":0,"_bbp_anonymous_reply_count":0,"_bbp_topic_count_hidden":0,"_bbp_reply_count_hidden":0,"_bbp_forum_subforum_count":0,"site-sidebar-layout":"default","site-content-layout":"","ast-site-content-layout":"","site-content-style":"default","site-sidebar-style":"default","ast-global-header-display":"","ast-banner-title-visibility":"","ast-main-header-display":"","ast-hfb-above-header-display":"","ast-hfb-below-header-display":"","ast-hfb-mobile-header-display":"","site-post-title":"","ast-breadcrumbs-content":"","ast-featured-img":"","footer-sml-layout":"","theme-transparent-header-meta":"","adv-header-id-meta":"","stick-header-meta":"","header-above-stick-meta":"","header-main-stick-meta":"","header-below-stick-meta":"","astra-migrate-meta-layouts":"default","ast-page-background-enabled":"default","ast-page-background-meta":{"desktop":{"background-color":"var(--ast-global-color-4)","background-image":"","background-repeat":"repeat","background-position":"center center","background-size":"auto","background-attachment":"scroll","background-type":"","background-media":"","overlay-type":"","overlay-color":"","overlay-opacity":"","overlay-gradient":""},"tablet":{"background-color":"","background-image":"","background-repeat":"repeat","background-position":"center center","background-size":"auto","background-attachment":"scroll","background-type":"","background-media":"","overlay-type":"","overlay-color":"","overlay-opacity":"","overlay-gradient":""},"mobile":{"background-color":"","background-image":"","background-repeat":"repeat","background-position":"center center","background-size":"auto","background-attachment":"scroll","background-type":"","background-media":"","overlay-type":"","overlay-color":"","overlay-opacity":"","overlay-gradient":""}},"ast-content-background-meta":{"desktop":{"background-color":"var(--ast-global-color-5)","background-image":"","background-repeat":"repeat","background-position":"center center","background-size":"auto","background-attachment":"scroll","background-type":"","background-media":"","overlay-type":"","overlay-color":"","overlay-opacity":"","overlay-gradient":""},"tablet":{"background-color":"var(--ast-global-color-5)","background-image":"","background-repeat":"repeat","background-position":"center center","background-size":"auto","background-attachment":"scroll","background-type":"","background-media":"","overlay-type":"","overlay-color":"","overlay-opacity":"","overlay-gradient":""},"mobile":{"background-color":"var(--ast-global-color-5)","background-image":"","background-repeat":"repeat","background-position":"center center","background-size":"auto","background-attachment":"scroll","background-type":"","background-media":"","overlay-type":"","overlay-color":"","overlay-opacity":"","overlay-gradient":""}},"footnotes":""},"categories":[1,3,4],"tags":[],"class_list":["post-5903","post","type-post","status-publish","format-standard","has-post-thumbnail","hentry","category-general","category-i3","category-portada"],"post_mailing_queue_ids":[],"_links":{"self":[{"href":"https:\/\/agora.xtec.cat\/escolaverd\/wp-json\/wp\/v2\/posts\/5903","targetHints":{"allow":["GET"]}}],"collection":[{"href":"https:\/\/agora.xtec.cat\/escolaverd\/wp-json\/wp\/v2\/posts"}],"about":[{"href":"https:\/\/agora.xtec.cat\/escolaverd\/wp-json\/wp\/v2\/types\/post"}],"author":[{"embeddable":true,"href":"https:\/\/agora.xtec.cat\/escolaverd\/wp-json\/wp\/v2\/users\/18"}],"replies":[{"embeddable":true,"href":"https:\/\/agora.xtec.cat\/escolaverd\/wp-json\/wp\/v2\/comments?post=5903"}],"version-history":[{"count":0,"href":"https:\/\/agora.xtec.cat\/escolaverd\/wp-json\/wp\/v2\/posts\/5903\/revisions"}],"wp:featuredmedia":[{"embeddable":true,"href":"https:\/\/agora.xtec.cat\/escolaverd\/wp-json\/"}],"wp:attachment":[{"href":"https:\/\/agora.xtec.cat\/escolaverd\/wp-json\/wp\/v2\/media?parent=5903"}],"wp:term":[{"taxonomy":"category","embeddable":true,"href":"https:\/\/agora.xtec.cat\/escolaverd\/wp-json\/wp\/v2\/categories?post=5903"},{"taxonomy":"post_tag","embeddable":true,"href":"https:\/\/agora.xtec.cat\/escolaverd\/wp-json\/wp\/v2\/tags?post=5903"}],"curies":[{"name":"wp","href":"https:\/\/api.w.org\/{rel}","templated":true}]}}