{"id":4974,"date":"2014-12-15T09:00:14","date_gmt":"2014-12-15T08:00:14","guid":{"rendered":"http:\/\/www.escolaverd.cat\/?p=4974"},"modified":"2014-12-15T09:00:14","modified_gmt":"2014-12-15T08:00:14","slug":"tercera-fira-de-nadal","status":"publish","type":"post","link":"https:\/\/agora.xtec.cat\/escolaverd\/general\/tercera-fira-de-nadal\/","title":{"rendered":"Tercera Fira de Nadal, divendres 19 de desembre."},"content":{"rendered":"<p><a href=\"http:\/\/www.escolaverd.cat\/wp-content\/uploads\/2014\/12\/logo-marat\u00f3.jpg\"><img loading=\"lazy\" decoding=\"async\" class=\"alignleft wp-image-5081 size-full\" src=\"http:\/\/www.escolaverd.cat\/wp-content\/uploads\/2014\/12\/logo-marat\u00f3.jpg\" alt=\"logo marat\u00f3\" width=\"271\" height=\"52\" \/><\/a>El divendres, 19 de desembre, us esperem al pati de l&#8217;escola per celebrar la tercera Fira de Nadal.<\/p>\n<p>Podreu comprar \u00a0els treballs que, \u00a0el dimarts 16, \u00a0s&#8217;hauran \u00a0elaborat en els tallers intercicles. Els diners recollits s\u00f3n per col\u00b7laborar amb la Marat\u00f3 de TV3.<\/p>\n<p><span style=\"font-size: large;\"><strong>La fira comen\u00e7ar\u00e0 a 2\/4 de 4, a les 4h podreu escoltar nadales, a c\u00e0rrec dels alumnes de l&#8217;escola i a 2\/4 de 5h\u00a0 l&#8217;AMPA us convida a la xocolatada.<br \/>\n<\/strong><\/span><\/p>\n<p><a href=\"http:\/\/www.escolaverd.cat\/wp-content\/uploads\/2014\/12\/cartell-FIRA-2.jpg\"><img loading=\"lazy\" decoding=\"async\" class=\"aligncenter size-medium wp-image-5180\" src=\"http:\/\/www.escolaverd.cat\/wp-content\/uploads\/2014\/12\/cartell-FIRA-2-350x195.jpg\" alt=\"cartell FIRA (2)\" width=\"350\" height=\"195\" \/><\/a><\/p>\n","protected":false},"excerpt":{"rendered":"<p>El divendres, 19 de desembre, us esperem al pati de l&#8217;escola per celebrar la tercera Fira de Nadal. Podreu comprar \u00a0els treballs que, \u00a0el dimarts 16, \u00a0s&#8217;hauran \u00a0elaborat en els tallers intercicles. Els diners recollits s\u00f3n per col\u00b7laborar amb la Marat\u00f3 de TV3. La fira comen\u00e7ar\u00e0 a 2\/4 de 4, a les 4h podreu escoltar [&hellip;]<\/p>\n","protected":false},"author":16,"featured_media":5180,"comment_status":"open","ping_status":"open","sticky":false,"template":"","format":"standard","meta":{"_bbp_topic_count":0,"_bbp_reply_count":0,"_bbp_total_topic_count":0,"_bbp_total_reply_count":0,"_bbp_voice_count":0,"_bbp_anonymous_reply_count":0,"_bbp_topic_count_hidden":0,"_bbp_reply_count_hidden":0,"_bbp_forum_subforum_count":0,"site-sidebar-layout":"default","site-content-layout":"","ast-site-content-layout":"","site-content-style":"default","site-sidebar-style":"default","ast-global-header-display":"","ast-banner-title-visibility":"","ast-main-header-display":"","ast-hfb-above-header-display":"","ast-hfb-below-header-display":"","ast-hfb-mobile-header-display":"","site-post-title":"","ast-breadcrumbs-content":"","ast-featured-img":"","footer-sml-layout":"","theme-transparent-header-meta":"","adv-header-id-meta":"","stick-header-meta":"","header-above-stick-meta":"","header-main-stick-meta":"","header-below-stick-meta":"","astra-migrate-meta-layouts":"default","ast-page-background-enabled":"default","ast-page-background-meta":{"desktop":{"background-color":"var(--ast-global-color-4)","background-image":"","background-repeat":"repeat","background-position":"center center","background-size":"auto","background-attachment":"scroll","background-type":"","background-media":"","overlay-type":"","overlay-color":"","overlay-opacity":"","overlay-gradient":""},"tablet":{"background-color":"","background-image":"","background-repeat":"repeat","background-position":"center center","background-size":"auto","background-attachment":"scroll","background-type":"","background-media":"","overlay-type":"","overlay-color":"","overlay-opacity":"","overlay-gradient":""},"mobile":{"background-color":"","background-image":"","background-repeat":"repeat","background-position":"center center","background-size":"auto","background-attachment":"scroll","background-type":"","background-media":"","overlay-type":"","overlay-color":"","overlay-opacity":"","overlay-gradient":""}},"ast-content-background-meta":{"desktop":{"background-color":"var(--ast-global-color-5)","background-image":"","background-repeat":"repeat","background-position":"center center","background-size":"auto","background-attachment":"scroll","background-type":"","background-media":"","overlay-type":"","overlay-color":"","overlay-opacity":"","overlay-gradient":""},"tablet":{"background-color":"var(--ast-global-color-5)","background-image":"","background-repeat":"repeat","background-position":"center center","background-size":"auto","background-attachment":"scroll","background-type":"","background-media":"","overlay-type":"","overlay-color":"","overlay-opacity":"","overlay-gradient":""},"mobile":{"background-color":"var(--ast-global-color-5)","background-image":"","background-repeat":"repeat","background-position":"center center","background-size":"auto","background-attachment":"scroll","background-type":"","background-media":"","overlay-type":"","overlay-color":"","overlay-opacity":"","overlay-gradient":""}},"footnotes":""},"categories":[1,4],"tags":[],"class_list":["post-4974","post","type-post","status-publish","format-standard","has-post-thumbnail","hentry","category-general","category-portada"],"post_mailing_queue_ids":[],"_links":{"self":[{"href":"https:\/\/agora.xtec.cat\/escolaverd\/wp-json\/wp\/v2\/posts\/4974","targetHints":{"allow":["GET"]}}],"collection":[{"href":"https:\/\/agora.xtec.cat\/escolaverd\/wp-json\/wp\/v2\/posts"}],"about":[{"href":"https:\/\/agora.xtec.cat\/escolaverd\/wp-json\/wp\/v2\/types\/post"}],"author":[{"embeddable":true,"href":"https:\/\/agora.xtec.cat\/escolaverd\/wp-json\/wp\/v2\/users\/16"}],"replies":[{"embeddable":true,"href":"https:\/\/agora.xtec.cat\/escolaverd\/wp-json\/wp\/v2\/comments?post=4974"}],"version-history":[{"count":0,"href":"https:\/\/agora.xtec.cat\/escolaverd\/wp-json\/wp\/v2\/posts\/4974\/revisions"}],"wp:featuredmedia":[{"embeddable":true,"href":"https:\/\/agora.xtec.cat\/escolaverd\/wp-json\/"}],"wp:attachment":[{"href":"https:\/\/agora.xtec.cat\/escolaverd\/wp-json\/wp\/v2\/media?parent=4974"}],"wp:term":[{"taxonomy":"category","embeddable":true,"href":"https:\/\/agora.xtec.cat\/escolaverd\/wp-json\/wp\/v2\/categories?post=4974"},{"taxonomy":"post_tag","embeddable":true,"href":"https:\/\/agora.xtec.cat\/escolaverd\/wp-json\/wp\/v2\/tags?post=4974"}],"curies":[{"name":"wp","href":"https:\/\/api.w.org\/{rel}","templated":true}]}}