{"id":4060,"date":"2014-05-23T09:22:33","date_gmt":"2014-05-23T07:22:33","guid":{"rendered":"http:\/\/www.escolaverd.cat\/?p=4060"},"modified":"2014-05-23T09:22:33","modified_gmt":"2014-05-23T07:22:33","slug":"en-joan-el-practicant","status":"publish","type":"post","link":"https:\/\/agora.xtec.cat\/escolaverd\/general\/en-joan-el-practicant\/","title":{"rendered":"En Joan, el practicant."},"content":{"rendered":"<p><a href=\"http:\/\/www.escolaverd.cat\/wp-content\/uploads\/2014\/05\/DSC01670.jpg\"><img loading=\"lazy\" decoding=\"async\" class=\"size-medium wp-image-4081 alignnone\" alt=\"DSC01670\" src=\"http:\/\/www.escolaverd.cat\/wp-content\/uploads\/2014\/05\/DSC01670-350x262.jpg\" width=\"350\" height=\"262\" \/><\/a><\/p>\n<p>En Joan, el nostre practicant que el proper curs ja ser\u00e0 mestre, s&#8217;ha estat tres mesos amb nosaltres.<\/p>\n<p>Hem apr\u00e9s moltes coses amb ell i ens hem divertit molt.<\/p>\n<p>El dimecres 21 de maig va venir a dir-nos ad\u00e9u i ens va tocar &#8216;Ser diferent&#8217; amb la guitarra. Els delegats de la classe li van donar un \u00e0lbum de dibuixos fet per nosaltres. I abans de marxar li vam fer una abra\u00e7ada molt forta!<\/p>\n<p style=\"text-align: center;\">\u00a0<a href=\"http:\/\/www.escolaverd.cat\/wp-content\/uploads\/2014\/05\/DSC01666.jpg\"><img loading=\"lazy\" decoding=\"async\" class=\"aligncenter size-medium wp-image-4082\" alt=\"DSC01666\" src=\"http:\/\/www.escolaverd.cat\/wp-content\/uploads\/2014\/05\/DSC01666-350x262.jpg\" width=\"350\" height=\"262\" \/><\/a><a href=\"http:\/\/www.escolaverd.cat\/wp-content\/uploads\/2014\/05\/DSC01665.jpg\"><img loading=\"lazy\" decoding=\"async\" class=\"aligncenter size-medium wp-image-4083\" alt=\"DSC01665\" src=\"http:\/\/www.escolaverd.cat\/wp-content\/uploads\/2014\/05\/DSC01665-350x262.jpg\" width=\"350\" height=\"262\" \/><\/a><\/p>\n","protected":false},"excerpt":{"rendered":"<p>En Joan, el nostre practicant que el proper curs ja ser\u00e0 mestre, s&#8217;ha estat tres mesos amb nosaltres. Hem apr\u00e9s moltes coses amb ell i ens hem divertit molt. El dimecres 21 de maig va venir a dir-nos ad\u00e9u i ens va tocar &#8216;Ser diferent&#8217; amb la guitarra. Els delegats de la classe li van [&hellip;]<\/p>\n","protected":false},"author":23,"featured_media":4081,"comment_status":"open","ping_status":"open","sticky":false,"template":"","format":"standard","meta":{"_bbp_topic_count":0,"_bbp_reply_count":0,"_bbp_total_topic_count":0,"_bbp_total_reply_count":0,"_bbp_voice_count":0,"_bbp_anonymous_reply_count":0,"_bbp_topic_count_hidden":0,"_bbp_reply_count_hidden":0,"_bbp_forum_subforum_count":0,"site-sidebar-layout":"default","site-content-layout":"","ast-site-content-layout":"","site-content-style":"default","site-sidebar-style":"default","ast-global-header-display":"","ast-banner-title-visibility":"","ast-main-header-display":"","ast-hfb-above-header-display":"","ast-hfb-below-header-display":"","ast-hfb-mobile-header-display":"","site-post-title":"","ast-breadcrumbs-content":"","ast-featured-img":"","footer-sml-layout":"","theme-transparent-header-meta":"","adv-header-id-meta":"","stick-header-meta":"","header-above-stick-meta":"","header-main-stick-meta":"","header-below-stick-meta":"","astra-migrate-meta-layouts":"default","ast-page-background-enabled":"default","ast-page-background-meta":{"desktop":{"background-color":"var(--ast-global-color-4)","background-image":"","background-repeat":"repeat","background-position":"center center","background-size":"auto","background-attachment":"scroll","background-type":"","background-media":"","overlay-type":"","overlay-color":"","overlay-opacity":"","overlay-gradient":""},"tablet":{"background-color":"","background-image":"","background-repeat":"repeat","background-position":"center center","background-size":"auto","background-attachment":"scroll","background-type":"","background-media":"","overlay-type":"","overlay-color":"","overlay-opacity":"","overlay-gradient":""},"mobile":{"background-color":"","background-image":"","background-repeat":"repeat","background-position":"center center","background-size":"auto","background-attachment":"scroll","background-type":"","background-media":"","overlay-type":"","overlay-color":"","overlay-opacity":"","overlay-gradient":""}},"ast-content-background-meta":{"desktop":{"background-color":"var(--ast-global-color-5)","background-image":"","background-repeat":"repeat","background-position":"center center","background-size":"auto","background-attachment":"scroll","background-type":"","background-media":"","overlay-type":"","overlay-color":"","overlay-opacity":"","overlay-gradient":""},"tablet":{"background-color":"var(--ast-global-color-5)","background-image":"","background-repeat":"repeat","background-position":"center center","background-size":"auto","background-attachment":"scroll","background-type":"","background-media":"","overlay-type":"","overlay-color":"","overlay-opacity":"","overlay-gradient":""},"mobile":{"background-color":"var(--ast-global-color-5)","background-image":"","background-repeat":"repeat","background-position":"center center","background-size":"auto","background-attachment":"scroll","background-type":"","background-media":"","overlay-type":"","overlay-color":"","overlay-opacity":"","overlay-gradient":""}},"footnotes":""},"categories":[69,1],"tags":[],"class_list":["post-4060","post","type-post","status-publish","format-standard","has-post-thumbnail","hentry","category-4t","category-general"],"post_mailing_queue_ids":[],"_links":{"self":[{"href":"https:\/\/agora.xtec.cat\/escolaverd\/wp-json\/wp\/v2\/posts\/4060","targetHints":{"allow":["GET"]}}],"collection":[{"href":"https:\/\/agora.xtec.cat\/escolaverd\/wp-json\/wp\/v2\/posts"}],"about":[{"href":"https:\/\/agora.xtec.cat\/escolaverd\/wp-json\/wp\/v2\/types\/post"}],"author":[{"embeddable":true,"href":"https:\/\/agora.xtec.cat\/escolaverd\/wp-json\/wp\/v2\/users\/23"}],"replies":[{"embeddable":true,"href":"https:\/\/agora.xtec.cat\/escolaverd\/wp-json\/wp\/v2\/comments?post=4060"}],"version-history":[{"count":0,"href":"https:\/\/agora.xtec.cat\/escolaverd\/wp-json\/wp\/v2\/posts\/4060\/revisions"}],"wp:featuredmedia":[{"embeddable":true,"href":"https:\/\/agora.xtec.cat\/escolaverd\/wp-json\/"}],"wp:attachment":[{"href":"https:\/\/agora.xtec.cat\/escolaverd\/wp-json\/wp\/v2\/media?parent=4060"}],"wp:term":[{"taxonomy":"category","embeddable":true,"href":"https:\/\/agora.xtec.cat\/escolaverd\/wp-json\/wp\/v2\/categories?post=4060"},{"taxonomy":"post_tag","embeddable":true,"href":"https:\/\/agora.xtec.cat\/escolaverd\/wp-json\/wp\/v2\/tags?post=4060"}],"curies":[{"name":"wp","href":"https:\/\/api.w.org\/{rel}","templated":true}]}}