{"id":3602,"date":"2014-03-25T15:35:48","date_gmt":"2014-03-25T14:35:48","guid":{"rendered":"http:\/\/www.escolaverd.cat\/?p=3602"},"modified":"2014-03-25T15:35:48","modified_gmt":"2014-03-25T14:35:48","slug":"la-mirada-matematica-de-p4-i-5e","status":"publish","type":"post","link":"https:\/\/agora.xtec.cat\/escolaverd\/general\/la-mirada-matematica-de-p4-i-5e\/","title":{"rendered":"La mirada matem\u00e0tica dels alumnes de P4"},"content":{"rendered":"<p><object width=\"288\" height=\"192\" classid=\"clsid:d27cdb6e-ae6d-11cf-96b8-444553540000\" codebase=\"http:\/\/download.macromedia.com\/pub\/shockwave\/cabs\/flash\/swflash.cab#version=6,0,40,0\"><param name=\"src\" value=\"https:\/\/photos.gstatic.com\/media\/slideshow.swf\" \/><param name=\"flashvars\" value=\"host=picasaweb.google.com&amp;hl=ca&amp;feat=flashalbum&amp;RGB=0x000000&amp;feed=https%3A%2F%2Fpicasaweb.google.com%2Fdata%2Ffeed%2Fapi%2Fuser%2F110823943098838146075%2Falbumid%2F5994751658885857457%3Falt%3Drss%26kind%3Dphoto%26hl%3Dca\" \/><param name=\"pluginspage\" value=\"http:\/\/www.macromedia.com\/go\/getflashplayer\" \/><embed width=\"288\" height=\"192\" type=\"application\/x-shockwave-flash\" src=\"https:\/\/photos.gstatic.com\/media\/slideshow.swf\" flashvars=\"host=picasaweb.google.com&amp;hl=ca&amp;feat=flashalbum&amp;RGB=0x000000&amp;feed=https%3A%2F%2Fpicasaweb.google.com%2Fdata%2Ffeed%2Fapi%2Fuser%2F110823943098838146075%2Falbumid%2F5994751658885857457%3Falt%3Drss%26kind%3Dphoto%26hl%3Dca\" pluginspage=\"http:\/\/www.macromedia.com\/go\/getflashplayer\" \/><\/object><\/p>\n<p>&nbsp;<\/p>\n<p>El dia 7 de mar\u00e7, els alumnes de 5\u00e8 i de P4 van sortir a la Pla\u00e7a Josep Santal\u00f3, que hi ha al davant de l&#8217;escola a fer fotografies dels elements matem\u00e0tics que hi veien. Despr\u00e9s de presentar-se per grups, \u00a0els alumnes de 5\u00e8 van explicar als alumnes de P4 les parts de la c\u00e0mera fotogr\u00e0fica: bot\u00f3 per engegar, pantalla del camp visual i disparador. Despr\u00e9s van sortir a la pla\u00e7a a buscar i identificar objectes que tinguessin forma de rectangle, quadrat, triangle i cercle. table style=&#8221;width:194px;&#8221;&gt;<\/p>\n<p>Va ser una experi\u00e8ncia breu per\u00f2 molt gratificant. Aix\u00ed ho expliquen els alumnes de 5\u00e8.<\/p>\n<p>He apr\u00e8s\u00a0 a fer una mica de mestre (Joan C., Carla M.), que els nens i nenes de P4 tamb\u00e9 poden aprendre a fer fotografies (\u00c0lex C.),\u00a0 que podem confiar en els nens (Gabriella R.),\u00a0 a estar amb els nens petits i com vigilaven que no es trenqu\u00e9s la c\u00e0mera\u00a0 (Jordi G.),\u00a0 a respectar els nens i els dos hem apr\u00e8s molt sobre les c\u00e0meres, que puc aprendre dels nens de P4 perqu\u00e8 s\u00f3n molt observadors i curiosos (Laia D.) i que hi ha matem\u00e0tiques als llocs que menys ens imaginem.<\/p>\n<p>Ha estat divertit poder ajudar els nens de P4 a aprendre a fer fotografies (Mariona P., \u00c0lex S., Matias L.), ensenyar les parts que t\u00e9 la c\u00e0mera (Arnau R., Josep A.),\u00a0 fer noves amistats\u00a0 (Pablo O., Oriol G.), buscar formes geom\u00e8triques amb els nens i nenes de P4. (Maria Zhi B.,Nora P., Carlota S.),\u00a0 fer aprendre coses noves a nens i nenes m\u00e9s petits\u00a0 (F\u00e0tima B.) i refor\u00e7ar l&#8217;amistat amb els petits. (Sergi O.)<\/p>\n<p>He patit una mica per si els nens es feien mal o\u00a0 s&#8217;escapaven i per\u00a0 si es trencava la c\u00e0mera. (Marta J.)<\/p>\n<p>Va ser molt emocionant veure les seves ganes d&#8217;aprendre. (Ge\u00f2rgia). Ha estat una bona experi\u00e8ncia fer aquesta activitat amb els nens i nenes de P4. (Adri\u00e0 B.). UNA EXPERI\u00c8NCIA INOBLIDABLE. (Greta X.)<br \/>\n<object width=\"400\" height=\"267\" classid=\"clsid:d27cdb6e-ae6d-11cf-96b8-444553540000\" codebase=\"http:\/\/download.macromedia.com\/pub\/shockwave\/cabs\/flash\/swflash.cab#version=6,0,40,0\"><param name=\"src\" value=\"https:\/\/photos.gstatic.com\/media\/slideshow.swf\" \/><param name=\"flashvars\" value=\"host=picasaweb.google.com&amp;hl=ca&amp;feat=flashalbum&amp;RGB=0x000000&amp;feed=https%3A%2F%2Fpicasaweb.google.com%2Fdata%2Ffeed%2Fapi%2Fuser%2F110823943098838146075%2Falbumid%2F5995012721633491793%3Falt%3Drss%26kind%3Dphoto%26authkey%3DGv1sRgCJ7zzaruldCLtAE%26hl%3Dca\" \/><param name=\"pluginspage\" value=\"http:\/\/www.macromedia.com\/go\/getflashplayer\" \/><embed width=\"400\" height=\"267\" type=\"application\/x-shockwave-flash\" src=\"https:\/\/photos.gstatic.com\/media\/slideshow.swf\" flashvars=\"host=picasaweb.google.com&amp;hl=ca&amp;feat=flashalbum&amp;RGB=0x000000&amp;feed=https%3A%2F%2Fpicasaweb.google.com%2Fdata%2Ffeed%2Fapi%2Fuser%2F110823943098838146075%2Falbumid%2F5995012721633491793%3Falt%3Drss%26kind%3Dphoto%26authkey%3DGv1sRgCJ7zzaruldCLtAE%26hl%3Dca\" pluginspage=\"http:\/\/www.macromedia.com\/go\/getflashplayer\" \/><\/object><\/p>\n","protected":false},"excerpt":{"rendered":"<p>&nbsp; El dia 7 de mar\u00e7, els alumnes de 5\u00e8 i de P4 van sortir a la Pla\u00e7a Josep Santal\u00f3, que hi ha al davant de l&#8217;escola a fer fotografies dels elements matem\u00e0tics que hi veien. Despr\u00e9s de presentar-se per grups, \u00a0els alumnes de 5\u00e8 van explicar als alumnes de P4 les parts de la [&hellip;]<\/p>\n","protected":false},"author":16,"featured_media":3631,"comment_status":"open","ping_status":"open","sticky":false,"template":"","format":"standard","meta":{"_bbp_topic_count":0,"_bbp_reply_count":0,"_bbp_total_topic_count":0,"_bbp_total_reply_count":0,"_bbp_voice_count":0,"_bbp_anonymous_reply_count":0,"_bbp_topic_count_hidden":0,"_bbp_reply_count_hidden":0,"_bbp_forum_subforum_count":0,"site-sidebar-layout":"default","site-content-layout":"","ast-site-content-layout":"","site-content-style":"default","site-sidebar-style":"default","ast-global-header-display":"","ast-banner-title-visibility":"","ast-main-header-display":"","ast-hfb-above-header-display":"","ast-hfb-below-header-display":"","ast-hfb-mobile-header-display":"","site-post-title":"","ast-breadcrumbs-content":"","ast-featured-img":"","footer-sml-layout":"","theme-transparent-header-meta":"","adv-header-id-meta":"","stick-header-meta":"","header-above-stick-meta":"","header-main-stick-meta":"","header-below-stick-meta":"","astra-migrate-meta-layouts":"default","ast-page-background-enabled":"default","ast-page-background-meta":{"desktop":{"background-color":"var(--ast-global-color-4)","background-image":"","background-repeat":"repeat","background-position":"center center","background-size":"auto","background-attachment":"scroll","background-type":"","background-media":"","overlay-type":"","overlay-color":"","overlay-opacity":"","overlay-gradient":""},"tablet":{"background-color":"","background-image":"","background-repeat":"repeat","background-position":"center center","background-size":"auto","background-attachment":"scroll","background-type":"","background-media":"","overlay-type":"","overlay-color":"","overlay-opacity":"","overlay-gradient":""},"mobile":{"background-color":"","background-image":"","background-repeat":"repeat","background-position":"center center","background-size":"auto","background-attachment":"scroll","background-type":"","background-media":"","overlay-type":"","overlay-color":"","overlay-opacity":"","overlay-gradient":""}},"ast-content-background-meta":{"desktop":{"background-color":"var(--ast-global-color-5)","background-image":"","background-repeat":"repeat","background-position":"center center","background-size":"auto","background-attachment":"scroll","background-type":"","background-media":"","overlay-type":"","overlay-color":"","overlay-opacity":"","overlay-gradient":""},"tablet":{"background-color":"var(--ast-global-color-5)","background-image":"","background-repeat":"repeat","background-position":"center center","background-size":"auto","background-attachment":"scroll","background-type":"","background-media":"","overlay-type":"","overlay-color":"","overlay-opacity":"","overlay-gradient":""},"mobile":{"background-color":"var(--ast-global-color-5)","background-image":"","background-repeat":"repeat","background-position":"center center","background-size":"auto","background-attachment":"scroll","background-type":"","background-media":"","overlay-type":"","overlay-color":"","overlay-opacity":"","overlay-gradient":""}},"footnotes":""},"categories":[14,1,8,4],"tags":[],"class_list":["post-3602","post","type-post","status-publish","format-standard","has-post-thumbnail","hentry","category-5e","category-general","category-i4","category-portada"],"post_mailing_queue_ids":[],"_links":{"self":[{"href":"https:\/\/agora.xtec.cat\/escolaverd\/wp-json\/wp\/v2\/posts\/3602","targetHints":{"allow":["GET"]}}],"collection":[{"href":"https:\/\/agora.xtec.cat\/escolaverd\/wp-json\/wp\/v2\/posts"}],"about":[{"href":"https:\/\/agora.xtec.cat\/escolaverd\/wp-json\/wp\/v2\/types\/post"}],"author":[{"embeddable":true,"href":"https:\/\/agora.xtec.cat\/escolaverd\/wp-json\/wp\/v2\/users\/16"}],"replies":[{"embeddable":true,"href":"https:\/\/agora.xtec.cat\/escolaverd\/wp-json\/wp\/v2\/comments?post=3602"}],"version-history":[{"count":0,"href":"https:\/\/agora.xtec.cat\/escolaverd\/wp-json\/wp\/v2\/posts\/3602\/revisions"}],"wp:featuredmedia":[{"embeddable":true,"href":"https:\/\/agora.xtec.cat\/escolaverd\/wp-json\/"}],"wp:attachment":[{"href":"https:\/\/agora.xtec.cat\/escolaverd\/wp-json\/wp\/v2\/media?parent=3602"}],"wp:term":[{"taxonomy":"category","embeddable":true,"href":"https:\/\/agora.xtec.cat\/escolaverd\/wp-json\/wp\/v2\/categories?post=3602"},{"taxonomy":"post_tag","embeddable":true,"href":"https:\/\/agora.xtec.cat\/escolaverd\/wp-json\/wp\/v2\/tags?post=3602"}],"curies":[{"name":"wp","href":"https:\/\/api.w.org\/{rel}","templated":true}]}}