{"id":3342,"date":"2014-03-04T13:15:50","date_gmt":"2014-03-04T12:15:50","guid":{"rendered":"http:\/\/www.escolaverd.cat\/?p=3342"},"modified":"2014-03-04T13:15:50","modified_gmt":"2014-03-04T12:15:50","slug":"carnestoltes-2014","status":"publish","type":"post","link":"https:\/\/agora.xtec.cat\/escolaverd\/general\/carnestoltes-2014\/","title":{"rendered":"Carnestoltes 2014"},"content":{"rendered":"<p><object width=\"288\" height=\"192\" classid=\"clsid:d27cdb6e-ae6d-11cf-96b8-444553540000\" codebase=\"http:\/\/download.macromedia.com\/pub\/shockwave\/cabs\/flash\/swflash.cab#version=6,0,40,0\"><param name=\"src\" value=\"https:\/\/photos.gstatic.com\/media\/slideshow.swf\" \/><param name=\"flashvars\" value=\"host=picasaweb.google.com&amp;hl=ca&amp;feat=flashalbum&amp;RGB=0x000000&amp;feed=https%3A%2F%2Fpicasaweb.google.com%2Fdata%2Ffeed%2Fapi%2Fuser%2F104793479925951094787%2Falbumid%2F5986906427755010017%3Falt%3Drss%26kind%3Dphoto%26hl%3Dca\" \/><param name=\"pluginspage\" value=\"http:\/\/www.macromedia.com\/go\/getflashplayer\" \/><embed width=\"288\" height=\"192\" type=\"application\/x-shockwave-flash\" src=\"https:\/\/photos.gstatic.com\/media\/slideshow.swf\" flashvars=\"host=picasaweb.google.com&amp;hl=ca&amp;feat=flashalbum&amp;RGB=0x000000&amp;feed=https%3A%2F%2Fpicasaweb.google.com%2Fdata%2Ffeed%2Fapi%2Fuser%2F104793479925951094787%2Falbumid%2F5986906427755010017%3Falt%3Drss%26kind%3Dphoto%26hl%3Dca\" pluginspage=\"http:\/\/www.macromedia.com\/go\/getflashplayer\" \/><\/object><br \/>\n<a href=\"https:\/\/plus.google.com\/photos\/104793479925951094787\/albums\/5986906427755010017\">\u00a0<\/a><\/p>\n<p>Aquest curs hem celebrat un Carnestoltes ben especial. El dimecres van passar els nens i nenes de 3r fent gresca i xerinola anunciant l\u2019arribada del rei i la reina Carnestoltes. El dijous, de bon mat\u00ed,\u00a0 hem comen\u00e7at fent tallers internivells, tots els nens i nenes de l\u2019escola, per preparar-nos la disfressa.\u00a0 Cada grup hem fet una corona ben decorada amb personatges dels contes que hem llegit (en Patufet, la Rateta, en Pinotxo, en Tint\u00edn, el Petit Pr\u00edncep&#8230;). Al porxo els nens i nenes de 4t han llegit el preg\u00f3 d\u2019aquest any:<\/p>\n<p style=\"font-family: Verdana,Arial,Helvetica,sans-serif;\"><span style=\"font-size: small;\"><em>Els carnestoltes han arribat i el cul han remogut.<\/em><\/span><br \/>\n<span style=\"font-size: small;\"><em> Tant s\u2019han cansat que&#8230; mireu!, ja se\u2019ns han assegut!<\/em><\/span><br \/>\n<span style=\"font-size: small;\"><em> Carnestoltes ha comen\u00e7at, d\u00e9u n\u2019hi do quin disbarat!<\/em><\/span><br \/>\n<span style=\"font-size: small;\"><em> \u00a0<\/em><\/span><br \/>\n<span style=\"font-size: small;\"><em> Als nens i nenes de l\u2019escola Verd han transformat,<\/em><\/span><br \/>\n<span style=\"font-size: small;\"><em>i m\u00e9s que una escola, sembla un decorat,<\/em><\/span><br \/>\n<span style=\"font-size: small;\"><em>de personatges de contes ben barrejats!<\/em><\/span><br \/>\n<span style=\"font-size: small;\"><em> \u00a0<\/em><\/span><br \/>\n<span style=\"font-size: small;\"><em> Aneu amb compte i no badeu,<\/em><\/span><br \/>\n<span style=\"font-size: small;\"><em>hi ha feina per tot arreu,<\/em><\/span><br \/>\n<span style=\"font-size: small;\"><em> i els reis enfadaran si no la feu!<\/em><\/span><br \/>\n<span style=\"font-size: small;\"><em> \u00a0<\/em><\/span><br \/>\n<span style=\"font-size: small;\"><em> Aix\u00ed que poseu molta atenci\u00f3:<\/em><\/span><br \/>\n<span style=\"font-size: small;\"><em>preparats, llestos, acci\u00f3!<\/em><\/span><br \/>\n<span style=\"font-size: small;\"><em> \u00a0<\/em><\/span><br \/>\n<span style=\"font-size: small;\"><em> Les ratetes presumidetes que aixequin les manetes.<\/em><\/span><br \/>\n<span style=\"font-size: small;\"><em> Els porcs s\u2019al\u00e7aran i el cos bellugaran.<\/em><\/span><br \/>\n<span style=\"font-size: small;\"><em> Els ases s\u2019aixecaran i la cua remenaran.<\/em><\/span><br \/>\n<span style=\"font-size: small;\"><em> Els galls es llevaran i amb un &#8220;quiquiriqu\u00ed\u2019 ens despertaran.<\/em><\/span><br \/>\n<span style=\"font-size: small;\"><em> Els Pinotxos han arribat i el nas se&#8217;ls ha allargat.<\/em><\/span><br \/>\n<span style=\"font-size: small;\"><em> Els Gepetos, de tant treballar, no paren de badallar!<\/em><\/span><br \/>\n<span style=\"font-size: small;\"><em> Els Patufets ben menudets que es toquin els barrets amb els seus petits ditets.<\/em><\/span><br \/>\n<span style=\"font-size: small;\"><em> Els Tintins drets es posaran i un petit salt faran.<\/em><\/span><br \/>\n<span style=\"font-size: small;\"><em> Els Mil\u00fas s\u2019aixecaran i el cul del costat tocaran.<\/em><\/span><br \/>\n<span style=\"font-size: small;\"><em> Els Capitans Haddock arribaran i, llamps i trons!!! Cara d\u2019enfadats faran.<\/em><\/span><br \/>\n<span style=\"font-size: small;\"><em> Els bessons Dupond i Dupont la veu elevaran i un bon crit faran.<\/em><\/span><br \/>\n<span style=\"font-size: small;\"><em> Les Castafiores s\u2019aixecaran i un LA desafinat faran.<\/em><\/span><br \/>\n<span style=\"font-size: small;\"><em> Els Professors Tornassols imitaran els mussols.<\/em><\/span><br \/>\n<span style=\"font-size: small;\"><em> Els Petits Pr\u00ednceps s\u2019al\u00e7aran i es despentinaran.<\/em><\/span><br \/>\n<span style=\"font-size: small;\"><em> Les guineus amb el seu encant, un pet\u00f3 ens enviaran.<\/em><\/span><br \/>\n<span style=\"font-size: small;\"><em> Els xais enjogassats, amb un llengot ens deixaran parats.<\/em><\/span><\/p>\n<p style=\"font-family: Verdana,Arial,Helvetica,sans-serif;\"><span style=\"font-size: small;\"><em>Finalment els mestres s\u2019ajuntaran i un petit ball faran.<\/em><\/span><br \/>\n<span style=\"font-size: small;\"><em> \u00a0<\/em><\/span><br \/>\n<span style=\"font-size: small;\"><em> Carnestoltes celebrem i molt b\u00e9 ens ho passem.<\/em><\/span><br \/>\n<span style=\"font-size: small;\"><em> La festa encara no ha acabat, hi ha jocs per emplenar un sac!<\/em><\/span><br \/>\n<span style=\"font-size: small;\"><em> \u00a0<\/em><\/span><br \/>\n<span style=\"font-size: small;\"><em> Aix\u00ed que gaudiu-ne sense parar<\/em><\/span><br \/>\n<span style=\"font-size: small;\"><em> Que la festa ha de continuar!<\/em><\/span><br \/>\n<span style=\"font-size: small;\"><em> \u00a0<\/em><\/span><br \/>\n<span style=\"font-size: small;\"><em> Visca la gresca!<\/em><\/span><br \/>\n<span style=\"font-size: small;\"><em> Visca el guirigall!<\/em><\/span><br \/>\n<span style=\"font-size: small;\"><em> Visca el rei i la reina del Carnaval!<\/em><\/span><\/p>\n<p>\u00a0Llavors, tots junts al pati hem fet jocs dirigits pels alumnes de 5\u00e8, i hem acabat la festa ballant el Bugui Bugui i altres can\u00e7ons.<\/p>\n<p>Per veure les nostres fotos, fes clic aqu\u00ed: \u00a0<a href=\"https:\/\/plus.google.com\/photos\/104793479925951094787\/albums\/5986906427755010017\">Carnestoltes 2014<\/a><\/p>\n","protected":false},"excerpt":{"rendered":"<p>\u00a0 Aquest curs hem celebrat un Carnestoltes ben especial. El dimecres van passar els nens i nenes de 3r fent gresca i xerinola anunciant l\u2019arribada del rei i la reina Carnestoltes. El dijous, de bon mat\u00ed,\u00a0 hem comen\u00e7at fent tallers internivells, tots els nens i nenes de l\u2019escola, per preparar-nos la disfressa.\u00a0 Cada grup hem [&hellip;]<\/p>\n","protected":false},"author":16,"featured_media":3348,"comment_status":"open","ping_status":"open","sticky":false,"template":"","format":"standard","meta":{"_bbp_topic_count":0,"_bbp_reply_count":0,"_bbp_total_topic_count":0,"_bbp_total_reply_count":0,"_bbp_voice_count":0,"_bbp_anonymous_reply_count":0,"_bbp_topic_count_hidden":0,"_bbp_reply_count_hidden":0,"_bbp_forum_subforum_count":0,"site-sidebar-layout":"default","site-content-layout":"","ast-site-content-layout":"","site-content-style":"default","site-sidebar-style":"default","ast-global-header-display":"","ast-banner-title-visibility":"","ast-main-header-display":"","ast-hfb-above-header-display":"","ast-hfb-below-header-display":"","ast-hfb-mobile-header-display":"","site-post-title":"","ast-breadcrumbs-content":"","ast-featured-img":"","footer-sml-layout":"","theme-transparent-header-meta":"","adv-header-id-meta":"","stick-header-meta":"","header-above-stick-meta":"","header-main-stick-meta":"","header-below-stick-meta":"","astra-migrate-meta-layouts":"default","ast-page-background-enabled":"default","ast-page-background-meta":{"desktop":{"background-color":"var(--ast-global-color-4)","background-image":"","background-repeat":"repeat","background-position":"center center","background-size":"auto","background-attachment":"scroll","background-type":"","background-media":"","overlay-type":"","overlay-color":"","overlay-opacity":"","overlay-gradient":""},"tablet":{"background-color":"","background-image":"","background-repeat":"repeat","background-position":"center center","background-size":"auto","background-attachment":"scroll","background-type":"","background-media":"","overlay-type":"","overlay-color":"","overlay-opacity":"","overlay-gradient":""},"mobile":{"background-color":"","background-image":"","background-repeat":"repeat","background-position":"center center","background-size":"auto","background-attachment":"scroll","background-type":"","background-media":"","overlay-type":"","overlay-color":"","overlay-opacity":"","overlay-gradient":""}},"ast-content-background-meta":{"desktop":{"background-color":"var(--ast-global-color-5)","background-image":"","background-repeat":"repeat","background-position":"center center","background-size":"auto","background-attachment":"scroll","background-type":"","background-media":"","overlay-type":"","overlay-color":"","overlay-opacity":"","overlay-gradient":""},"tablet":{"background-color":"var(--ast-global-color-5)","background-image":"","background-repeat":"repeat","background-position":"center center","background-size":"auto","background-attachment":"scroll","background-type":"","background-media":"","overlay-type":"","overlay-color":"","overlay-opacity":"","overlay-gradient":""},"mobile":{"background-color":"var(--ast-global-color-5)","background-image":"","background-repeat":"repeat","background-position":"center center","background-size":"auto","background-attachment":"scroll","background-type":"","background-media":"","overlay-type":"","overlay-color":"","overlay-opacity":"","overlay-gradient":""}},"footnotes":""},"categories":[1,4],"tags":[],"class_list":["post-3342","post","type-post","status-publish","format-standard","has-post-thumbnail","hentry","category-general","category-portada"],"post_mailing_queue_ids":[],"_links":{"self":[{"href":"https:\/\/agora.xtec.cat\/escolaverd\/wp-json\/wp\/v2\/posts\/3342","targetHints":{"allow":["GET"]}}],"collection":[{"href":"https:\/\/agora.xtec.cat\/escolaverd\/wp-json\/wp\/v2\/posts"}],"about":[{"href":"https:\/\/agora.xtec.cat\/escolaverd\/wp-json\/wp\/v2\/types\/post"}],"author":[{"embeddable":true,"href":"https:\/\/agora.xtec.cat\/escolaverd\/wp-json\/wp\/v2\/users\/16"}],"replies":[{"embeddable":true,"href":"https:\/\/agora.xtec.cat\/escolaverd\/wp-json\/wp\/v2\/comments?post=3342"}],"version-history":[{"count":0,"href":"https:\/\/agora.xtec.cat\/escolaverd\/wp-json\/wp\/v2\/posts\/3342\/revisions"}],"wp:featuredmedia":[{"embeddable":true,"href":"https:\/\/agora.xtec.cat\/escolaverd\/wp-json\/"}],"wp:attachment":[{"href":"https:\/\/agora.xtec.cat\/escolaverd\/wp-json\/wp\/v2\/media?parent=3342"}],"wp:term":[{"taxonomy":"category","embeddable":true,"href":"https:\/\/agora.xtec.cat\/escolaverd\/wp-json\/wp\/v2\/categories?post=3342"},{"taxonomy":"post_tag","embeddable":true,"href":"https:\/\/agora.xtec.cat\/escolaverd\/wp-json\/wp\/v2\/tags?post=3342"}],"curies":[{"name":"wp","href":"https:\/\/api.w.org\/{rel}","templated":true}]}}