{"id":28752,"date":"2026-04-14T12:29:02","date_gmt":"2026-04-14T10:29:02","guid":{"rendered":"https:\/\/agora.xtec.cat\/escolaverd\/?p=28752"},"modified":"2026-04-14T12:30:08","modified_gmt":"2026-04-14T10:30:08","slug":"els-jardins-de-la-devesa","status":"publish","type":"post","link":"https:\/\/agora.xtec.cat\/escolaverd\/general\/els-jardins-de-la-devesa\/","title":{"rendered":"Els jardins de la Devesa"},"content":{"rendered":"<p>Durant el segon trimestre hem treballat el projecte Girona Natural. Hem visitat varis dies els jardins de la Devesa per con\u00e8ixer l&#8217;entorn i l&#8217;Associaci\u00f3 de Naturalistes ens va explicar quins ocells podem trobar en aquest espai natural.<\/p>\n<p>A l&#8217;aula hem fet un treball sobre els diferents tipus ocells i les seves cases niu. Hem apr\u00e8s el cicle de vida del cargolet i hem presentat el projecte als companys\/es de l&#8217;escola.\u00a0 Ens ha quedat un mural xul\u00edssim. Tamb\u00e9 ens hem inventat un conte titulat &#8220;El pit-roig i l&#8217;oreneta&#8221; que vam anar a explicar als ve\u00efns de la Devesa.<!--more--><\/p>\n<div id='gallery-1' class='gallery galleryid-28752 gallery-columns-3 gallery-size-medium'><figure class='gallery-item'>\n\t\t\t<div class='gallery-icon portrait'>\n\t\t\t\t<a href='https:\/\/agora.xtec.cat\/escolaverd\/general\/els-jardins-de-la-devesa\/attachment\/img_9584-1\/'><img loading=\"lazy\" decoding=\"async\" width=\"271\" height=\"300\" src=\"https:\/\/agora.xtec.cat\/escolaverd\/wp-content\/uploads\/usu2386\/2026\/04\/IMG_9584-1-271x300.jpeg\" class=\"attachment-medium size-medium\" alt=\"\" srcset=\"https:\/\/agora.xtec.cat\/escolaverd\/wp-content\/uploads\/usu2386\/2026\/04\/IMG_9584-1-271x300.jpeg 271w, https:\/\/agora.xtec.cat\/escolaverd\/wp-content\/uploads\/usu2386\/2026\/04\/IMG_9584-1-925x1024.jpeg 925w, https:\/\/agora.xtec.cat\/escolaverd\/wp-content\/uploads\/usu2386\/2026\/04\/IMG_9584-1-768x851.jpeg 768w, https:\/\/agora.xtec.cat\/escolaverd\/wp-content\/uploads\/usu2386\/2026\/04\/IMG_9584-1-1387x1536.jpeg 1387w, https:\/\/agora.xtec.cat\/escolaverd\/wp-content\/uploads\/usu2386\/2026\/04\/IMG_9584-1-1849x2048.jpeg 1849w\" sizes=\"auto, (max-width: 271px) 100vw, 271px\" \/><\/a>\n\t\t\t<\/div><\/figure><figure class='gallery-item'>\n\t\t\t<div class='gallery-icon landscape'>\n\t\t\t\t<a href='https:\/\/agora.xtec.cat\/escolaverd\/general\/els-jardins-de-la-devesa\/attachment\/img_9753-1\/'><img loading=\"lazy\" decoding=\"async\" width=\"300\" height=\"225\" src=\"https:\/\/agora.xtec.cat\/escolaverd\/wp-content\/uploads\/usu2386\/2026\/04\/IMG_9753-1-300x225.jpeg\" class=\"attachment-medium size-medium\" alt=\"\" srcset=\"https:\/\/agora.xtec.cat\/escolaverd\/wp-content\/uploads\/usu2386\/2026\/04\/IMG_9753-1-300x225.jpeg 300w, https:\/\/agora.xtec.cat\/escolaverd\/wp-content\/uploads\/usu2386\/2026\/04\/IMG_9753-1-1024x768.jpeg 1024w, https:\/\/agora.xtec.cat\/escolaverd\/wp-content\/uploads\/usu2386\/2026\/04\/IMG_9753-1-768x576.jpeg 768w, https:\/\/agora.xtec.cat\/escolaverd\/wp-content\/uploads\/usu2386\/2026\/04\/IMG_9753-1-1536x1152.jpeg 1536w, https:\/\/agora.xtec.cat\/escolaverd\/wp-content\/uploads\/usu2386\/2026\/04\/IMG_9753-1-2048x1536.jpeg 2048w\" sizes=\"auto, (max-width: 300px) 100vw, 300px\" \/><\/a>\n\t\t\t<\/div><\/figure><figure class='gallery-item'>\n\t\t\t<div class='gallery-icon landscape'>\n\t\t\t\t<a href='https:\/\/agora.xtec.cat\/escolaverd\/general\/els-jardins-de-la-devesa\/attachment\/img_9978-1-2\/'><img loading=\"lazy\" decoding=\"async\" width=\"300\" height=\"220\" src=\"https:\/\/agora.xtec.cat\/escolaverd\/wp-content\/uploads\/usu2386\/2026\/04\/IMG_9978-1-1-300x220.jpeg\" class=\"attachment-medium size-medium\" alt=\"\" srcset=\"https:\/\/agora.xtec.cat\/escolaverd\/wp-content\/uploads\/usu2386\/2026\/04\/IMG_9978-1-1-300x220.jpeg 300w, https:\/\/agora.xtec.cat\/escolaverd\/wp-content\/uploads\/usu2386\/2026\/04\/IMG_9978-1-1-1024x749.jpeg 1024w, https:\/\/agora.xtec.cat\/escolaverd\/wp-content\/uploads\/usu2386\/2026\/04\/IMG_9978-1-1-768x562.jpeg 768w, https:\/\/agora.xtec.cat\/escolaverd\/wp-content\/uploads\/usu2386\/2026\/04\/IMG_9978-1-1-1536x1124.jpeg 1536w, https:\/\/agora.xtec.cat\/escolaverd\/wp-content\/uploads\/usu2386\/2026\/04\/IMG_9978-1-1-2048x1499.jpeg 2048w\" sizes=\"auto, (max-width: 300px) 100vw, 300px\" \/><\/a>\n\t\t\t<\/div><\/figure><figure class='gallery-item'>\n\t\t\t<div class='gallery-icon landscape'>\n\t\t\t\t<a href='https:\/\/agora.xtec.cat\/escolaverd\/general\/els-jardins-de-la-devesa\/attachment\/img_9975-1-2\/'><img loading=\"lazy\" decoding=\"async\" width=\"300\" height=\"159\" src=\"https:\/\/agora.xtec.cat\/escolaverd\/wp-content\/uploads\/usu2386\/2026\/04\/IMG_9975-1-1-300x159.jpeg\" class=\"attachment-medium size-medium\" alt=\"\" srcset=\"https:\/\/agora.xtec.cat\/escolaverd\/wp-content\/uploads\/usu2386\/2026\/04\/IMG_9975-1-1-300x159.jpeg 300w, https:\/\/agora.xtec.cat\/escolaverd\/wp-content\/uploads\/usu2386\/2026\/04\/IMG_9975-1-1-1024x542.jpeg 1024w, https:\/\/agora.xtec.cat\/escolaverd\/wp-content\/uploads\/usu2386\/2026\/04\/IMG_9975-1-1-768x406.jpeg 768w, https:\/\/agora.xtec.cat\/escolaverd\/wp-content\/uploads\/usu2386\/2026\/04\/IMG_9975-1-1-1536x813.jpeg 1536w, https:\/\/agora.xtec.cat\/escolaverd\/wp-content\/uploads\/usu2386\/2026\/04\/IMG_9975-1-1-2048x1084.jpeg 2048w\" sizes=\"auto, (max-width: 300px) 100vw, 300px\" \/><\/a>\n\t\t\t<\/div><\/figure><figure class='gallery-item'>\n\t\t\t<div class='gallery-icon portrait'>\n\t\t\t\t<a href='https:\/\/agora.xtec.cat\/escolaverd\/general\/els-jardins-de-la-devesa\/attachment\/img_9905-1\/'><img loading=\"lazy\" decoding=\"async\" width=\"286\" height=\"300\" src=\"https:\/\/agora.xtec.cat\/escolaverd\/wp-content\/uploads\/usu2386\/2026\/04\/IMG_9905-1-286x300.jpeg\" class=\"attachment-medium size-medium\" alt=\"\" srcset=\"https:\/\/agora.xtec.cat\/escolaverd\/wp-content\/uploads\/usu2386\/2026\/04\/IMG_9905-1-286x300.jpeg 286w, https:\/\/agora.xtec.cat\/escolaverd\/wp-content\/uploads\/usu2386\/2026\/04\/IMG_9905-1-977x1024.jpeg 977w, https:\/\/agora.xtec.cat\/escolaverd\/wp-content\/uploads\/usu2386\/2026\/04\/IMG_9905-1-768x805.jpeg 768w, https:\/\/agora.xtec.cat\/escolaverd\/wp-content\/uploads\/usu2386\/2026\/04\/IMG_9905-1-1466x1536.jpeg 1466w, https:\/\/agora.xtec.cat\/escolaverd\/wp-content\/uploads\/usu2386\/2026\/04\/IMG_9905-1-1955x2048.jpeg 1955w\" sizes=\"auto, (max-width: 286px) 100vw, 286px\" \/><\/a>\n\t\t\t<\/div><\/figure>\n\t\t<\/div>\n\n","protected":false},"excerpt":{"rendered":"<p>Durant el segon trimestre hem treballat el projecte Girona Natural. Hem visitat varis dies els jardins de la Devesa per con\u00e8ixer l&#8217;entorn i l&#8217;Associaci\u00f3 de Naturalistes ens va explicar quins ocells podem trobar en aquest espai natural. A l&#8217;aula hem fet un treball sobre els diferents tipus ocells i les seves cases niu. Hem apr\u00e8s [&hellip;]<\/p>\n","protected":false},"author":17,"featured_media":28759,"comment_status":"open","ping_status":"open","sticky":false,"template":"","format":"standard","meta":{"_bbp_topic_count":0,"_bbp_reply_count":0,"_bbp_total_topic_count":0,"_bbp_total_reply_count":0,"_bbp_voice_count":0,"_bbp_anonymous_reply_count":0,"_bbp_topic_count_hidden":0,"_bbp_reply_count_hidden":0,"_bbp_forum_subforum_count":0,"site-sidebar-layout":"default","site-content-layout":"","ast-site-content-layout":"default","site-content-style":"default","site-sidebar-style":"default","ast-global-header-display":"","ast-banner-title-visibility":"","ast-main-header-display":"","ast-hfb-above-header-display":"","ast-hfb-below-header-display":"","ast-hfb-mobile-header-display":"","site-post-title":"","ast-breadcrumbs-content":"","ast-featured-img":"","footer-sml-layout":"","theme-transparent-header-meta":"default","adv-header-id-meta":"","stick-header-meta":"","header-above-stick-meta":"","header-main-stick-meta":"","header-below-stick-meta":"","astra-migrate-meta-layouts":"set","ast-page-background-enabled":"default","ast-page-background-meta":{"desktop":{"background-color":"var(--ast-global-color-4)","background-image":"","background-repeat":"repeat","background-position":"center center","background-size":"auto","background-attachment":"scroll","background-type":"","background-media":"","overlay-type":"","overlay-color":"","overlay-opacity":"","overlay-gradient":""},"tablet":{"background-color":"","background-image":"","background-repeat":"repeat","background-position":"center center","background-size":"auto","background-attachment":"scroll","background-type":"","background-media":"","overlay-type":"","overlay-color":"","overlay-opacity":"","overlay-gradient":""},"mobile":{"background-color":"","background-image":"","background-repeat":"repeat","background-position":"center center","background-size":"auto","background-attachment":"scroll","background-type":"","background-media":"","overlay-type":"","overlay-color":"","overlay-opacity":"","overlay-gradient":""}},"ast-content-background-meta":{"desktop":{"background-color":"var(--ast-global-color-5)","background-image":"","background-repeat":"repeat","background-position":"center center","background-size":"auto","background-attachment":"scroll","background-type":"","background-media":"","overlay-type":"","overlay-color":"","overlay-opacity":"","overlay-gradient":""},"tablet":{"background-color":"var(--ast-global-color-5)","background-image":"","background-repeat":"repeat","background-position":"center center","background-size":"auto","background-attachment":"scroll","background-type":"","background-media":"","overlay-type":"","overlay-color":"","overlay-opacity":"","overlay-gradient":""},"mobile":{"background-color":"var(--ast-global-color-5)","background-image":"","background-repeat":"repeat","background-position":"center center","background-size":"auto","background-attachment":"scroll","background-type":"","background-media":"","overlay-type":"","overlay-color":"","overlay-opacity":"","overlay-gradient":""}},"footnotes":""},"categories":[78,218,1,4,240],"tags":[],"class_list":["post-28752","post","type-post","status-publish","format-standard","has-post-thumbnail","hentry","category-1r","category-218","category-general","category-portada","category-projectes"],"post_mailing_queue_ids":[],"_links":{"self":[{"href":"https:\/\/agora.xtec.cat\/escolaverd\/wp-json\/wp\/v2\/posts\/28752","targetHints":{"allow":["GET"]}}],"collection":[{"href":"https:\/\/agora.xtec.cat\/escolaverd\/wp-json\/wp\/v2\/posts"}],"about":[{"href":"https:\/\/agora.xtec.cat\/escolaverd\/wp-json\/wp\/v2\/types\/post"}],"author":[{"embeddable":true,"href":"https:\/\/agora.xtec.cat\/escolaverd\/wp-json\/wp\/v2\/users\/17"}],"replies":[{"embeddable":true,"href":"https:\/\/agora.xtec.cat\/escolaverd\/wp-json\/wp\/v2\/comments?post=28752"}],"version-history":[{"count":3,"href":"https:\/\/agora.xtec.cat\/escolaverd\/wp-json\/wp\/v2\/posts\/28752\/revisions"}],"predecessor-version":[{"id":28763,"href":"https:\/\/agora.xtec.cat\/escolaverd\/wp-json\/wp\/v2\/posts\/28752\/revisions\/28763"}],"wp:featuredmedia":[{"embeddable":true,"href":"https:\/\/agora.xtec.cat\/escolaverd\/wp-json\/wp\/v2\/media\/28759"}],"wp:attachment":[{"href":"https:\/\/agora.xtec.cat\/escolaverd\/wp-json\/wp\/v2\/media?parent=28752"}],"wp:term":[{"taxonomy":"category","embeddable":true,"href":"https:\/\/agora.xtec.cat\/escolaverd\/wp-json\/wp\/v2\/categories?post=28752"},{"taxonomy":"post_tag","embeddable":true,"href":"https:\/\/agora.xtec.cat\/escolaverd\/wp-json\/wp\/v2\/tags?post=28752"}],"curies":[{"name":"wp","href":"https:\/\/api.w.org\/{rel}","templated":true}]}}