{"id":28726,"date":"2026-03-27T12:03:02","date_gmt":"2026-03-27T11:03:02","guid":{"rendered":"https:\/\/agora.xtec.cat\/escolaverd\/?p=28726"},"modified":"2026-03-27T12:03:02","modified_gmt":"2026-03-27T11:03:02","slug":"girona-viatge-en-el-temps-visita-a-la-casa-maso","status":"publish","type":"post","link":"https:\/\/agora.xtec.cat\/escolaverd\/portada\/girona-viatge-en-el-temps-visita-a-la-casa-maso\/","title":{"rendered":"Girona, viatge en el temps. Visita a la Casa Mas\u00f3"},"content":{"rendered":"<p><span style=\"font-weight: 400\">En aquesta casa hi vivia la fam\u00edlia Mas\u00f3, una fam\u00edlia privilegiada amb molts de fills. Rafael Mas\u00f3 era un d\u2019aquests fills i va n\u00e9ixer el 1880. Va estudiar arquitectura a l\u2019universitat d\u2019Arquitectura de Barcelona, i quan va acabar la carrera va construir una farm\u00e0cia a prop de casa per a un dels seus germans. La fam\u00edlia va decidir reformar casa seva ajuntant tres altres edificis. Gr\u00e0cies a Rafael Mas\u00f3 la van remodelar i viure tranquils i amb m\u00e9s espai.<\/span><\/p>\n<p><span style=\"font-weight: 400\">A part, va fer La Farinera-Teixidor, Casa Encesa, La Punxa, la casa Salieti, Athenea, la casa Gispert Sa\u00fcch i la casa Batlle.<\/span><\/p>\n<p><span style=\"font-weight: 400\">Antoni Gaud\u00ed i el seu estil modernista va ser la seva font d\u2019inspiraci\u00f3, fins que va veure edificis arreu d\u2019Europa durant el seu viatge de noces i va crear un nou estil, el Noucentisme. S\u2019utilitzaven aquests quatre materials b\u00e0sics: la cer\u00e0mica, el vidre i els vitralls, els ferro forjat i la fusta treballats manualment.<\/span><\/p>\n<p><span style=\"font-weight: 400\">La casa Mas\u00f3 consta de cinc pisos. A la planta baixa hi havia l\u2019impremta del seu avi. A la primera planta hi havia el menjador, la cuina, el cosidor i el despatx del germ\u00e0 gran, en Santiago, i una galeria amb vistes al riu Onyar. Al segon pis era on dormien, hi havia les habitacions i el bany. Al tercer era on vivien les criades perqu\u00e8 els pisos de dalt no eren gaire valuosos, i al quart s\u2019hi trobava el terrat. En resum, la casa des de fora no crida gaire l\u2019atenci\u00f3 per\u00f2 quan vam entrar ens vam quedar bocabadats perqu\u00e8 tenia molts detalls i era molt bonica.<\/span><\/p>\n","protected":false},"excerpt":{"rendered":"<p>En aquesta casa hi vivia la fam\u00edlia Mas\u00f3, una fam\u00edlia privilegiada amb molts de fills. Rafael Mas\u00f3 era un d\u2019aquests fills i va n\u00e9ixer el 1880. Va estudiar arquitectura a l\u2019universitat d\u2019Arquitectura de Barcelona, i quan va acabar la carrera va construir una farm\u00e0cia a prop de casa per a un dels seus germans. La [&hellip;]<\/p>\n","protected":false},"author":24,"featured_media":28727,"comment_status":"open","ping_status":"open","sticky":false,"template":"","format":"standard","meta":{"_bbp_topic_count":0,"_bbp_reply_count":0,"_bbp_total_topic_count":0,"_bbp_total_reply_count":0,"_bbp_voice_count":0,"_bbp_anonymous_reply_count":0,"_bbp_topic_count_hidden":0,"_bbp_reply_count_hidden":0,"_bbp_forum_subforum_count":0,"site-sidebar-layout":"default","site-content-layout":"","ast-site-content-layout":"default","site-content-style":"default","site-sidebar-style":"default","ast-global-header-display":"","ast-banner-title-visibility":"","ast-main-header-display":"","ast-hfb-above-header-display":"","ast-hfb-below-header-display":"","ast-hfb-mobile-header-display":"","site-post-title":"","ast-breadcrumbs-content":"","ast-featured-img":"","footer-sml-layout":"","theme-transparent-header-meta":"default","adv-header-id-meta":"","stick-header-meta":"","header-above-stick-meta":"","header-main-stick-meta":"","header-below-stick-meta":"","astra-migrate-meta-layouts":"set","ast-page-background-enabled":"default","ast-page-background-meta":{"desktop":{"background-color":"var(--ast-global-color-4)","background-image":"","background-repeat":"repeat","background-position":"center center","background-size":"auto","background-attachment":"scroll","background-type":"","background-media":"","overlay-type":"","overlay-color":"","overlay-opacity":"","overlay-gradient":""},"tablet":{"background-color":"","background-image":"","background-repeat":"repeat","background-position":"center center","background-size":"auto","background-attachment":"scroll","background-type":"","background-media":"","overlay-type":"","overlay-color":"","overlay-opacity":"","overlay-gradient":""},"mobile":{"background-color":"","background-image":"","background-repeat":"repeat","background-position":"center center","background-size":"auto","background-attachment":"scroll","background-type":"","background-media":"","overlay-type":"","overlay-color":"","overlay-opacity":"","overlay-gradient":""}},"ast-content-background-meta":{"desktop":{"background-color":"var(--ast-global-color-5)","background-image":"","background-repeat":"repeat","background-position":"center center","background-size":"auto","background-attachment":"scroll","background-type":"","background-media":"","overlay-type":"","overlay-color":"","overlay-opacity":"","overlay-gradient":""},"tablet":{"background-color":"var(--ast-global-color-5)","background-image":"","background-repeat":"repeat","background-position":"center center","background-size":"auto","background-attachment":"scroll","background-type":"","background-media":"","overlay-type":"","overlay-color":"","overlay-opacity":"","overlay-gradient":""},"mobile":{"background-color":"var(--ast-global-color-5)","background-image":"","background-repeat":"repeat","background-position":"center center","background-size":"auto","background-attachment":"scroll","background-type":"","background-media":"","overlay-type":"","overlay-color":"","overlay-opacity":"","overlay-gradient":""}},"footnotes":""},"categories":[221,14,4,240],"tags":[],"class_list":["post-28726","post","type-post","status-publish","format-standard","has-post-thumbnail","hentry","category-221","category-5e","category-portada","category-projectes"],"post_mailing_queue_ids":[],"_links":{"self":[{"href":"https:\/\/agora.xtec.cat\/escolaverd\/wp-json\/wp\/v2\/posts\/28726","targetHints":{"allow":["GET"]}}],"collection":[{"href":"https:\/\/agora.xtec.cat\/escolaverd\/wp-json\/wp\/v2\/posts"}],"about":[{"href":"https:\/\/agora.xtec.cat\/escolaverd\/wp-json\/wp\/v2\/types\/post"}],"author":[{"embeddable":true,"href":"https:\/\/agora.xtec.cat\/escolaverd\/wp-json\/wp\/v2\/users\/24"}],"replies":[{"embeddable":true,"href":"https:\/\/agora.xtec.cat\/escolaverd\/wp-json\/wp\/v2\/comments?post=28726"}],"version-history":[{"count":1,"href":"https:\/\/agora.xtec.cat\/escolaverd\/wp-json\/wp\/v2\/posts\/28726\/revisions"}],"predecessor-version":[{"id":28728,"href":"https:\/\/agora.xtec.cat\/escolaverd\/wp-json\/wp\/v2\/posts\/28726\/revisions\/28728"}],"wp:featuredmedia":[{"embeddable":true,"href":"https:\/\/agora.xtec.cat\/escolaverd\/wp-json\/wp\/v2\/media\/28727"}],"wp:attachment":[{"href":"https:\/\/agora.xtec.cat\/escolaverd\/wp-json\/wp\/v2\/media?parent=28726"}],"wp:term":[{"taxonomy":"category","embeddable":true,"href":"https:\/\/agora.xtec.cat\/escolaverd\/wp-json\/wp\/v2\/categories?post=28726"},{"taxonomy":"post_tag","embeddable":true,"href":"https:\/\/agora.xtec.cat\/escolaverd\/wp-json\/wp\/v2\/tags?post=28726"}],"curies":[{"name":"wp","href":"https:\/\/api.w.org\/{rel}","templated":true}]}}