{"id":28655,"date":"2026-03-11T13:08:36","date_gmt":"2026-03-11T12:08:36","guid":{"rendered":"https:\/\/agora.xtec.cat\/escolaverd\/?p=28655"},"modified":"2026-03-11T13:08:36","modified_gmt":"2026-03-11T12:08:36","slug":"els-viatges-de-la-cisa-5","status":"publish","type":"post","link":"https:\/\/agora.xtec.cat\/escolaverd\/general\/els-viatges-de-la-cisa-5\/","title":{"rendered":"Els viatges de la Cisa"},"content":{"rendered":"<p>Els alumnes de 1r hem pogut gaudir de la visita de l&#8217;Anna Obiols i en Subi, escriptora i il\u00b7lustrador del conte &#8220;Els viatges de la Cisa&#8221;.<\/p>\n<p>Primer, l&#8217;Anna ens va venir a explicar la hist\u00f2ria, i, durant unes setmanes, hem llegit diferents contes que la Cisa ens va deixar de pr\u00e9stec. En grups, hem treballat els personatges i hem canviat el final de la hist\u00f2ria. Despr\u00e8s, en Subi ens ha ensenyat com dibuixar el final dels contes inventats.<\/p>\n<p>Han estat dues sessions molt divertides i engrescadores.<\/p>\n<div id='gallery-1' class='gallery galleryid-28655 gallery-columns-3 gallery-size-medium'><figure class='gallery-item'>\n\t\t\t<div class='gallery-icon landscape'>\n\t\t\t\t<a href='https:\/\/agora.xtec.cat\/escolaverd\/general\/els-viatges-de-la-cisa-5\/attachment\/img_9557\/'><img loading=\"lazy\" decoding=\"async\" width=\"300\" height=\"225\" src=\"https:\/\/agora.xtec.cat\/escolaverd\/wp-content\/uploads\/usu2386\/2026\/03\/IMG_9557-300x225.jpeg\" class=\"attachment-medium size-medium\" alt=\"\" srcset=\"https:\/\/agora.xtec.cat\/escolaverd\/wp-content\/uploads\/usu2386\/2026\/03\/IMG_9557-300x225.jpeg 300w, https:\/\/agora.xtec.cat\/escolaverd\/wp-content\/uploads\/usu2386\/2026\/03\/IMG_9557-1024x768.jpeg 1024w, https:\/\/agora.xtec.cat\/escolaverd\/wp-content\/uploads\/usu2386\/2026\/03\/IMG_9557-768x576.jpeg 768w, https:\/\/agora.xtec.cat\/escolaverd\/wp-content\/uploads\/usu2386\/2026\/03\/IMG_9557-1536x1152.jpeg 1536w, https:\/\/agora.xtec.cat\/escolaverd\/wp-content\/uploads\/usu2386\/2026\/03\/IMG_9557-2048x1536.jpeg 2048w\" sizes=\"auto, (max-width: 300px) 100vw, 300px\" \/><\/a>\n\t\t\t<\/div><\/figure><figure class='gallery-item'>\n\t\t\t<div class='gallery-icon landscape'>\n\t\t\t\t<a href='https:\/\/agora.xtec.cat\/escolaverd\/general\/els-viatges-de-la-cisa-5\/attachment\/img_9815\/'><img loading=\"lazy\" decoding=\"async\" width=\"300\" height=\"202\" src=\"https:\/\/agora.xtec.cat\/escolaverd\/wp-content\/uploads\/usu2386\/2026\/03\/IMG_9815-300x202.jpeg\" class=\"attachment-medium size-medium\" alt=\"\" srcset=\"https:\/\/agora.xtec.cat\/escolaverd\/wp-content\/uploads\/usu2386\/2026\/03\/IMG_9815-300x202.jpeg 300w, https:\/\/agora.xtec.cat\/escolaverd\/wp-content\/uploads\/usu2386\/2026\/03\/IMG_9815-1024x688.jpeg 1024w, https:\/\/agora.xtec.cat\/escolaverd\/wp-content\/uploads\/usu2386\/2026\/03\/IMG_9815-768x516.jpeg 768w, https:\/\/agora.xtec.cat\/escolaverd\/wp-content\/uploads\/usu2386\/2026\/03\/IMG_9815-1536x1032.jpeg 1536w, https:\/\/agora.xtec.cat\/escolaverd\/wp-content\/uploads\/usu2386\/2026\/03\/IMG_9815-2048x1376.jpeg 2048w\" sizes=\"auto, (max-width: 300px) 100vw, 300px\" \/><\/a>\n\t\t\t<\/div><\/figure><figure class='gallery-item'>\n\t\t\t<div class='gallery-icon landscape'>\n\t\t\t\t<a href='https:\/\/agora.xtec.cat\/escolaverd\/general\/els-viatges-de-la-cisa-5\/attachment\/img_9818-2\/'><img loading=\"lazy\" decoding=\"async\" width=\"300\" height=\"217\" src=\"https:\/\/agora.xtec.cat\/escolaverd\/wp-content\/uploads\/usu2386\/2026\/03\/IMG_9818-300x217.jpeg\" class=\"attachment-medium size-medium\" alt=\"\" srcset=\"https:\/\/agora.xtec.cat\/escolaverd\/wp-content\/uploads\/usu2386\/2026\/03\/IMG_9818-300x217.jpeg 300w, https:\/\/agora.xtec.cat\/escolaverd\/wp-content\/uploads\/usu2386\/2026\/03\/IMG_9818-1024x741.jpeg 1024w, https:\/\/agora.xtec.cat\/escolaverd\/wp-content\/uploads\/usu2386\/2026\/03\/IMG_9818-768x556.jpeg 768w, https:\/\/agora.xtec.cat\/escolaverd\/wp-content\/uploads\/usu2386\/2026\/03\/IMG_9818-1536x1111.jpeg 1536w, https:\/\/agora.xtec.cat\/escolaverd\/wp-content\/uploads\/usu2386\/2026\/03\/IMG_9818-2048x1481.jpeg 2048w\" sizes=\"auto, (max-width: 300px) 100vw, 300px\" \/><\/a>\n\t\t\t<\/div><\/figure><figure class='gallery-item'>\n\t\t\t<div class='gallery-icon portrait'>\n\t\t\t\t<a href='https:\/\/agora.xtec.cat\/escolaverd\/general\/els-viatges-de-la-cisa-5\/attachment\/img_9819\/'><img loading=\"lazy\" decoding=\"async\" width=\"223\" height=\"300\" src=\"https:\/\/agora.xtec.cat\/escolaverd\/wp-content\/uploads\/usu2386\/2026\/03\/IMG_9819-223x300.jpeg\" class=\"attachment-medium size-medium\" alt=\"\" srcset=\"https:\/\/agora.xtec.cat\/escolaverd\/wp-content\/uploads\/usu2386\/2026\/03\/IMG_9819-223x300.jpeg 223w, https:\/\/agora.xtec.cat\/escolaverd\/wp-content\/uploads\/usu2386\/2026\/03\/IMG_9819-763x1024.jpeg 763w, https:\/\/agora.xtec.cat\/escolaverd\/wp-content\/uploads\/usu2386\/2026\/03\/IMG_9819-768x1031.jpeg 768w, https:\/\/agora.xtec.cat\/escolaverd\/wp-content\/uploads\/usu2386\/2026\/03\/IMG_9819-1144x1536.jpeg 1144w, https:\/\/agora.xtec.cat\/escolaverd\/wp-content\/uploads\/usu2386\/2026\/03\/IMG_9819-1525x2048.jpeg 1525w, https:\/\/agora.xtec.cat\/escolaverd\/wp-content\/uploads\/usu2386\/2026\/03\/IMG_9819-scaled.jpeg 1906w\" sizes=\"auto, (max-width: 223px) 100vw, 223px\" \/><\/a>\n\t\t\t<\/div><\/figure><figure class='gallery-item'>\n\t\t\t<div class='gallery-icon landscape'>\n\t\t\t\t<a href='https:\/\/agora.xtec.cat\/escolaverd\/general\/els-viatges-de-la-cisa-5\/attachment\/img_9824-2\/'><img loading=\"lazy\" decoding=\"async\" width=\"300\" height=\"227\" src=\"https:\/\/agora.xtec.cat\/escolaverd\/wp-content\/uploads\/usu2386\/2026\/03\/IMG_9824-1-300x227.jpeg\" class=\"attachment-medium size-medium\" alt=\"\" srcset=\"https:\/\/agora.xtec.cat\/escolaverd\/wp-content\/uploads\/usu2386\/2026\/03\/IMG_9824-1-300x227.jpeg 300w, https:\/\/agora.xtec.cat\/escolaverd\/wp-content\/uploads\/usu2386\/2026\/03\/IMG_9824-1-1024x774.jpeg 1024w, https:\/\/agora.xtec.cat\/escolaverd\/wp-content\/uploads\/usu2386\/2026\/03\/IMG_9824-1-768x580.jpeg 768w, https:\/\/agora.xtec.cat\/escolaverd\/wp-content\/uploads\/usu2386\/2026\/03\/IMG_9824-1-1536x1161.jpeg 1536w, https:\/\/agora.xtec.cat\/escolaverd\/wp-content\/uploads\/usu2386\/2026\/03\/IMG_9824-1-2048x1548.jpeg 2048w\" sizes=\"auto, (max-width: 300px) 100vw, 300px\" \/><\/a>\n\t\t\t<\/div><\/figure><figure class='gallery-item'>\n\t\t\t<div class='gallery-icon portrait'>\n\t\t\t\t<a href='https:\/\/agora.xtec.cat\/escolaverd\/general\/els-viatges-de-la-cisa-5\/attachment\/img_9826\/'><img loading=\"lazy\" decoding=\"async\" width=\"267\" height=\"300\" src=\"https:\/\/agora.xtec.cat\/escolaverd\/wp-content\/uploads\/usu2386\/2026\/03\/IMG_9826-267x300.jpeg\" class=\"attachment-medium size-medium\" alt=\"\" srcset=\"https:\/\/agora.xtec.cat\/escolaverd\/wp-content\/uploads\/usu2386\/2026\/03\/IMG_9826-267x300.jpeg 267w, https:\/\/agora.xtec.cat\/escolaverd\/wp-content\/uploads\/usu2386\/2026\/03\/IMG_9826-912x1024.jpeg 912w, https:\/\/agora.xtec.cat\/escolaverd\/wp-content\/uploads\/usu2386\/2026\/03\/IMG_9826-768x862.jpeg 768w, https:\/\/agora.xtec.cat\/escolaverd\/wp-content\/uploads\/usu2386\/2026\/03\/IMG_9826-1368x1536.jpeg 1368w, https:\/\/agora.xtec.cat\/escolaverd\/wp-content\/uploads\/usu2386\/2026\/03\/IMG_9826-1825x2048.jpeg 1825w\" sizes=\"auto, (max-width: 267px) 100vw, 267px\" \/><\/a>\n\t\t\t<\/div><\/figure><figure class='gallery-item'>\n\t\t\t<div class='gallery-icon portrait'>\n\t\t\t\t<a href='https:\/\/agora.xtec.cat\/escolaverd\/general\/els-viatges-de-la-cisa-5\/attachment\/img_9841-1\/'><img loading=\"lazy\" decoding=\"async\" width=\"214\" height=\"300\" src=\"https:\/\/agora.xtec.cat\/escolaverd\/wp-content\/uploads\/usu2386\/2026\/03\/IMG_9841-1-214x300.jpeg\" class=\"attachment-medium size-medium\" alt=\"\" srcset=\"https:\/\/agora.xtec.cat\/escolaverd\/wp-content\/uploads\/usu2386\/2026\/03\/IMG_9841-1-214x300.jpeg 214w, https:\/\/agora.xtec.cat\/escolaverd\/wp-content\/uploads\/usu2386\/2026\/03\/IMG_9841-1-731x1024.jpeg 731w, https:\/\/agora.xtec.cat\/escolaverd\/wp-content\/uploads\/usu2386\/2026\/03\/IMG_9841-1-768x1075.jpeg 768w, https:\/\/agora.xtec.cat\/escolaverd\/wp-content\/uploads\/usu2386\/2026\/03\/IMG_9841-1-1097x1536.jpeg 1097w, https:\/\/agora.xtec.cat\/escolaverd\/wp-content\/uploads\/usu2386\/2026\/03\/IMG_9841-1-1463x2048.jpeg 1463w, https:\/\/agora.xtec.cat\/escolaverd\/wp-content\/uploads\/usu2386\/2026\/03\/IMG_9841-1-scaled.jpeg 1829w\" sizes=\"auto, (max-width: 214px) 100vw, 214px\" \/><\/a>\n\t\t\t<\/div><\/figure><figure class='gallery-item'>\n\t\t\t<div class='gallery-icon portrait'>\n\t\t\t\t<a href='https:\/\/agora.xtec.cat\/escolaverd\/general\/els-viatges-de-la-cisa-5\/attachment\/img_9842-1\/'><img loading=\"lazy\" decoding=\"async\" width=\"210\" height=\"300\" src=\"https:\/\/agora.xtec.cat\/escolaverd\/wp-content\/uploads\/usu2386\/2026\/03\/IMG_9842-1-210x300.jpeg\" class=\"attachment-medium size-medium\" alt=\"\" srcset=\"https:\/\/agora.xtec.cat\/escolaverd\/wp-content\/uploads\/usu2386\/2026\/03\/IMG_9842-1-210x300.jpeg 210w, https:\/\/agora.xtec.cat\/escolaverd\/wp-content\/uploads\/usu2386\/2026\/03\/IMG_9842-1-718x1024.jpeg 718w, https:\/\/agora.xtec.cat\/escolaverd\/wp-content\/uploads\/usu2386\/2026\/03\/IMG_9842-1-768x1096.jpeg 768w, https:\/\/agora.xtec.cat\/escolaverd\/wp-content\/uploads\/usu2386\/2026\/03\/IMG_9842-1-1077x1536.jpeg 1077w, https:\/\/agora.xtec.cat\/escolaverd\/wp-content\/uploads\/usu2386\/2026\/03\/IMG_9842-1-1435x2048.jpeg 1435w, https:\/\/agora.xtec.cat\/escolaverd\/wp-content\/uploads\/usu2386\/2026\/03\/IMG_9842-1-scaled.jpeg 1794w\" sizes=\"auto, (max-width: 210px) 100vw, 210px\" \/><\/a>\n\t\t\t<\/div><\/figure><figure class='gallery-item'>\n\t\t\t<div class='gallery-icon landscape'>\n\t\t\t\t<a href='https:\/\/agora.xtec.cat\/escolaverd\/general\/els-viatges-de-la-cisa-5\/attachment\/img_9843-1\/'><img loading=\"lazy\" decoding=\"async\" width=\"300\" height=\"240\" src=\"https:\/\/agora.xtec.cat\/escolaverd\/wp-content\/uploads\/usu2386\/2026\/03\/IMG_9843-1-300x240.jpeg\" class=\"attachment-medium size-medium\" alt=\"\" srcset=\"https:\/\/agora.xtec.cat\/escolaverd\/wp-content\/uploads\/usu2386\/2026\/03\/IMG_9843-1-300x240.jpeg 300w, https:\/\/agora.xtec.cat\/escolaverd\/wp-content\/uploads\/usu2386\/2026\/03\/IMG_9843-1-1024x819.jpeg 1024w, https:\/\/agora.xtec.cat\/escolaverd\/wp-content\/uploads\/usu2386\/2026\/03\/IMG_9843-1-768x614.jpeg 768w, https:\/\/agora.xtec.cat\/escolaverd\/wp-content\/uploads\/usu2386\/2026\/03\/IMG_9843-1-1536x1229.jpeg 1536w, https:\/\/agora.xtec.cat\/escolaverd\/wp-content\/uploads\/usu2386\/2026\/03\/IMG_9843-1-2048x1638.jpeg 2048w\" sizes=\"auto, (max-width: 300px) 100vw, 300px\" \/><\/a>\n\t\t\t<\/div><\/figure><figure class='gallery-item'>\n\t\t\t<div class='gallery-icon landscape'>\n\t\t\t\t<a href='https:\/\/agora.xtec.cat\/escolaverd\/general\/els-viatges-de-la-cisa-5\/attachment\/img_9844-1-2\/'><img loading=\"lazy\" decoding=\"async\" width=\"300\" height=\"283\" src=\"https:\/\/agora.xtec.cat\/escolaverd\/wp-content\/uploads\/usu2386\/2026\/03\/IMG_9844-1-1-300x283.jpeg\" class=\"attachment-medium size-medium\" alt=\"\" srcset=\"https:\/\/agora.xtec.cat\/escolaverd\/wp-content\/uploads\/usu2386\/2026\/03\/IMG_9844-1-1-300x283.jpeg 300w, https:\/\/agora.xtec.cat\/escolaverd\/wp-content\/uploads\/usu2386\/2026\/03\/IMG_9844-1-1-1024x967.jpeg 1024w, https:\/\/agora.xtec.cat\/escolaverd\/wp-content\/uploads\/usu2386\/2026\/03\/IMG_9844-1-1-768x725.jpeg 768w, https:\/\/agora.xtec.cat\/escolaverd\/wp-content\/uploads\/usu2386\/2026\/03\/IMG_9844-1-1-1536x1450.jpeg 1536w, https:\/\/agora.xtec.cat\/escolaverd\/wp-content\/uploads\/usu2386\/2026\/03\/IMG_9844-1-1-2048x1934.jpeg 2048w\" sizes=\"auto, (max-width: 300px) 100vw, 300px\" \/><\/a>\n\t\t\t<\/div><\/figure>\n\t\t<\/div>\n\n<p><!--more--><\/p>\n","protected":false},"excerpt":{"rendered":"<p>Els alumnes de 1r hem pogut gaudir de la visita de l&#8217;Anna Obiols i en Subi, escriptora i il\u00b7lustrador del conte &#8220;Els viatges de la Cisa&#8221;. Primer, l&#8217;Anna ens va venir a explicar la hist\u00f2ria, i, durant unes setmanes, hem llegit diferents contes que la Cisa ens va deixar de pr\u00e9stec. En grups, hem treballat [&hellip;]<\/p>\n","protected":false},"author":17,"featured_media":28663,"comment_status":"open","ping_status":"open","sticky":false,"template":"","format":"standard","meta":{"_bbp_topic_count":0,"_bbp_reply_count":0,"_bbp_total_topic_count":0,"_bbp_total_reply_count":0,"_bbp_voice_count":0,"_bbp_anonymous_reply_count":0,"_bbp_topic_count_hidden":0,"_bbp_reply_count_hidden":0,"_bbp_forum_subforum_count":0,"site-sidebar-layout":"default","site-content-layout":"","ast-site-content-layout":"default","site-content-style":"default","site-sidebar-style":"default","ast-global-header-display":"","ast-banner-title-visibility":"","ast-main-header-display":"","ast-hfb-above-header-display":"","ast-hfb-below-header-display":"","ast-hfb-mobile-header-display":"","site-post-title":"","ast-breadcrumbs-content":"","ast-featured-img":"","footer-sml-layout":"","theme-transparent-header-meta":"default","adv-header-id-meta":"","stick-header-meta":"","header-above-stick-meta":"","header-main-stick-meta":"","header-below-stick-meta":"","astra-migrate-meta-layouts":"set","ast-page-background-enabled":"default","ast-page-background-meta":{"desktop":{"background-color":"var(--ast-global-color-4)","background-image":"","background-repeat":"repeat","background-position":"center center","background-size":"auto","background-attachment":"scroll","background-type":"","background-media":"","overlay-type":"","overlay-color":"","overlay-opacity":"","overlay-gradient":""},"tablet":{"background-color":"","background-image":"","background-repeat":"repeat","background-position":"center center","background-size":"auto","background-attachment":"scroll","background-type":"","background-media":"","overlay-type":"","overlay-color":"","overlay-opacity":"","overlay-gradient":""},"mobile":{"background-color":"","background-image":"","background-repeat":"repeat","background-position":"center center","background-size":"auto","background-attachment":"scroll","background-type":"","background-media":"","overlay-type":"","overlay-color":"","overlay-opacity":"","overlay-gradient":""}},"ast-content-background-meta":{"desktop":{"background-color":"var(--ast-global-color-5)","background-image":"","background-repeat":"repeat","background-position":"center center","background-size":"auto","background-attachment":"scroll","background-type":"","background-media":"","overlay-type":"","overlay-color":"","overlay-opacity":"","overlay-gradient":""},"tablet":{"background-color":"var(--ast-global-color-5)","background-image":"","background-repeat":"repeat","background-position":"center center","background-size":"auto","background-attachment":"scroll","background-type":"","background-media":"","overlay-type":"","overlay-color":"","overlay-opacity":"","overlay-gradient":""},"mobile":{"background-color":"var(--ast-global-color-5)","background-image":"","background-repeat":"repeat","background-position":"center center","background-size":"auto","background-attachment":"scroll","background-type":"","background-media":"","overlay-type":"","overlay-color":"","overlay-opacity":"","overlay-gradient":""}},"footnotes":""},"categories":[78,218,1,4],"tags":[],"class_list":["post-28655","post","type-post","status-publish","format-standard","has-post-thumbnail","hentry","category-1r","category-218","category-general","category-portada"],"post_mailing_queue_ids":[],"_links":{"self":[{"href":"https:\/\/agora.xtec.cat\/escolaverd\/wp-json\/wp\/v2\/posts\/28655","targetHints":{"allow":["GET"]}}],"collection":[{"href":"https:\/\/agora.xtec.cat\/escolaverd\/wp-json\/wp\/v2\/posts"}],"about":[{"href":"https:\/\/agora.xtec.cat\/escolaverd\/wp-json\/wp\/v2\/types\/post"}],"author":[{"embeddable":true,"href":"https:\/\/agora.xtec.cat\/escolaverd\/wp-json\/wp\/v2\/users\/17"}],"replies":[{"embeddable":true,"href":"https:\/\/agora.xtec.cat\/escolaverd\/wp-json\/wp\/v2\/comments?post=28655"}],"version-history":[{"count":1,"href":"https:\/\/agora.xtec.cat\/escolaverd\/wp-json\/wp\/v2\/posts\/28655\/revisions"}],"predecessor-version":[{"id":28673,"href":"https:\/\/agora.xtec.cat\/escolaverd\/wp-json\/wp\/v2\/posts\/28655\/revisions\/28673"}],"wp:featuredmedia":[{"embeddable":true,"href":"https:\/\/agora.xtec.cat\/escolaverd\/wp-json\/wp\/v2\/media\/28663"}],"wp:attachment":[{"href":"https:\/\/agora.xtec.cat\/escolaverd\/wp-json\/wp\/v2\/media?parent=28655"}],"wp:term":[{"taxonomy":"category","embeddable":true,"href":"https:\/\/agora.xtec.cat\/escolaverd\/wp-json\/wp\/v2\/categories?post=28655"},{"taxonomy":"post_tag","embeddable":true,"href":"https:\/\/agora.xtec.cat\/escolaverd\/wp-json\/wp\/v2\/tags?post=28655"}],"curies":[{"name":"wp","href":"https:\/\/api.w.org\/{rel}","templated":true}]}}