{"id":28395,"date":"2026-01-29T15:28:48","date_gmt":"2026-01-29T14:28:48","guid":{"rendered":"https:\/\/agora.xtec.cat\/escolaverd\/?p=28395"},"modified":"2026-01-29T15:31:56","modified_gmt":"2026-01-29T14:31:56","slug":"sessions-informatives-preinscripcio-escolar-2026-2027","status":"publish","type":"post","link":"https:\/\/agora.xtec.cat\/escolaverd\/general\/sessions-informatives-preinscripcio-escolar-2026-2027\/","title":{"rendered":"Sessions informatives Preinscripci\u00f3 Escolar 2026-2027"},"content":{"rendered":"<p><a href=\"https:\/\/web.girona.cat\/educacio\/noticies\/-\/asset_publisher\/qX2go3ZjsK2h\/content\/les-sessions-informatives-sobre-el-proc%C3%A9s-de-preinscripci%C3%B3-escolar-per-al-curs-2026-2027-es-faran-la-primera-setmana-de-febrer\"><img loading=\"lazy\" decoding=\"async\" class=\"alignleft\" src=\"https:\/\/web.girona.cat\/o\/si?&amp;i=\/documents\/20147\/0\/Cartell-Sessions-informatives-preinscripcio-26-27.jpg\/df946f6d-d38f-d982-41cd-f78f60dfe2f7?t=1769596219439\" alt=\"null\" width=\"350\" height=\"495\" \/><\/a>L\u2019Ajuntament de Girona ha organitzat aquest mes de febrer\u00a0dues sessions informatives\u00a0obertes a la ciutadania sobre el proc\u00e9s de preinscripci\u00f3 escolar 2026-2027. Es tracta del segon any que es fan i estan <strong>adre\u00e7ades principalment a les fam\u00edlies amb infants nascuts l&#8217;any 2023<\/strong> que han de fer la preinscripci\u00f3 a I3 el mes de mar\u00e7. La iniciativa, que t\u00e9 per <strong>objectiu resoldre els dubtes de les fam\u00edlies sobre aquest tr\u00e0mit.<\/strong><\/p>\n<p>Del <strong>4 al 18 de mar\u00e7 s&#8217;iniciar\u00e0 el proc\u00e9s de preinscripci\u00f3<\/strong> per a l&#8217;alumnat d&#8217;educaci\u00f3 infantil de segon cicle i de prim\u00e0ria, un procediment regulat pel Departament d\u2019Educaci\u00f3 de la Generalitat de Catalunya. Aquests dies, una gran quantitat de fam\u00edlies hauran d&#8217;abordar un tr\u00e0mit que genera dubtes sobre el seu funcionament, especialment quan toca iniciar l&#8217;etapa de segon cicle d&#8217;educaci\u00f3 infantil (I3).<\/p>\n<p>Davant d\u2019aix\u00f2, des de l&#8217;Oficina Municipal d&#8217;Escolaritzaci\u00f3 de l&#8217;Ajuntament de Girona s&#8217;han organitzat dues sessions informatives, en zones educatives diferents de la ciutat, adre\u00e7ades priorit\u00e0riament a totes les fam\u00edlies amb infants que han de comen\u00e7ar I3 el curs 2026-2027. Aquesta formaci\u00f3 posa el focus en el procediment, la normativa, la import\u00e0ncia de les jornades de portes obertes, el fet d\u2019eliminar la rumorologia i la resoluci\u00f3 de les inc\u00f2gnites respecte a l&#8217;ordre de prioritat d&#8217;acc\u00e9s, la baremaci\u00f3 de les sol\u00b7licituds o la zonificaci\u00f3 de la ciutat.<\/p>\n","protected":false},"excerpt":{"rendered":"<p>L\u2019Ajuntament de Girona ha organitzat aquest mes de febrer\u00a0dues sessions informatives\u00a0obertes a la ciutadania sobre el proc\u00e9s de preinscripci\u00f3 escolar 2026-2027. Es tracta del segon any que es fan i estan adre\u00e7ades principalment a les fam\u00edlies amb infants nascuts l&#8217;any 2023 que han de fer la preinscripci\u00f3 a I3 el mes de mar\u00e7. La iniciativa, [&hellip;]<\/p>\n","protected":false},"author":1,"featured_media":28398,"comment_status":"open","ping_status":"open","sticky":false,"template":"","format":"standard","meta":{"_bbp_topic_count":0,"_bbp_reply_count":0,"_bbp_total_topic_count":0,"_bbp_total_reply_count":0,"_bbp_voice_count":0,"_bbp_anonymous_reply_count":0,"_bbp_topic_count_hidden":0,"_bbp_reply_count_hidden":0,"_bbp_forum_subforum_count":0,"site-sidebar-layout":"default","site-content-layout":"","ast-site-content-layout":"default","site-content-style":"default","site-sidebar-style":"default","ast-global-header-display":"","ast-banner-title-visibility":"","ast-main-header-display":"","ast-hfb-above-header-display":"","ast-hfb-below-header-display":"","ast-hfb-mobile-header-display":"","site-post-title":"","ast-breadcrumbs-content":"","ast-featured-img":"","footer-sml-layout":"","theme-transparent-header-meta":"default","adv-header-id-meta":"","stick-header-meta":"","header-above-stick-meta":"","header-main-stick-meta":"","header-below-stick-meta":"","astra-migrate-meta-layouts":"set","ast-page-background-enabled":"default","ast-page-background-meta":{"desktop":{"background-color":"var(--ast-global-color-4)","background-image":"","background-repeat":"repeat","background-position":"center center","background-size":"auto","background-attachment":"scroll","background-type":"","background-media":"","overlay-type":"","overlay-color":"","overlay-opacity":"","overlay-gradient":""},"tablet":{"background-color":"","background-image":"","background-repeat":"repeat","background-position":"center center","background-size":"auto","background-attachment":"scroll","background-type":"","background-media":"","overlay-type":"","overlay-color":"","overlay-opacity":"","overlay-gradient":""},"mobile":{"background-color":"","background-image":"","background-repeat":"repeat","background-position":"center center","background-size":"auto","background-attachment":"scroll","background-type":"","background-media":"","overlay-type":"","overlay-color":"","overlay-opacity":"","overlay-gradient":""}},"ast-content-background-meta":{"desktop":{"background-color":"var(--ast-global-color-5)","background-image":"","background-repeat":"repeat","background-position":"center center","background-size":"auto","background-attachment":"scroll","background-type":"","background-media":"","overlay-type":"","overlay-color":"","overlay-opacity":"","overlay-gradient":""},"tablet":{"background-color":"var(--ast-global-color-5)","background-image":"","background-repeat":"repeat","background-position":"center center","background-size":"auto","background-attachment":"scroll","background-type":"","background-media":"","overlay-type":"","overlay-color":"","overlay-opacity":"","overlay-gradient":""},"mobile":{"background-color":"var(--ast-global-color-5)","background-image":"","background-repeat":"repeat","background-position":"center center","background-size":"auto","background-attachment":"scroll","background-type":"","background-media":"","overlay-type":"","overlay-color":"","overlay-opacity":"","overlay-gradient":""}},"footnotes":""},"categories":[249,1,4],"tags":[],"class_list":["post-28395","post","type-post","status-publish","format-standard","has-post-thumbnail","hentry","category-families","category-general","category-portada"],"post_mailing_queue_ids":[],"_links":{"self":[{"href":"https:\/\/agora.xtec.cat\/escolaverd\/wp-json\/wp\/v2\/posts\/28395","targetHints":{"allow":["GET"]}}],"collection":[{"href":"https:\/\/agora.xtec.cat\/escolaverd\/wp-json\/wp\/v2\/posts"}],"about":[{"href":"https:\/\/agora.xtec.cat\/escolaverd\/wp-json\/wp\/v2\/types\/post"}],"author":[{"embeddable":true,"href":"https:\/\/agora.xtec.cat\/escolaverd\/wp-json\/wp\/v2\/users\/1"}],"replies":[{"embeddable":true,"href":"https:\/\/agora.xtec.cat\/escolaverd\/wp-json\/wp\/v2\/comments?post=28395"}],"version-history":[{"count":1,"href":"https:\/\/agora.xtec.cat\/escolaverd\/wp-json\/wp\/v2\/posts\/28395\/revisions"}],"predecessor-version":[{"id":28396,"href":"https:\/\/agora.xtec.cat\/escolaverd\/wp-json\/wp\/v2\/posts\/28395\/revisions\/28396"}],"wp:featuredmedia":[{"embeddable":true,"href":"https:\/\/agora.xtec.cat\/escolaverd\/wp-json\/wp\/v2\/media\/28398"}],"wp:attachment":[{"href":"https:\/\/agora.xtec.cat\/escolaverd\/wp-json\/wp\/v2\/media?parent=28395"}],"wp:term":[{"taxonomy":"category","embeddable":true,"href":"https:\/\/agora.xtec.cat\/escolaverd\/wp-json\/wp\/v2\/categories?post=28395"},{"taxonomy":"post_tag","embeddable":true,"href":"https:\/\/agora.xtec.cat\/escolaverd\/wp-json\/wp\/v2\/tags?post=28395"}],"curies":[{"name":"wp","href":"https:\/\/api.w.org\/{rel}","templated":true}]}}