{"id":28115,"date":"2025-10-07T15:55:41","date_gmt":"2025-10-07T13:55:41","guid":{"rendered":"https:\/\/agora.xtec.cat\/escolaverd\/?p=28115"},"modified":"2025-10-07T15:55:41","modified_gmt":"2025-10-07T13:55:41","slug":"pla-de-digitalitzacio-responsable","status":"publish","type":"post","link":"https:\/\/agora.xtec.cat\/escolaverd\/general\/pla-de-digitalitzacio-responsable\/","title":{"rendered":"Pla de digitalitzaci\u00f3 responsable"},"content":{"rendered":"<p><a href=\"https:\/\/agora.xtec.cat\/escolaverd\/wp-content\/uploads\/usu2386\/2025\/10\/Captura-de-pantalla-2025-10-07-154947.png\"><img loading=\"lazy\" decoding=\"async\" class=\"alignnone  wp-image-28116\" src=\"https:\/\/agora.xtec.cat\/escolaverd\/wp-content\/uploads\/usu2386\/2025\/10\/Captura-de-pantalla-2025-10-07-154947.png\" alt=\"\" width=\"567\" height=\"418\" srcset=\"https:\/\/agora.xtec.cat\/escolaverd\/wp-content\/uploads\/usu2386\/2025\/10\/Captura-de-pantalla-2025-10-07-154947.png 953w, https:\/\/agora.xtec.cat\/escolaverd\/wp-content\/uploads\/usu2386\/2025\/10\/Captura-de-pantalla-2025-10-07-154947-300x221.png 300w, https:\/\/agora.xtec.cat\/escolaverd\/wp-content\/uploads\/usu2386\/2025\/10\/Captura-de-pantalla-2025-10-07-154947-768x567.png 768w\" sizes=\"auto, (max-width: 567px) 100vw, 567px\" \/><\/a><\/p>\n<p>Us enllacem la publicaci\u00f3 <a href=\"https:\/\/educacio.gencat.cat\/web\/.content\/home\/departament\/publicacions\/monografies\/mon-digital\/guia-families-menys-pantalles\/guia-families.pdf\">Menys pantalla, m\u00e9s vida<\/a>!, del Departament d&#8217;Educaci\u00f3 i Formaci\u00f3 Professional que s&#8217;emmarca dins del <a href=\"https:\/\/educacio.gencat.cat\/ca\/departament\/linies-estrategiques\/pla-digitalitzacio-responsable\/index.html#acompanyament-a-les-families--guia-per-a-una-digitalitzacio-responsable\">Pla de digitalitzaci\u00f3 responsable.\u00a0<\/a><\/p>\n<p>Seguint les instruccions d&#8217;aquest pla, la setmana passada va venir a l&#8217;escola en Sergi Garcia, psic\u00f2leg del servei de promoci\u00f3 de la salut de l&#8217;Ajuntament de Girona, que ens va oferir la xerrada <em>Parlem de dispositius electr\u00f2nics.\u00a0<\/em><\/p>\n","protected":false},"excerpt":{"rendered":"<p>Us enllacem la publicaci\u00f3 Menys pantalla, m\u00e9s vida!, del Departament d&#8217;Educaci\u00f3 i Formaci\u00f3 Professional que s&#8217;emmarca dins del Pla de digitalitzaci\u00f3 responsable.\u00a0 Seguint les instruccions d&#8217;aquest pla, la setmana passada va venir a l&#8217;escola en Sergi Garcia, psic\u00f2leg del servei de promoci\u00f3 de la salut de l&#8217;Ajuntament de Girona, que ens va oferir la xerrada [&hellip;]<\/p>\n","protected":false},"author":1,"featured_media":28116,"comment_status":"open","ping_status":"open","sticky":false,"template":"","format":"standard","meta":{"_bbp_topic_count":0,"_bbp_reply_count":0,"_bbp_total_topic_count":0,"_bbp_total_reply_count":0,"_bbp_voice_count":0,"_bbp_anonymous_reply_count":0,"_bbp_topic_count_hidden":0,"_bbp_reply_count_hidden":0,"_bbp_forum_subforum_count":0,"site-sidebar-layout":"default","site-content-layout":"","ast-site-content-layout":"","site-content-style":"default","site-sidebar-style":"default","ast-global-header-display":"","ast-banner-title-visibility":"","ast-main-header-display":"","ast-hfb-above-header-display":"","ast-hfb-below-header-display":"","ast-hfb-mobile-header-display":"","site-post-title":"","ast-breadcrumbs-content":"","ast-featured-img":"","footer-sml-layout":"","theme-transparent-header-meta":"","adv-header-id-meta":"","stick-header-meta":"","header-above-stick-meta":"","header-main-stick-meta":"","header-below-stick-meta":"","astra-migrate-meta-layouts":"default","ast-page-background-enabled":"default","ast-page-background-meta":{"desktop":{"background-color":"var(--ast-global-color-4)","background-image":"","background-repeat":"repeat","background-position":"center center","background-size":"auto","background-attachment":"scroll","background-type":"","background-media":"","overlay-type":"","overlay-color":"","overlay-opacity":"","overlay-gradient":""},"tablet":{"background-color":"","background-image":"","background-repeat":"repeat","background-position":"center center","background-size":"auto","background-attachment":"scroll","background-type":"","background-media":"","overlay-type":"","overlay-color":"","overlay-opacity":"","overlay-gradient":""},"mobile":{"background-color":"","background-image":"","background-repeat":"repeat","background-position":"center center","background-size":"auto","background-attachment":"scroll","background-type":"","background-media":"","overlay-type":"","overlay-color":"","overlay-opacity":"","overlay-gradient":""}},"ast-content-background-meta":{"desktop":{"background-color":"var(--ast-global-color-5)","background-image":"","background-repeat":"repeat","background-position":"center center","background-size":"auto","background-attachment":"scroll","background-type":"","background-media":"","overlay-type":"","overlay-color":"","overlay-opacity":"","overlay-gradient":""},"tablet":{"background-color":"var(--ast-global-color-5)","background-image":"","background-repeat":"repeat","background-position":"center center","background-size":"auto","background-attachment":"scroll","background-type":"","background-media":"","overlay-type":"","overlay-color":"","overlay-opacity":"","overlay-gradient":""},"mobile":{"background-color":"var(--ast-global-color-5)","background-image":"","background-repeat":"repeat","background-position":"center center","background-size":"auto","background-attachment":"scroll","background-type":"","background-media":"","overlay-type":"","overlay-color":"","overlay-opacity":"","overlay-gradient":""}},"footnotes":""},"categories":[249,1,4],"tags":[],"class_list":["post-28115","post","type-post","status-publish","format-standard","has-post-thumbnail","hentry","category-families","category-general","category-portada"],"post_mailing_queue_ids":[],"_links":{"self":[{"href":"https:\/\/agora.xtec.cat\/escolaverd\/wp-json\/wp\/v2\/posts\/28115","targetHints":{"allow":["GET"]}}],"collection":[{"href":"https:\/\/agora.xtec.cat\/escolaverd\/wp-json\/wp\/v2\/posts"}],"about":[{"href":"https:\/\/agora.xtec.cat\/escolaverd\/wp-json\/wp\/v2\/types\/post"}],"author":[{"embeddable":true,"href":"https:\/\/agora.xtec.cat\/escolaverd\/wp-json\/wp\/v2\/users\/1"}],"replies":[{"embeddable":true,"href":"https:\/\/agora.xtec.cat\/escolaverd\/wp-json\/wp\/v2\/comments?post=28115"}],"version-history":[{"count":1,"href":"https:\/\/agora.xtec.cat\/escolaverd\/wp-json\/wp\/v2\/posts\/28115\/revisions"}],"predecessor-version":[{"id":28117,"href":"https:\/\/agora.xtec.cat\/escolaverd\/wp-json\/wp\/v2\/posts\/28115\/revisions\/28117"}],"wp:featuredmedia":[{"embeddable":true,"href":"https:\/\/agora.xtec.cat\/escolaverd\/wp-json\/wp\/v2\/media\/28116"}],"wp:attachment":[{"href":"https:\/\/agora.xtec.cat\/escolaverd\/wp-json\/wp\/v2\/media?parent=28115"}],"wp:term":[{"taxonomy":"category","embeddable":true,"href":"https:\/\/agora.xtec.cat\/escolaverd\/wp-json\/wp\/v2\/categories?post=28115"},{"taxonomy":"post_tag","embeddable":true,"href":"https:\/\/agora.xtec.cat\/escolaverd\/wp-json\/wp\/v2\/tags?post=28115"}],"curies":[{"name":"wp","href":"https:\/\/api.w.org\/{rel}","templated":true}]}}