{"id":28091,"date":"2025-09-26T11:46:44","date_gmt":"2025-09-26T09:46:44","guid":{"rendered":"https:\/\/agora.xtec.cat\/escolaverd\/?p=28091"},"modified":"2025-09-26T14:54:00","modified_gmt":"2025-09-26T12:54:00","slug":"en-joc","status":"publish","type":"post","link":"https:\/\/agora.xtec.cat\/escolaverd\/general\/en-joc\/","title":{"rendered":"En Joc"},"content":{"rendered":"<p>Des del Servei d\u2019Educaci\u00f3 de l\u2019Ajuntament de Girona us informen de la posada en marxa del servei <strong>En Joc<\/strong>, un recurs adre\u00e7at a fam\u00edlies amb infants de 0 a 6 anys. L\u2019objectiu \u00e9s oferir espais de joc compartit en fam\u00edlia, de qualitat i en entorns cuidats, com a eina essencial pel desenvolupament infantil, la socialitzaci\u00f3 i l\u2019enfortiment dels vincles afectius.<u><\/u><u><\/u><\/p>\n<p>El joc no \u00e9s nom\u00e9s diversi\u00f3; \u00e9s aprenentatge, \u00e9s descoberta, \u00e9s clau per entendre el m\u00f3n i una manera de cr\u00e9ixer junts. Per aix\u00f2, d\u2019octubre a juny, algunes escoles bressol municipals s\u2019obriran fora de l\u2019horari escolar i es convertiran en espais on les fam\u00edlies podran jugar amb els seus fills i filles a les tardes.<u><\/u><u><\/u><\/p>\n<p>Aquests espais familiars volen ser tamb\u00e9 punts de trobada i relaci\u00f3 entre fam\u00edlies, afavorint el teixit i vincle comunitari i la cohesi\u00f3 social.<u><\/u><u><\/u><\/p>\n<p>Aix\u00ed mateix, informar-vos que l\u2019acc\u00e9s als espais familiars \u00e9s lliure i gratu\u00eft i que trobareu tota la informaci\u00f3 sobre espais, calendari i horaris a la web municipal:<br \/>\n<img decoding=\"async\" class=\"an1\" draggable=\"false\" src=\"https:\/\/fonts.gstatic.com\/s\/e\/notoemoji\/16.0\/1f449\/72.png\" alt=\"\ud83d\udc49\" data-emoji=\"\ud83d\udc49\" aria-label=\"\ud83d\udc49\" \/>\u00a0<a href=\"https:\/\/web.girona.cat\/educacio\/en-joc\" target=\"_blank\" rel=\"noopener\" data-saferedirecturl=\"https:\/\/www.google.com\/url?q=https:\/\/web.girona.cat\/educacio\/en-joc&amp;source=gmail&amp;ust=1758966006353000&amp;usg=AOvVaw1AvQJzKv0WsQfKcwI_v6Ed\">https:\/\/web.girona.cat\/<wbr \/>educacio\/en-joc<\/a><\/p>\n","protected":false},"excerpt":{"rendered":"<p>Des del Servei d\u2019Educaci\u00f3 de l\u2019Ajuntament de Girona us informen de la posada en marxa del servei En Joc, un recurs adre\u00e7at a fam\u00edlies amb infants de 0 a 6 anys. L\u2019objectiu \u00e9s oferir espais de joc compartit en fam\u00edlia, de qualitat i en entorns cuidats, com a eina essencial pel desenvolupament infantil, la socialitzaci\u00f3 [&hellip;]<\/p>\n","protected":false},"author":1,"featured_media":28094,"comment_status":"open","ping_status":"open","sticky":false,"template":"","format":"standard","meta":{"_bbp_topic_count":0,"_bbp_reply_count":0,"_bbp_total_topic_count":0,"_bbp_total_reply_count":0,"_bbp_voice_count":0,"_bbp_anonymous_reply_count":0,"_bbp_topic_count_hidden":0,"_bbp_reply_count_hidden":0,"_bbp_forum_subforum_count":0,"site-sidebar-layout":"default","site-content-layout":"","ast-site-content-layout":"","site-content-style":"default","site-sidebar-style":"default","ast-global-header-display":"","ast-banner-title-visibility":"","ast-main-header-display":"","ast-hfb-above-header-display":"","ast-hfb-below-header-display":"","ast-hfb-mobile-header-display":"","site-post-title":"","ast-breadcrumbs-content":"","ast-featured-img":"","footer-sml-layout":"","theme-transparent-header-meta":"","adv-header-id-meta":"","stick-header-meta":"","header-above-stick-meta":"","header-main-stick-meta":"","header-below-stick-meta":"","astra-migrate-meta-layouts":"default","ast-page-background-enabled":"default","ast-page-background-meta":{"desktop":{"background-color":"var(--ast-global-color-4)","background-image":"","background-repeat":"repeat","background-position":"center center","background-size":"auto","background-attachment":"scroll","background-type":"","background-media":"","overlay-type":"","overlay-color":"","overlay-opacity":"","overlay-gradient":""},"tablet":{"background-color":"","background-image":"","background-repeat":"repeat","background-position":"center center","background-size":"auto","background-attachment":"scroll","background-type":"","background-media":"","overlay-type":"","overlay-color":"","overlay-opacity":"","overlay-gradient":""},"mobile":{"background-color":"","background-image":"","background-repeat":"repeat","background-position":"center center","background-size":"auto","background-attachment":"scroll","background-type":"","background-media":"","overlay-type":"","overlay-color":"","overlay-opacity":"","overlay-gradient":""}},"ast-content-background-meta":{"desktop":{"background-color":"var(--ast-global-color-5)","background-image":"","background-repeat":"repeat","background-position":"center center","background-size":"auto","background-attachment":"scroll","background-type":"","background-media":"","overlay-type":"","overlay-color":"","overlay-opacity":"","overlay-gradient":""},"tablet":{"background-color":"var(--ast-global-color-5)","background-image":"","background-repeat":"repeat","background-position":"center center","background-size":"auto","background-attachment":"scroll","background-type":"","background-media":"","overlay-type":"","overlay-color":"","overlay-opacity":"","overlay-gradient":""},"mobile":{"background-color":"var(--ast-global-color-5)","background-image":"","background-repeat":"repeat","background-position":"center center","background-size":"auto","background-attachment":"scroll","background-type":"","background-media":"","overlay-type":"","overlay-color":"","overlay-opacity":"","overlay-gradient":""}},"footnotes":""},"categories":[249,1,3,8,9,4],"tags":[],"class_list":["post-28091","post","type-post","status-publish","format-standard","has-post-thumbnail","hentry","category-families","category-general","category-i3","category-i4","category-i5","category-portada"],"post_mailing_queue_ids":[],"_links":{"self":[{"href":"https:\/\/agora.xtec.cat\/escolaverd\/wp-json\/wp\/v2\/posts\/28091","targetHints":{"allow":["GET"]}}],"collection":[{"href":"https:\/\/agora.xtec.cat\/escolaverd\/wp-json\/wp\/v2\/posts"}],"about":[{"href":"https:\/\/agora.xtec.cat\/escolaverd\/wp-json\/wp\/v2\/types\/post"}],"author":[{"embeddable":true,"href":"https:\/\/agora.xtec.cat\/escolaverd\/wp-json\/wp\/v2\/users\/1"}],"replies":[{"embeddable":true,"href":"https:\/\/agora.xtec.cat\/escolaverd\/wp-json\/wp\/v2\/comments?post=28091"}],"version-history":[{"count":1,"href":"https:\/\/agora.xtec.cat\/escolaverd\/wp-json\/wp\/v2\/posts\/28091\/revisions"}],"predecessor-version":[{"id":28093,"href":"https:\/\/agora.xtec.cat\/escolaverd\/wp-json\/wp\/v2\/posts\/28091\/revisions\/28093"}],"wp:featuredmedia":[{"embeddable":true,"href":"https:\/\/agora.xtec.cat\/escolaverd\/wp-json\/wp\/v2\/media\/28094"}],"wp:attachment":[{"href":"https:\/\/agora.xtec.cat\/escolaverd\/wp-json\/wp\/v2\/media?parent=28091"}],"wp:term":[{"taxonomy":"category","embeddable":true,"href":"https:\/\/agora.xtec.cat\/escolaverd\/wp-json\/wp\/v2\/categories?post=28091"},{"taxonomy":"post_tag","embeddable":true,"href":"https:\/\/agora.xtec.cat\/escolaverd\/wp-json\/wp\/v2\/tags?post=28091"}],"curies":[{"name":"wp","href":"https:\/\/api.w.org\/{rel}","templated":true}]}}