{"id":28087,"date":"2025-09-23T19:09:41","date_gmt":"2025-09-23T17:09:41","guid":{"rendered":"https:\/\/agora.xtec.cat\/escolaverd\/?p=28087"},"modified":"2025-09-23T19:09:41","modified_gmt":"2025-09-23T17:09:41","slug":"capsules-formatives-dipsalut-2","status":"publish","type":"post","link":"https:\/\/agora.xtec.cat\/escolaverd\/general\/capsules-formatives-dipsalut-2\/","title":{"rendered":"C\u00e0psules formatives Dipsalut"},"content":{"rendered":"<p style=\"font-weight: 400;\">Des de Dipsalut, organisme de Salut P\u00fablica de la Diputaci\u00f3 de Girona, presenten les <strong>c\u00e0psules formatives en l\u00ednia d\u2019aquesta tardor que organitzen des<\/strong>\u00a0<strong>del<\/strong>\u00a0<a href=\"https:\/\/families.dipsalut.cat\/ca\/capsules-en-linia.html\" data-saferedirecturl=\"https:\/\/www.google.com\/url?q=https:\/\/families.dipsalut.cat\/ca\/capsules-en-linia.html&amp;source=gmail&amp;ust=1758695993330000&amp;usg=AOvVaw37DnQDpqTu-7mJ3QPMF4Pm\"><strong>Programa per a fam\u00edlies<\/strong><\/a>\u00a0i que van dirigides a fam\u00edlies amb fills i filles escolaritzats a prim\u00e0ria i secund\u00e0ria.<\/p>\n<p style=\"font-weight: 400;\"><strong>Les c\u00e0psules formatives en l\u00ednia\u00a0<\/strong>s\u00f3n formacions\u00a0de\u00a0<strong>dues hores de durada<\/strong>\u00a0de la m\u00e0 de professionals que donen\u00a0<strong>recursos i eines per acompanyar les fam\u00edlies<\/strong>\u00a0en temes relacionats amb la\u00a0<strong>salut i la crian\u00e7a.\u00a0<\/strong><\/p>\n<p style=\"font-weight: 400;\">Podeu consultar el web o el cartell adjunt amb les tem\u00e0tiques i les dates d\u2019aquest trimestre:<\/p>\n<p><a href=\"https:\/\/agora.xtec.cat\/escolaverd\/wp-content\/uploads\/usu2386\/2025\/09\/1r-trimestre-25-26.pdf\">1r trimestre 25-26<\/a><\/p>\n","protected":false},"excerpt":{"rendered":"<p>Des de Dipsalut, organisme de Salut P\u00fablica de la Diputaci\u00f3 de Girona, presenten les c\u00e0psules formatives en l\u00ednia d\u2019aquesta tardor que organitzen des\u00a0del\u00a0Programa per a fam\u00edlies\u00a0i que van dirigides a fam\u00edlies amb fills i filles escolaritzats a prim\u00e0ria i secund\u00e0ria. Les c\u00e0psules formatives en l\u00ednia\u00a0s\u00f3n formacions\u00a0de\u00a0dues hores de durada\u00a0de la m\u00e0 de professionals que donen\u00a0recursos [&hellip;]<\/p>\n","protected":false},"author":1,"featured_media":28089,"comment_status":"open","ping_status":"open","sticky":false,"template":"","format":"standard","meta":{"_bbp_topic_count":0,"_bbp_reply_count":0,"_bbp_total_topic_count":0,"_bbp_total_reply_count":0,"_bbp_voice_count":0,"_bbp_anonymous_reply_count":0,"_bbp_topic_count_hidden":0,"_bbp_reply_count_hidden":0,"_bbp_forum_subforum_count":0,"site-sidebar-layout":"default","site-content-layout":"","ast-site-content-layout":"","site-content-style":"default","site-sidebar-style":"default","ast-global-header-display":"","ast-banner-title-visibility":"","ast-main-header-display":"","ast-hfb-above-header-display":"","ast-hfb-below-header-display":"","ast-hfb-mobile-header-display":"","site-post-title":"","ast-breadcrumbs-content":"","ast-featured-img":"","footer-sml-layout":"","theme-transparent-header-meta":"","adv-header-id-meta":"","stick-header-meta":"","header-above-stick-meta":"","header-main-stick-meta":"","header-below-stick-meta":"","astra-migrate-meta-layouts":"default","ast-page-background-enabled":"default","ast-page-background-meta":{"desktop":{"background-color":"var(--ast-global-color-4)","background-image":"","background-repeat":"repeat","background-position":"center center","background-size":"auto","background-attachment":"scroll","background-type":"","background-media":"","overlay-type":"","overlay-color":"","overlay-opacity":"","overlay-gradient":""},"tablet":{"background-color":"","background-image":"","background-repeat":"repeat","background-position":"center center","background-size":"auto","background-attachment":"scroll","background-type":"","background-media":"","overlay-type":"","overlay-color":"","overlay-opacity":"","overlay-gradient":""},"mobile":{"background-color":"","background-image":"","background-repeat":"repeat","background-position":"center center","background-size":"auto","background-attachment":"scroll","background-type":"","background-media":"","overlay-type":"","overlay-color":"","overlay-opacity":"","overlay-gradient":""}},"ast-content-background-meta":{"desktop":{"background-color":"var(--ast-global-color-5)","background-image":"","background-repeat":"repeat","background-position":"center center","background-size":"auto","background-attachment":"scroll","background-type":"","background-media":"","overlay-type":"","overlay-color":"","overlay-opacity":"","overlay-gradient":""},"tablet":{"background-color":"var(--ast-global-color-5)","background-image":"","background-repeat":"repeat","background-position":"center center","background-size":"auto","background-attachment":"scroll","background-type":"","background-media":"","overlay-type":"","overlay-color":"","overlay-opacity":"","overlay-gradient":""},"mobile":{"background-color":"var(--ast-global-color-5)","background-image":"","background-repeat":"repeat","background-position":"center center","background-size":"auto","background-attachment":"scroll","background-type":"","background-media":"","overlay-type":"","overlay-color":"","overlay-opacity":"","overlay-gradient":""}},"footnotes":""},"categories":[249,1,4],"tags":[],"class_list":["post-28087","post","type-post","status-publish","format-standard","has-post-thumbnail","hentry","category-families","category-general","category-portada"],"post_mailing_queue_ids":[],"_links":{"self":[{"href":"https:\/\/agora.xtec.cat\/escolaverd\/wp-json\/wp\/v2\/posts\/28087","targetHints":{"allow":["GET"]}}],"collection":[{"href":"https:\/\/agora.xtec.cat\/escolaverd\/wp-json\/wp\/v2\/posts"}],"about":[{"href":"https:\/\/agora.xtec.cat\/escolaverd\/wp-json\/wp\/v2\/types\/post"}],"author":[{"embeddable":true,"href":"https:\/\/agora.xtec.cat\/escolaverd\/wp-json\/wp\/v2\/users\/1"}],"replies":[{"embeddable":true,"href":"https:\/\/agora.xtec.cat\/escolaverd\/wp-json\/wp\/v2\/comments?post=28087"}],"version-history":[{"count":1,"href":"https:\/\/agora.xtec.cat\/escolaverd\/wp-json\/wp\/v2\/posts\/28087\/revisions"}],"predecessor-version":[{"id":28090,"href":"https:\/\/agora.xtec.cat\/escolaverd\/wp-json\/wp\/v2\/posts\/28087\/revisions\/28090"}],"wp:featuredmedia":[{"embeddable":true,"href":"https:\/\/agora.xtec.cat\/escolaverd\/wp-json\/wp\/v2\/media\/28089"}],"wp:attachment":[{"href":"https:\/\/agora.xtec.cat\/escolaverd\/wp-json\/wp\/v2\/media?parent=28087"}],"wp:term":[{"taxonomy":"category","embeddable":true,"href":"https:\/\/agora.xtec.cat\/escolaverd\/wp-json\/wp\/v2\/categories?post=28087"},{"taxonomy":"post_tag","embeddable":true,"href":"https:\/\/agora.xtec.cat\/escolaverd\/wp-json\/wp\/v2\/tags?post=28087"}],"curies":[{"name":"wp","href":"https:\/\/api.w.org\/{rel}","templated":true}]}}