{"id":28082,"date":"2025-09-12T12:30:18","date_gmt":"2025-09-12T10:30:18","guid":{"rendered":"https:\/\/agora.xtec.cat\/escolaverd\/?p=28082"},"modified":"2025-09-12T12:30:59","modified_gmt":"2025-09-12T10:30:59","slug":"nit-de-la-recerca-2025","status":"publish","type":"post","link":"https:\/\/agora.xtec.cat\/escolaverd\/general\/nit-de-la-recerca-2025\/","title":{"rendered":"Nit de la recerca 2025"},"content":{"rendered":"<p><a href=\"https:\/\/agora.xtec.cat\/escolaverd\/wp-content\/uploads\/usu2386\/2025\/09\/Captura-de-pantalla-2025-09-12-122923.png\"><img loading=\"lazy\" decoding=\"async\" class=\"alignnone size-full wp-image-28083\" src=\"https:\/\/agora.xtec.cat\/escolaverd\/wp-content\/uploads\/usu2386\/2025\/09\/Captura-de-pantalla-2025-09-12-122923.png\" alt=\"\" width=\"387\" height=\"106\" srcset=\"https:\/\/agora.xtec.cat\/escolaverd\/wp-content\/uploads\/usu2386\/2025\/09\/Captura-de-pantalla-2025-09-12-122923.png 387w, https:\/\/agora.xtec.cat\/escolaverd\/wp-content\/uploads\/usu2386\/2025\/09\/Captura-de-pantalla-2025-09-12-122923-300x82.png 300w\" sizes=\"auto, (max-width: 387px) 100vw, 387px\" \/><\/a><\/p>\n<p>La Nit Europea de la Recerca tindr\u00e0 lloc el dia 26 de setembre. L&#8217;acte central se celebrar\u00e0 a la Pla\u00e7a Santa Susanna, davant l\u2019esgl\u00e9sia del Mercadal a Girona. Des de les 17h, investigadors i investigadores de la UdG,\u00a0l\u2019IdIBGi\u00a0i l\u2019ICRA\u00a0oferiran\u00a0<a href=\"https:\/\/www.udg.edu\/en\/investiga\/udgdivulga\/divulgacio-i-foment-de-vocacions-cientifiques\/nit-de-la-recerca\/tallers\">tallers<\/a> per explicar la seva recerca de forma que hi puguin participar p\u00fablics de totes les edats, sobretot els futurs petits recercaires. A m\u00e9s dels tallers es faran demostracions i experiments que mostraran com n&#8217;\u00e9s d\u2019espectacular la ci\u00e8ncia i com ens ajuda a millorar el nostre dia a dia. La novetat d\u2019aquesta edici\u00f3 \u00e9s la participaci\u00f3 de la <a href=\"https:\/\/www.annaroca.com\/ca\/espectacles\/valentina-quantica\/\"><i>Valentina Qu\u00e0ntica<\/i>,<\/a>\u00a0espectacle familiar per tal d\u2019introduir els m\u00e9s petits a fer recerca!<\/p>\n<p>Trobareu tota la informaci\u00f3 a <a href=\"https:\/\/lanitdelarecerca.cat\/node\/girona\/\">https:\/\/lanitdelarecerca.cat\/node\/girona\/<\/a><\/p>\n","protected":false},"excerpt":{"rendered":"<p>La Nit Europea de la Recerca tindr\u00e0 lloc el dia 26 de setembre. L&#8217;acte central se celebrar\u00e0 a la Pla\u00e7a Santa Susanna, davant l\u2019esgl\u00e9sia del Mercadal a Girona. Des de les 17h, investigadors i investigadores de la UdG,\u00a0l\u2019IdIBGi\u00a0i l\u2019ICRA\u00a0oferiran\u00a0tallers per explicar la seva recerca de forma que hi puguin participar p\u00fablics de totes les edats, [&hellip;]<\/p>\n","protected":false},"author":1,"featured_media":28083,"comment_status":"open","ping_status":"open","sticky":false,"template":"","format":"standard","meta":{"_bbp_topic_count":0,"_bbp_reply_count":0,"_bbp_total_topic_count":0,"_bbp_total_reply_count":0,"_bbp_voice_count":0,"_bbp_anonymous_reply_count":0,"_bbp_topic_count_hidden":0,"_bbp_reply_count_hidden":0,"_bbp_forum_subforum_count":0,"site-sidebar-layout":"default","site-content-layout":"","ast-site-content-layout":"","site-content-style":"default","site-sidebar-style":"default","ast-global-header-display":"","ast-banner-title-visibility":"","ast-main-header-display":"","ast-hfb-above-header-display":"","ast-hfb-below-header-display":"","ast-hfb-mobile-header-display":"","site-post-title":"","ast-breadcrumbs-content":"","ast-featured-img":"","footer-sml-layout":"","theme-transparent-header-meta":"","adv-header-id-meta":"","stick-header-meta":"","header-above-stick-meta":"","header-main-stick-meta":"","header-below-stick-meta":"","astra-migrate-meta-layouts":"default","ast-page-background-enabled":"default","ast-page-background-meta":{"desktop":{"background-color":"var(--ast-global-color-4)","background-image":"","background-repeat":"repeat","background-position":"center center","background-size":"auto","background-attachment":"scroll","background-type":"","background-media":"","overlay-type":"","overlay-color":"","overlay-opacity":"","overlay-gradient":""},"tablet":{"background-color":"","background-image":"","background-repeat":"repeat","background-position":"center center","background-size":"auto","background-attachment":"scroll","background-type":"","background-media":"","overlay-type":"","overlay-color":"","overlay-opacity":"","overlay-gradient":""},"mobile":{"background-color":"","background-image":"","background-repeat":"repeat","background-position":"center center","background-size":"auto","background-attachment":"scroll","background-type":"","background-media":"","overlay-type":"","overlay-color":"","overlay-opacity":"","overlay-gradient":""}},"ast-content-background-meta":{"desktop":{"background-color":"var(--ast-global-color-5)","background-image":"","background-repeat":"repeat","background-position":"center center","background-size":"auto","background-attachment":"scroll","background-type":"","background-media":"","overlay-type":"","overlay-color":"","overlay-opacity":"","overlay-gradient":""},"tablet":{"background-color":"var(--ast-global-color-5)","background-image":"","background-repeat":"repeat","background-position":"center center","background-size":"auto","background-attachment":"scroll","background-type":"","background-media":"","overlay-type":"","overlay-color":"","overlay-opacity":"","overlay-gradient":""},"mobile":{"background-color":"var(--ast-global-color-5)","background-image":"","background-repeat":"repeat","background-position":"center center","background-size":"auto","background-attachment":"scroll","background-type":"","background-media":"","overlay-type":"","overlay-color":"","overlay-opacity":"","overlay-gradient":""}},"footnotes":""},"categories":[249,1,4],"tags":[],"class_list":["post-28082","post","type-post","status-publish","format-standard","has-post-thumbnail","hentry","category-families","category-general","category-portada"],"post_mailing_queue_ids":[],"_links":{"self":[{"href":"https:\/\/agora.xtec.cat\/escolaverd\/wp-json\/wp\/v2\/posts\/28082","targetHints":{"allow":["GET"]}}],"collection":[{"href":"https:\/\/agora.xtec.cat\/escolaverd\/wp-json\/wp\/v2\/posts"}],"about":[{"href":"https:\/\/agora.xtec.cat\/escolaverd\/wp-json\/wp\/v2\/types\/post"}],"author":[{"embeddable":true,"href":"https:\/\/agora.xtec.cat\/escolaverd\/wp-json\/wp\/v2\/users\/1"}],"replies":[{"embeddable":true,"href":"https:\/\/agora.xtec.cat\/escolaverd\/wp-json\/wp\/v2\/comments?post=28082"}],"version-history":[{"count":2,"href":"https:\/\/agora.xtec.cat\/escolaverd\/wp-json\/wp\/v2\/posts\/28082\/revisions"}],"predecessor-version":[{"id":28085,"href":"https:\/\/agora.xtec.cat\/escolaverd\/wp-json\/wp\/v2\/posts\/28082\/revisions\/28085"}],"wp:featuredmedia":[{"embeddable":true,"href":"https:\/\/agora.xtec.cat\/escolaverd\/wp-json\/wp\/v2\/media\/28083"}],"wp:attachment":[{"href":"https:\/\/agora.xtec.cat\/escolaverd\/wp-json\/wp\/v2\/media?parent=28082"}],"wp:term":[{"taxonomy":"category","embeddable":true,"href":"https:\/\/agora.xtec.cat\/escolaverd\/wp-json\/wp\/v2\/categories?post=28082"},{"taxonomy":"post_tag","embeddable":true,"href":"https:\/\/agora.xtec.cat\/escolaverd\/wp-json\/wp\/v2\/tags?post=28082"}],"curies":[{"name":"wp","href":"https:\/\/api.w.org\/{rel}","templated":true}]}}