{"id":27927,"date":"2025-05-16T18:58:28","date_gmt":"2025-05-16T16:58:28","guid":{"rendered":"https:\/\/agora.xtec.cat\/escolaverd\/?p=27927"},"modified":"2025-05-16T18:59:02","modified_gmt":"2025-05-16T16:59:02","slug":"els-capgrossos-del-verd","status":"publish","type":"post","link":"https:\/\/agora.xtec.cat\/escolaverd\/general\/els-capgrossos-del-verd\/","title":{"rendered":"Els capgrossos del Verd"},"content":{"rendered":"<p><a href=\"https:\/\/agora.xtec.cat\/escolaverd\/wp-content\/uploads\/usu2386\/2025\/05\/Captura-de-pantalla-2025-05-16-185629.png\"><img loading=\"lazy\" decoding=\"async\" class=\" wp-image-27972 alignleft\" src=\"https:\/\/agora.xtec.cat\/escolaverd\/wp-content\/uploads\/usu2386\/2025\/05\/Captura-de-pantalla-2025-05-16-185629.png\" alt=\"\" width=\"350\" height=\"341\" srcset=\"https:\/\/agora.xtec.cat\/escolaverd\/wp-content\/uploads\/usu2386\/2025\/05\/Captura-de-pantalla-2025-05-16-185629.png 547w, https:\/\/agora.xtec.cat\/escolaverd\/wp-content\/uploads\/usu2386\/2025\/05\/Captura-de-pantalla-2025-05-16-185629-300x292.png 300w\" sizes=\"auto, (max-width: 350px) 100vw, 350px\" \/><\/a>Dissabte passat vam presentar els capgrossos de l&#8217;escola <span style=\"font-family: inherit; font-size: 1em;\">a les fam\u00edlies. I aquesta setmana tota la ciutat els podr\u00e0 con\u00e8ixer perqu\u00e8 en Siset, la Margarida i la Fada Violeta llueixen ara mateix a l&#8217;exposici\u00f3 de Temps de Flors, juntament amb una bona colla de capgrossos de la ciutat.<\/span><\/p>\n<p>A principi de curs l&#8217;AMPA ens va proposar qu\u00e8 ens semblaria que a l&#8217;escola tingu\u00e9ssim capgrossos. Ens va encantar la idea i vam creure que seria un molt bon tema per treballar enguany al consell d&#8217;alumnes. Per ajudar-nos en tot el proc\u00e9s vam comptar amb l&#8217;ajuda d&#8217;en Nuxu Perpiny\u00e0, un gran promotor de la cultura popular a les comarques gironines.<\/p>\n<p>Vam comen\u00e7ar el mes de novembre fent una primera reuni\u00f3 del consell d&#8217;alumnes amb en Nuxu per tal que comen\u00e7ar el proc\u00e9s creatiu. Era important que ens expliqu\u00e9s com es constru\u00efen els capgrossos. Els delegats i delegades van portar\u00a0\u00a0la proposta <span style=\"font-family: inherit; font-size: 1em;\">a les seves aules i all\u00e0, juntament amb els seus companys, van fer pluges d&#8217;idees per buscar quins podien ser els personatges que representessin millor l&#8217;escola. Van fer dibuixos, van triar els millors i els van portar a la seg\u00fcent reuni\u00f3 del consell un mes m\u00e9s tard.<\/span><\/p>\n<p>Va costar molt decidir quins tres personatges far\u00edem perqu\u00e8 en van sortir 5: un nen, una nena, un mestre, una mestra i la fada Violeta. Per aix\u00f2 vam aprofitar la fira solid\u00e0ria que vam organitzar a l&#8217;escola a benefici d&#8217;una escola afectada per la Dana de Val\u00e8ncia per fer una votaci\u00f3 entre les fam\u00edlies i l&#8217;alumnat. Finalment, els tres personatges escollits van ser el nen, la nena i la fada Violeta.<\/p>\n<div id='gallery-1' class='gallery galleryid-27927 gallery-columns-3 gallery-size-thumbnail'><figure class='gallery-item'>\n\t\t\t<div class='gallery-icon portrait'>\n\t\t\t\t<a href='https:\/\/agora.xtec.cat\/escolaverd\/general\/els-capgrossos-del-verd\/attachment\/margarida\/'><img loading=\"lazy\" decoding=\"async\" width=\"150\" height=\"150\" src=\"https:\/\/agora.xtec.cat\/escolaverd\/wp-content\/uploads\/usu2386\/2025\/05\/margarida-150x150.png\" class=\"attachment-thumbnail size-thumbnail\" alt=\"\" \/><\/a>\n\t\t\t<\/div><\/figure><figure class='gallery-item'>\n\t\t\t<div class='gallery-icon portrait'>\n\t\t\t\t<a href='https:\/\/agora.xtec.cat\/escolaverd\/general\/els-capgrossos-del-verd\/attachment\/nen\/'><img loading=\"lazy\" decoding=\"async\" width=\"150\" height=\"150\" src=\"https:\/\/agora.xtec.cat\/escolaverd\/wp-content\/uploads\/usu2386\/2025\/05\/nen-150x150.png\" class=\"attachment-thumbnail size-thumbnail\" alt=\"\" \/><\/a>\n\t\t\t<\/div><\/figure><figure class='gallery-item'>\n\t\t\t<div class='gallery-icon portrait'>\n\t\t\t\t<a href='https:\/\/agora.xtec.cat\/escolaverd\/general\/els-capgrossos-del-verd\/attachment\/captura-de-pantalla-2025-05-16-184227\/'><img loading=\"lazy\" decoding=\"async\" width=\"150\" height=\"150\" src=\"https:\/\/agora.xtec.cat\/escolaverd\/wp-content\/uploads\/usu2386\/2025\/05\/Captura-de-pantalla-2025-05-16-184227-e1747413792825-150x150.png\" class=\"attachment-thumbnail size-thumbnail\" alt=\"\" \/><\/a>\n\t\t\t<\/div><\/figure>\n\t\t<\/div>\n\n<p>Ara nom\u00e9s faltava construir-los i buscar el nom per als nens.\u00a0A partir d&#8217;aqu\u00ed en Nuxu va venir a l&#8217;escola quatre dilluns sencers i van anar passant tots els alumnes de l&#8217;escola per ajudar a construir, caracteritzar i pintar els capgrossos.<\/p>\n<p>I finalment nom\u00e9s quedava el vestuari: en Siset i la Margarida anirien vestits amb el xandall de l&#8217;escola. Per\u00f2 la Violeta havia d&#8217;anar molt ben vestida, com fan totes les fades. I l&#8217;Anna, una mestra de l&#8217;escola ja jubilada a qui li agrada molt cosir, ens va fer el vestit.<\/p>\n<div id='gallery-2' class='gallery galleryid-27927 gallery-columns-4 gallery-size-medium'><figure class='gallery-item'>\n\t\t\t<div class='gallery-icon landscape'>\n\t\t\t\t<a href='https:\/\/agora.xtec.cat\/escolaverd\/general\/els-capgrossos-del-verd\/attachment\/1000060127\/'><img loading=\"lazy\" decoding=\"async\" width=\"300\" height=\"225\" src=\"https:\/\/agora.xtec.cat\/escolaverd\/wp-content\/uploads\/usu2386\/2025\/05\/1000060127-300x225.jpg\" class=\"attachment-medium size-medium\" alt=\"\" srcset=\"https:\/\/agora.xtec.cat\/escolaverd\/wp-content\/uploads\/usu2386\/2025\/05\/1000060127-300x225.jpg 300w, https:\/\/agora.xtec.cat\/escolaverd\/wp-content\/uploads\/usu2386\/2025\/05\/1000060127-1024x768.jpg 1024w, https:\/\/agora.xtec.cat\/escolaverd\/wp-content\/uploads\/usu2386\/2025\/05\/1000060127-768x576.jpg 768w, https:\/\/agora.xtec.cat\/escolaverd\/wp-content\/uploads\/usu2386\/2025\/05\/1000060127-1536x1152.jpg 1536w, https:\/\/agora.xtec.cat\/escolaverd\/wp-content\/uploads\/usu2386\/2025\/05\/1000060127-200x150.jpg 200w, https:\/\/agora.xtec.cat\/escolaverd\/wp-content\/uploads\/usu2386\/2025\/05\/1000060127.jpg 1600w\" sizes=\"auto, (max-width: 300px) 100vw, 300px\" \/><\/a>\n\t\t\t<\/div><\/figure><figure class='gallery-item'>\n\t\t\t<div class='gallery-icon landscape'>\n\t\t\t\t<a href='https:\/\/agora.xtec.cat\/escolaverd\/general\/els-capgrossos-del-verd\/attachment\/captura-de-pantalla-2025-05-16-185112\/'><img loading=\"lazy\" decoding=\"async\" width=\"300\" height=\"214\" src=\"https:\/\/agora.xtec.cat\/escolaverd\/wp-content\/uploads\/usu2386\/2025\/05\/Captura-de-pantalla-2025-05-16-185112-300x214.png\" class=\"attachment-medium size-medium\" alt=\"\" srcset=\"https:\/\/agora.xtec.cat\/escolaverd\/wp-content\/uploads\/usu2386\/2025\/05\/Captura-de-pantalla-2025-05-16-185112-300x214.png 300w, https:\/\/agora.xtec.cat\/escolaverd\/wp-content\/uploads\/usu2386\/2025\/05\/Captura-de-pantalla-2025-05-16-185112-1024x730.png 1024w, https:\/\/agora.xtec.cat\/escolaverd\/wp-content\/uploads\/usu2386\/2025\/05\/Captura-de-pantalla-2025-05-16-185112-768x548.png 768w, https:\/\/agora.xtec.cat\/escolaverd\/wp-content\/uploads\/usu2386\/2025\/05\/Captura-de-pantalla-2025-05-16-185112.png 1132w\" sizes=\"auto, (max-width: 300px) 100vw, 300px\" \/><\/a>\n\t\t\t<\/div><\/figure><figure class='gallery-item'>\n\t\t\t<div class='gallery-icon landscape'>\n\t\t\t\t<a href='https:\/\/agora.xtec.cat\/escolaverd\/general\/els-capgrossos-del-verd\/attachment\/captura-de-pantalla-2025-05-16-185046\/'><img loading=\"lazy\" decoding=\"async\" width=\"300\" height=\"224\" src=\"https:\/\/agora.xtec.cat\/escolaverd\/wp-content\/uploads\/usu2386\/2025\/05\/Captura-de-pantalla-2025-05-16-185046-300x224.png\" class=\"attachment-medium size-medium\" alt=\"\" srcset=\"https:\/\/agora.xtec.cat\/escolaverd\/wp-content\/uploads\/usu2386\/2025\/05\/Captura-de-pantalla-2025-05-16-185046-300x224.png 300w, https:\/\/agora.xtec.cat\/escolaverd\/wp-content\/uploads\/usu2386\/2025\/05\/Captura-de-pantalla-2025-05-16-185046-1024x766.png 1024w, https:\/\/agora.xtec.cat\/escolaverd\/wp-content\/uploads\/usu2386\/2025\/05\/Captura-de-pantalla-2025-05-16-185046-768x575.png 768w, https:\/\/agora.xtec.cat\/escolaverd\/wp-content\/uploads\/usu2386\/2025\/05\/Captura-de-pantalla-2025-05-16-185046-200x150.png 200w, https:\/\/agora.xtec.cat\/escolaverd\/wp-content\/uploads\/usu2386\/2025\/05\/Captura-de-pantalla-2025-05-16-185046.png 1172w\" sizes=\"auto, (max-width: 300px) 100vw, 300px\" \/><\/a>\n\t\t\t<\/div><\/figure><figure class='gallery-item'>\n\t\t\t<div class='gallery-icon landscape'>\n\t\t\t\t<a href='https:\/\/agora.xtec.cat\/escolaverd\/general\/els-capgrossos-del-verd\/attachment\/captura-de-pantalla-2025-05-16-185153\/'><img loading=\"lazy\" decoding=\"async\" width=\"300\" height=\"232\" src=\"https:\/\/agora.xtec.cat\/escolaverd\/wp-content\/uploads\/usu2386\/2025\/05\/Captura-de-pantalla-2025-05-16-185153-300x232.png\" class=\"attachment-medium size-medium\" alt=\"\" srcset=\"https:\/\/agora.xtec.cat\/escolaverd\/wp-content\/uploads\/usu2386\/2025\/05\/Captura-de-pantalla-2025-05-16-185153-300x232.png 300w, https:\/\/agora.xtec.cat\/escolaverd\/wp-content\/uploads\/usu2386\/2025\/05\/Captura-de-pantalla-2025-05-16-185153.png 675w\" sizes=\"auto, (max-width: 300px) 100vw, 300px\" \/><\/a>\n\t\t\t<\/div><\/figure>\n\t\t<\/div>\n\n<p>&nbsp;<\/p>\n<p>&nbsp;<\/p>\n<p>&nbsp;<\/p>\n","protected":false},"excerpt":{"rendered":"<p>Dissabte passat vam presentar els capgrossos de l&#8217;escola a les fam\u00edlies. I aquesta setmana tota la ciutat els podr\u00e0 con\u00e8ixer perqu\u00e8 en Siset, la Margarida i la Fada Violeta llueixen ara mateix a l&#8217;exposici\u00f3 de Temps de Flors, juntament amb una bona colla de capgrossos de la ciutat. A principi de curs l&#8217;AMPA ens va [&hellip;]<\/p>\n","protected":false},"author":1,"featured_media":27972,"comment_status":"open","ping_status":"closed","sticky":false,"template":"","format":"standard","meta":{"_bbp_topic_count":0,"_bbp_reply_count":0,"_bbp_total_topic_count":0,"_bbp_total_reply_count":0,"_bbp_voice_count":0,"_bbp_anonymous_reply_count":0,"_bbp_topic_count_hidden":0,"_bbp_reply_count_hidden":0,"_bbp_forum_subforum_count":0,"site-sidebar-layout":"default","site-content-layout":"","ast-site-content-layout":"","site-content-style":"default","site-sidebar-style":"default","ast-global-header-display":"","ast-banner-title-visibility":"","ast-main-header-display":"","ast-hfb-above-header-display":"","ast-hfb-below-header-display":"","ast-hfb-mobile-header-display":"","site-post-title":"","ast-breadcrumbs-content":"","ast-featured-img":"","footer-sml-layout":"","theme-transparent-header-meta":"","adv-header-id-meta":"","stick-header-meta":"","header-above-stick-meta":"","header-main-stick-meta":"","header-below-stick-meta":"","astra-migrate-meta-layouts":"default","ast-page-background-enabled":"default","ast-page-background-meta":{"desktop":{"background-color":"var(--ast-global-color-4)","background-image":"","background-repeat":"repeat","background-position":"center center","background-size":"auto","background-attachment":"scroll","background-type":"","background-media":"","overlay-type":"","overlay-color":"","overlay-opacity":"","overlay-gradient":""},"tablet":{"background-color":"","background-image":"","background-repeat":"repeat","background-position":"center center","background-size":"auto","background-attachment":"scroll","background-type":"","background-media":"","overlay-type":"","overlay-color":"","overlay-opacity":"","overlay-gradient":""},"mobile":{"background-color":"","background-image":"","background-repeat":"repeat","background-position":"center center","background-size":"auto","background-attachment":"scroll","background-type":"","background-media":"","overlay-type":"","overlay-color":"","overlay-opacity":"","overlay-gradient":""}},"ast-content-background-meta":{"desktop":{"background-color":"var(--ast-global-color-5)","background-image":"","background-repeat":"repeat","background-position":"center center","background-size":"auto","background-attachment":"scroll","background-type":"","background-media":"","overlay-type":"","overlay-color":"","overlay-opacity":"","overlay-gradient":""},"tablet":{"background-color":"var(--ast-global-color-5)","background-image":"","background-repeat":"repeat","background-position":"center center","background-size":"auto","background-attachment":"scroll","background-type":"","background-media":"","overlay-type":"","overlay-color":"","overlay-opacity":"","overlay-gradient":""},"mobile":{"background-color":"var(--ast-global-color-5)","background-image":"","background-repeat":"repeat","background-position":"center center","background-size":"auto","background-attachment":"scroll","background-type":"","background-media":"","overlay-type":"","overlay-color":"","overlay-opacity":"","overlay-gradient":""}},"footnotes":""},"categories":[7,249,1,4,240],"tags":[],"class_list":["post-27927","post","type-post","status-publish","format-standard","has-post-thumbnail","hentry","category-ampa","category-families","category-general","category-portada","category-projectes"],"post_mailing_queue_ids":[],"_links":{"self":[{"href":"https:\/\/agora.xtec.cat\/escolaverd\/wp-json\/wp\/v2\/posts\/27927","targetHints":{"allow":["GET"]}}],"collection":[{"href":"https:\/\/agora.xtec.cat\/escolaverd\/wp-json\/wp\/v2\/posts"}],"about":[{"href":"https:\/\/agora.xtec.cat\/escolaverd\/wp-json\/wp\/v2\/types\/post"}],"author":[{"embeddable":true,"href":"https:\/\/agora.xtec.cat\/escolaverd\/wp-json\/wp\/v2\/users\/1"}],"replies":[{"embeddable":true,"href":"https:\/\/agora.xtec.cat\/escolaverd\/wp-json\/wp\/v2\/comments?post=27927"}],"version-history":[{"count":4,"href":"https:\/\/agora.xtec.cat\/escolaverd\/wp-json\/wp\/v2\/posts\/27927\/revisions"}],"predecessor-version":[{"id":27974,"href":"https:\/\/agora.xtec.cat\/escolaverd\/wp-json\/wp\/v2\/posts\/27927\/revisions\/27974"}],"wp:featuredmedia":[{"embeddable":true,"href":"https:\/\/agora.xtec.cat\/escolaverd\/wp-json\/wp\/v2\/media\/27972"}],"wp:attachment":[{"href":"https:\/\/agora.xtec.cat\/escolaverd\/wp-json\/wp\/v2\/media?parent=27927"}],"wp:term":[{"taxonomy":"category","embeddable":true,"href":"https:\/\/agora.xtec.cat\/escolaverd\/wp-json\/wp\/v2\/categories?post=27927"},{"taxonomy":"post_tag","embeddable":true,"href":"https:\/\/agora.xtec.cat\/escolaverd\/wp-json\/wp\/v2\/tags?post=27927"}],"curies":[{"name":"wp","href":"https:\/\/api.w.org\/{rel}","templated":true}]}}