{"id":27727,"date":"2025-04-04T12:17:23","date_gmt":"2025-04-04T10:17:23","guid":{"rendered":"https:\/\/agora.xtec.cat\/escolaverd\/?p=27727"},"modified":"2025-04-04T12:17:26","modified_gmt":"2025-04-04T10:17:26","slug":"ciencia-en-equip","status":"publish","type":"post","link":"https:\/\/agora.xtec.cat\/escolaverd\/general\/ciencia-en-equip\/","title":{"rendered":"Ci\u00e8ncia en equip"},"content":{"rendered":"<p><a href=\"https:\/\/agora.xtec.cat\/escolaverd\/wp-content\/uploads\/usu2386\/2025\/04\/Captura-de-pantalla-2025-04-04-121614.png\"><img loading=\"lazy\" decoding=\"async\" class=\"size-full wp-image-27729 alignleft\" src=\"https:\/\/agora.xtec.cat\/escolaverd\/wp-content\/uploads\/usu2386\/2025\/04\/Captura-de-pantalla-2025-04-04-121614.png\" alt=\"\" width=\"430\" height=\"583\" srcset=\"https:\/\/agora.xtec.cat\/escolaverd\/wp-content\/uploads\/usu2386\/2025\/04\/Captura-de-pantalla-2025-04-04-121614.png 430w, https:\/\/agora.xtec.cat\/escolaverd\/wp-content\/uploads\/usu2386\/2025\/04\/Captura-de-pantalla-2025-04-04-121614-221x300.png 221w\" sizes=\"auto, (max-width: 430px) 100vw, 430px\" \/><\/a>El dissabte 5 d\u2019abril de 10 a 14 h al voltant de la Seu de la Generalitat a Girona (Places Pompeu Fabra i Hospital) tindr\u00e0 lloc l&#8217;onzena edici\u00f3 de Ci\u00e8ncia en equip, una fira de la ci\u00e8ncia protagonitzada b\u00e0sicament per alumnat de secund\u00e0ria de diferents instituts de les comarques gironines i adre\u00e7ada a tota la ciutadania (alumnat d\u2019infantil, prim\u00e0ria i secund\u00e0ria, joves universitaris, professorat, fam\u00edlies&#8230;).<br \/>\nA partir de les 10 i durant el mat\u00ed cada grup d\u2019alumnes (d\u2019ESO, batxillerat o cicles formatius) i divulgadors realitzar\u00e0 de forma continuada (sense horari) l\u2019experiment o conjunt d\u2019experi\u00e8ncies que volen mostrar al p\u00fablic. El professorat dels instituts ser\u00e0 el dinamitzador\/engrescador\/coordinador d\u2019aquesta iniciativa tot intentant que l\u2019alumnat sigui realment el protagonista d\u2019aquesta experi\u00e8ncia.<br \/>\nAl llarg de tot el mat\u00ed l&#8217;alumnat i els ciutadans poden participar en el &#8220;Joc era qu\u00e0ntica&#8221; una mena de gimcana que els acompanya a visitar alguns estands de la fira i a respondre algunes q\u00fcestions que se li plantegen. En finalitzar amb \u00e8xit el joc es podr\u00e0 recollir un petit detall cient\u00edfic.<\/p>\n","protected":false},"excerpt":{"rendered":"<p>El dissabte 5 d\u2019abril de 10 a 14 h al voltant de la Seu de la Generalitat a Girona (Places Pompeu Fabra i Hospital) tindr\u00e0 lloc l&#8217;onzena edici\u00f3 de Ci\u00e8ncia en equip, una fira de la ci\u00e8ncia protagonitzada b\u00e0sicament per alumnat de secund\u00e0ria de diferents instituts de les comarques gironines i adre\u00e7ada a tota la [&hellip;]<\/p>\n","protected":false},"author":1,"featured_media":27730,"comment_status":"open","ping_status":"closed","sticky":false,"template":"","format":"standard","meta":{"_bbp_topic_count":0,"_bbp_reply_count":0,"_bbp_total_topic_count":0,"_bbp_total_reply_count":0,"_bbp_voice_count":0,"_bbp_anonymous_reply_count":0,"_bbp_topic_count_hidden":0,"_bbp_reply_count_hidden":0,"_bbp_forum_subforum_count":0,"site-sidebar-layout":"default","site-content-layout":"","ast-site-content-layout":"","site-content-style":"default","site-sidebar-style":"default","ast-global-header-display":"","ast-banner-title-visibility":"","ast-main-header-display":"","ast-hfb-above-header-display":"","ast-hfb-below-header-display":"","ast-hfb-mobile-header-display":"","site-post-title":"","ast-breadcrumbs-content":"","ast-featured-img":"","footer-sml-layout":"","theme-transparent-header-meta":"","adv-header-id-meta":"","stick-header-meta":"","header-above-stick-meta":"","header-main-stick-meta":"","header-below-stick-meta":"","astra-migrate-meta-layouts":"default","ast-page-background-enabled":"default","ast-page-background-meta":{"desktop":{"background-color":"var(--ast-global-color-4)","background-image":"","background-repeat":"repeat","background-position":"center center","background-size":"auto","background-attachment":"scroll","background-type":"","background-media":"","overlay-type":"","overlay-color":"","overlay-opacity":"","overlay-gradient":""},"tablet":{"background-color":"","background-image":"","background-repeat":"repeat","background-position":"center center","background-size":"auto","background-attachment":"scroll","background-type":"","background-media":"","overlay-type":"","overlay-color":"","overlay-opacity":"","overlay-gradient":""},"mobile":{"background-color":"","background-image":"","background-repeat":"repeat","background-position":"center center","background-size":"auto","background-attachment":"scroll","background-type":"","background-media":"","overlay-type":"","overlay-color":"","overlay-opacity":"","overlay-gradient":""}},"ast-content-background-meta":{"desktop":{"background-color":"var(--ast-global-color-5)","background-image":"","background-repeat":"repeat","background-position":"center center","background-size":"auto","background-attachment":"scroll","background-type":"","background-media":"","overlay-type":"","overlay-color":"","overlay-opacity":"","overlay-gradient":""},"tablet":{"background-color":"var(--ast-global-color-5)","background-image":"","background-repeat":"repeat","background-position":"center center","background-size":"auto","background-attachment":"scroll","background-type":"","background-media":"","overlay-type":"","overlay-color":"","overlay-opacity":"","overlay-gradient":""},"mobile":{"background-color":"var(--ast-global-color-5)","background-image":"","background-repeat":"repeat","background-position":"center center","background-size":"auto","background-attachment":"scroll","background-type":"","background-media":"","overlay-type":"","overlay-color":"","overlay-opacity":"","overlay-gradient":""}},"footnotes":""},"categories":[249,1,4],"tags":[],"class_list":["post-27727","post","type-post","status-publish","format-standard","has-post-thumbnail","hentry","category-families","category-general","category-portada"],"post_mailing_queue_ids":[],"_links":{"self":[{"href":"https:\/\/agora.xtec.cat\/escolaverd\/wp-json\/wp\/v2\/posts\/27727","targetHints":{"allow":["GET"]}}],"collection":[{"href":"https:\/\/agora.xtec.cat\/escolaverd\/wp-json\/wp\/v2\/posts"}],"about":[{"href":"https:\/\/agora.xtec.cat\/escolaverd\/wp-json\/wp\/v2\/types\/post"}],"author":[{"embeddable":true,"href":"https:\/\/agora.xtec.cat\/escolaverd\/wp-json\/wp\/v2\/users\/1"}],"replies":[{"embeddable":true,"href":"https:\/\/agora.xtec.cat\/escolaverd\/wp-json\/wp\/v2\/comments?post=27727"}],"version-history":[{"count":1,"href":"https:\/\/agora.xtec.cat\/escolaverd\/wp-json\/wp\/v2\/posts\/27727\/revisions"}],"predecessor-version":[{"id":27731,"href":"https:\/\/agora.xtec.cat\/escolaverd\/wp-json\/wp\/v2\/posts\/27727\/revisions\/27731"}],"wp:featuredmedia":[{"embeddable":true,"href":"https:\/\/agora.xtec.cat\/escolaverd\/wp-json\/wp\/v2\/media\/27730"}],"wp:attachment":[{"href":"https:\/\/agora.xtec.cat\/escolaverd\/wp-json\/wp\/v2\/media?parent=27727"}],"wp:term":[{"taxonomy":"category","embeddable":true,"href":"https:\/\/agora.xtec.cat\/escolaverd\/wp-json\/wp\/v2\/categories?post=27727"},{"taxonomy":"post_tag","embeddable":true,"href":"https:\/\/agora.xtec.cat\/escolaverd\/wp-json\/wp\/v2\/tags?post=27727"}],"curies":[{"name":"wp","href":"https:\/\/api.w.org\/{rel}","templated":true}]}}