{"id":27561,"date":"2025-03-06T17:50:41","date_gmt":"2025-03-06T16:50:41","guid":{"rendered":"https:\/\/agora.xtec.cat\/escolaverd\/?p=27561"},"modified":"2025-03-06T17:51:57","modified_gmt":"2025-03-06T16:51:57","slug":"dijous-gras-al-museu-dart","status":"publish","type":"post","link":"https:\/\/agora.xtec.cat\/escolaverd\/general\/dijous-gras-al-museu-dart\/","title":{"rendered":"Dijous Gras al Museu d&#8217;Art"},"content":{"rendered":"<p><span style=\"font-weight: 400\">Aquest Dijous Gras, al mat\u00ed, els i les de 3r vam anar al Museu d\u2019Art.\u00a0<\/span><\/p>\n<p><span style=\"font-weight: 400\">La Lada i l\u2019Elena, una restauradora del museu, van ser les nostres guies i ens van explicar qu\u00e8 hi ha dins de l\u2019edifici, que abans era un palau episcopal (d\u2019un bisbe).\u00a0<\/span><\/p>\n<p><span style=\"font-weight: 400\">Vam veure obres d\u2019art antigues, algunes una mica trencades o que havien tingut corcs, i relacionades amb la religi\u00f3 cristiana. Hi havia: un llibre escrit en llat\u00ed, una biga amb molts colors d\u2019un monestir, l\u2019escultura original d\u2019El Cul de la Lleona, una sala per jugar a endevinar quines obres eren falses i quines vertaderes i una pres\u00f3, que tenia uns grafits, un v\u00e0ter amb una tapa de fusta i una porta secreta. Tamb\u00e9 ens van preguntar quin material cr\u00e8iem que era el m\u00e9s resistent i si sab\u00edem de qu\u00e8 estaven fetes les escultures.\u00a0<\/span><\/p>\n<p><span style=\"font-weight: 400\">A m\u00e9s, vam tenir la sort de poder passar per darrere d\u2019un retaule i de visitar el taller dels restauradors. Vam aprendre que aquests proven diferents l\u00edquids per saber quins netegen millor els objectes sense fer-los malb\u00e9. Va ser sorprenent!\u00a0\u00a0\u00a0\u00a0<\/span><\/p>\n<p><span style=\"font-weight: 400\">Ens va agradar molt la sortida i ens ho va<\/span><span style=\"font-weight: 400\">m passar molt b\u00e9! \u00a0 \u00a0<\/span><\/p>\n<div id='gallery-1' class='gallery galleryid-27561 gallery-columns-3 gallery-size-thumbnail'><figure class='gallery-item'>\n\t\t\t<div class='gallery-icon landscape'>\n\t\t\t\t<a href='https:\/\/agora.xtec.cat\/escolaverd\/general\/dijous-gras-al-museu-dart\/attachment\/20250227_101541\/'><img loading=\"lazy\" decoding=\"async\" width=\"150\" height=\"150\" src=\"https:\/\/agora.xtec.cat\/escolaverd\/wp-content\/uploads\/usu2386\/2025\/03\/20250227_101541-150x150.jpg\" class=\"attachment-thumbnail size-thumbnail\" alt=\"\" \/><\/a>\n\t\t\t<\/div><\/figure><figure class='gallery-item'>\n\t\t\t<div class='gallery-icon landscape'>\n\t\t\t\t<a href='https:\/\/agora.xtec.cat\/escolaverd\/general\/dijous-gras-al-museu-dart\/attachment\/20250227_104213\/'><img loading=\"lazy\" decoding=\"async\" width=\"150\" height=\"150\" src=\"https:\/\/agora.xtec.cat\/escolaverd\/wp-content\/uploads\/usu2386\/2025\/03\/20250227_104213-150x150.jpg\" class=\"attachment-thumbnail size-thumbnail\" alt=\"\" \/><\/a>\n\t\t\t<\/div><\/figure><figure class='gallery-item'>\n\t\t\t<div class='gallery-icon landscape'>\n\t\t\t\t<a href='https:\/\/agora.xtec.cat\/escolaverd\/general\/dijous-gras-al-museu-dart\/attachment\/20250227_104626-1\/'><img loading=\"lazy\" decoding=\"async\" width=\"150\" height=\"150\" src=\"https:\/\/agora.xtec.cat\/escolaverd\/wp-content\/uploads\/usu2386\/2025\/03\/20250227_104626-1-150x150.jpg\" class=\"attachment-thumbnail size-thumbnail\" alt=\"\" \/><\/a>\n\t\t\t<\/div><\/figure><figure class='gallery-item'>\n\t\t\t<div class='gallery-icon portrait'>\n\t\t\t\t<a href='https:\/\/agora.xtec.cat\/escolaverd\/general\/dijous-gras-al-museu-dart\/attachment\/img_9119\/'><img loading=\"lazy\" decoding=\"async\" width=\"150\" height=\"150\" src=\"https:\/\/agora.xtec.cat\/escolaverd\/wp-content\/uploads\/usu2386\/2025\/03\/IMG_9119-150x150.jpg\" class=\"attachment-thumbnail size-thumbnail\" alt=\"\" \/><\/a>\n\t\t\t<\/div><\/figure><figure class='gallery-item'>\n\t\t\t<div class='gallery-icon landscape'>\n\t\t\t\t<a href='https:\/\/agora.xtec.cat\/escolaverd\/general\/dijous-gras-al-museu-dart\/attachment\/20250227_112600\/'><img loading=\"lazy\" decoding=\"async\" width=\"150\" height=\"150\" src=\"https:\/\/agora.xtec.cat\/escolaverd\/wp-content\/uploads\/usu2386\/2025\/03\/20250227_112600-150x150.jpg\" class=\"attachment-thumbnail size-thumbnail\" alt=\"\" \/><\/a>\n\t\t\t<\/div><\/figure><figure class='gallery-item'>\n\t\t\t<div class='gallery-icon landscape'>\n\t\t\t\t<a href='https:\/\/agora.xtec.cat\/escolaverd\/general\/dijous-gras-al-museu-dart\/attachment\/img_9135-2\/'><img loading=\"lazy\" decoding=\"async\" width=\"150\" height=\"150\" src=\"https:\/\/agora.xtec.cat\/escolaverd\/wp-content\/uploads\/usu2386\/2025\/03\/IMG_9135-150x150.jpg\" class=\"attachment-thumbnail size-thumbnail\" alt=\"\" \/><\/a>\n\t\t\t<\/div><\/figure><figure class='gallery-item'>\n\t\t\t<div class='gallery-icon landscape'>\n\t\t\t\t<a href='https:\/\/agora.xtec.cat\/escolaverd\/general\/dijous-gras-al-museu-dart\/attachment\/20250227_120502\/'><img loading=\"lazy\" decoding=\"async\" width=\"150\" height=\"150\" src=\"https:\/\/agora.xtec.cat\/escolaverd\/wp-content\/uploads\/usu2386\/2025\/03\/20250227_120502-150x150.jpg\" class=\"attachment-thumbnail size-thumbnail\" alt=\"\" \/><\/a>\n\t\t\t<\/div><\/figure><figure class='gallery-item'>\n\t\t\t<div class='gallery-icon landscape'>\n\t\t\t\t<a href='https:\/\/agora.xtec.cat\/escolaverd\/general\/dijous-gras-al-museu-dart\/attachment\/20250227_121427\/'><img loading=\"lazy\" decoding=\"async\" width=\"150\" height=\"150\" src=\"https:\/\/agora.xtec.cat\/escolaverd\/wp-content\/uploads\/usu2386\/2025\/03\/20250227_121427-150x150.jpg\" class=\"attachment-thumbnail size-thumbnail\" alt=\"\" \/><\/a>\n\t\t\t<\/div><\/figure>\n\t\t<\/div>\n\n<p><span style=\"font-weight: 400\">\u00a0 \u00a0 \u00a0 <\/span><\/p>\n<p><span style=\"font-weight: 400\">\u00a0 \u00a0 \u00a0 <\/span><\/p>\n<p><!--a=1--><\/p>\n<p><!--a=1--><\/p>\n<p><!---comment node--><!--a=1--><\/p>\n","protected":false},"excerpt":{"rendered":"<p>Aquest Dijous Gras, al mat\u00ed, els i les de 3r vam anar al Museu d\u2019Art.\u00a0 La Lada i l\u2019Elena, una restauradora del museu, van ser les nostres guies i ens van explicar qu\u00e8 hi ha dins de l\u2019edifici, que abans era un palau episcopal (d\u2019un bisbe).\u00a0 Vam veure obres d\u2019art antigues, algunes una mica trencades [&hellip;]<\/p>\n","protected":false},"author":22,"featured_media":27582,"comment_status":"open","ping_status":"closed","sticky":false,"template":"","format":"standard","meta":{"_bbp_topic_count":0,"_bbp_reply_count":0,"_bbp_total_topic_count":0,"_bbp_total_reply_count":0,"_bbp_voice_count":0,"_bbp_anonymous_reply_count":0,"_bbp_topic_count_hidden":0,"_bbp_reply_count_hidden":0,"_bbp_forum_subforum_count":0,"site-sidebar-layout":"default","site-content-layout":"","ast-site-content-layout":"","site-content-style":"default","site-sidebar-style":"default","ast-global-header-display":"","ast-banner-title-visibility":"","ast-main-header-display":"","ast-hfb-above-header-display":"","ast-hfb-below-header-display":"","ast-hfb-mobile-header-display":"","site-post-title":"","ast-breadcrumbs-content":"","ast-featured-img":"","footer-sml-layout":"","theme-transparent-header-meta":"","adv-header-id-meta":"","stick-header-meta":"","header-above-stick-meta":"","header-main-stick-meta":"","header-below-stick-meta":"","astra-migrate-meta-layouts":"default","ast-page-background-enabled":"default","ast-page-background-meta":{"desktop":{"background-color":"var(--ast-global-color-4)","background-image":"","background-repeat":"repeat","background-position":"center center","background-size":"auto","background-attachment":"scroll","background-type":"","background-media":"","overlay-type":"","overlay-color":"","overlay-opacity":"","overlay-gradient":""},"tablet":{"background-color":"","background-image":"","background-repeat":"repeat","background-position":"center center","background-size":"auto","background-attachment":"scroll","background-type":"","background-media":"","overlay-type":"","overlay-color":"","overlay-opacity":"","overlay-gradient":""},"mobile":{"background-color":"","background-image":"","background-repeat":"repeat","background-position":"center center","background-size":"auto","background-attachment":"scroll","background-type":"","background-media":"","overlay-type":"","overlay-color":"","overlay-opacity":"","overlay-gradient":""}},"ast-content-background-meta":{"desktop":{"background-color":"var(--ast-global-color-5)","background-image":"","background-repeat":"repeat","background-position":"center center","background-size":"auto","background-attachment":"scroll","background-type":"","background-media":"","overlay-type":"","overlay-color":"","overlay-opacity":"","overlay-gradient":""},"tablet":{"background-color":"var(--ast-global-color-5)","background-image":"","background-repeat":"repeat","background-position":"center center","background-size":"auto","background-attachment":"scroll","background-type":"","background-media":"","overlay-type":"","overlay-color":"","overlay-opacity":"","overlay-gradient":""},"mobile":{"background-color":"var(--ast-global-color-5)","background-image":"","background-repeat":"repeat","background-position":"center center","background-size":"auto","background-attachment":"scroll","background-type":"","background-media":"","overlay-type":"","overlay-color":"","overlay-opacity":"","overlay-gradient":""}},"footnotes":""},"categories":[220,70,1,4,240],"tags":[],"class_list":["post-27561","post","type-post","status-publish","format-standard","has-post-thumbnail","hentry","category-220","category-3r","category-general","category-portada","category-projectes"],"post_mailing_queue_ids":[],"_links":{"self":[{"href":"https:\/\/agora.xtec.cat\/escolaverd\/wp-json\/wp\/v2\/posts\/27561","targetHints":{"allow":["GET"]}}],"collection":[{"href":"https:\/\/agora.xtec.cat\/escolaverd\/wp-json\/wp\/v2\/posts"}],"about":[{"href":"https:\/\/agora.xtec.cat\/escolaverd\/wp-json\/wp\/v2\/types\/post"}],"author":[{"embeddable":true,"href":"https:\/\/agora.xtec.cat\/escolaverd\/wp-json\/wp\/v2\/users\/22"}],"replies":[{"embeddable":true,"href":"https:\/\/agora.xtec.cat\/escolaverd\/wp-json\/wp\/v2\/comments?post=27561"}],"version-history":[{"count":3,"href":"https:\/\/agora.xtec.cat\/escolaverd\/wp-json\/wp\/v2\/posts\/27561\/revisions"}],"predecessor-version":[{"id":27584,"href":"https:\/\/agora.xtec.cat\/escolaverd\/wp-json\/wp\/v2\/posts\/27561\/revisions\/27584"}],"wp:featuredmedia":[{"embeddable":true,"href":"https:\/\/agora.xtec.cat\/escolaverd\/wp-json\/wp\/v2\/media\/27582"}],"wp:attachment":[{"href":"https:\/\/agora.xtec.cat\/escolaverd\/wp-json\/wp\/v2\/media?parent=27561"}],"wp:term":[{"taxonomy":"category","embeddable":true,"href":"https:\/\/agora.xtec.cat\/escolaverd\/wp-json\/wp\/v2\/categories?post=27561"},{"taxonomy":"post_tag","embeddable":true,"href":"https:\/\/agora.xtec.cat\/escolaverd\/wp-json\/wp\/v2\/tags?post=27561"}],"curies":[{"name":"wp","href":"https:\/\/api.w.org\/{rel}","templated":true}]}}