{"id":27504,"date":"2025-02-27T01:12:43","date_gmt":"2025-02-27T00:12:43","guid":{"rendered":"https:\/\/agora.xtec.cat\/escolaverd\/?p=27504"},"modified":"2025-02-27T01:12:43","modified_gmt":"2025-02-27T00:12:43","slug":"visitem-el-museu-dhistoria-de-girona","status":"publish","type":"post","link":"https:\/\/agora.xtec.cat\/escolaverd\/general\/visitem-el-museu-dhistoria-de-girona\/","title":{"rendered":"Visitem el Museu d&#8217;Hist\u00f2ria de Girona!"},"content":{"rendered":"<p><span style=\"font-weight: 400\">El dijous passat, 20 de febrer, vam anar al Museu d\u2019Hist\u00f2ria de Girona perqu\u00e8 estem treballant els museus de la ciutat. <\/span><\/p>\n<p><span style=\"font-weight: 400\">Abans, el museu havia sigut la casa d\u2019una fam\u00edlia jueva, un convent de monjos, un institut i una escola d\u2019art.\u00a0<\/span><\/p>\n<p><span style=\"font-weight: 400\">La Lada, la mare d\u2019en Roc, que treballa a la Xarxa de Museus de les Comarques de Girona, ens va separar en grups, cada un a una sala diferent (edat antiga, edat mitjana, edat moderna i edat contempor\u00e0nia) i ens va demanar que f\u00e9ssim un dibuix de qu\u00e8 ens agradava m\u00e9s i de qu\u00e8 cr\u00e8iem que era el m\u00e9s important de la nostra sala.<\/span><\/p>\n<p><span style=\"font-weight: 400\">Pensem que el m\u00e9s important era:<\/span><\/p>\n<ul>\n<li style=\"font-weight: 400\"><span style=\"font-weight: 400\">L\u2019\u00e0ngel Miquel decapitat. S\u2019explica que va perdre el cap per culpa d\u2019una bomba dels francesos o per un llamp.<\/span><\/li>\n<li style=\"font-weight: 400\"><span style=\"font-weight: 400\">El tros d\u2019un mosaic d\u2019una vil\u00b7la romana que van trobar on ara hi ha el Col\u00b7legi Bell Lloc. La resta del mosaic \u00e9s en dos museus diferents.\u00a0<\/span><\/li>\n<li style=\"font-weight: 400\"><span style=\"font-weight: 400\">La cadira de Carlemany, per\u00f2 no era la real, sin\u00f3 una r\u00e8plica. Diuen que, si t\u2019hi asseus sol, mai tindr\u00e0s parella i, si t\u2019hi asseus amb alg\u00fa, ser\u00e0 el teu amor.<\/span><\/li>\n<li style=\"font-weight: 400\"><span style=\"font-weight: 400\">La m\u00e0quina gegant que va inventar Narc\u00eds Xifra i Masmitj\u00e0 que feia moure l\u2019aigua del riu per poder fer llum. Va ser el primer d\u2019Europa en crear una m\u00e0quina aix\u00ed.\u00a0<\/span><\/li>\n<\/ul>\n<p><span style=\"font-weight: 400\">El que m\u00e9s ens va agradar va ser:\u00a0<\/span><\/p>\n<ul>\n<li style=\"font-weight: 400\"><span style=\"font-weight: 400\">Un sarc\u00f2fag rom\u00e0, que \u00e9s una tomba petitona.<\/span><\/li>\n<li style=\"font-weight: 400\"><span style=\"font-weight: 400\">El primer cotxe que va haver-hi al municipi, un Seat 600.<\/span><\/li>\n<li style=\"font-weight: 400\"><span style=\"font-weight: 400\">Figures en miniatura i de plom dels defensors de Girona, uns cent soldadets.<\/span><\/li>\n<\/ul>\n<p><span style=\"font-weight: 400\">Va ser molt interessant i vam poder aprendre moltes coses sobre la hist\u00f2ria de la nostra ciutat. Val la pena visitar aquest museu!\u00a0\u00a0<\/span><\/p>\n<p><span style=\"font-weight: 400\">P.D.: Tamb\u00e9 vam aprofitar la sortida per con\u00e8ixer l\u2019Oficina de Turisme per dins.<\/span><\/p>\n<div id='gallery-1' class='gallery galleryid-27504 gallery-columns-3 gallery-size-thumbnail'><figure class='gallery-item'>\n\t\t\t<div class='gallery-icon landscape'>\n\t\t\t\t<a href='https:\/\/agora.xtec.cat\/escolaverd\/general\/visitem-el-museu-dhistoria-de-girona\/attachment\/20250220_100046\/'><img loading=\"lazy\" decoding=\"async\" width=\"150\" height=\"150\" src=\"https:\/\/agora.xtec.cat\/escolaverd\/wp-content\/uploads\/usu2386\/2025\/02\/20250220_100046-150x150.jpg\" class=\"attachment-thumbnail size-thumbnail\" alt=\"\" \/><\/a>\n\t\t\t<\/div><\/figure><figure class='gallery-item'>\n\t\t\t<div class='gallery-icon landscape'>\n\t\t\t\t<a href='https:\/\/agora.xtec.cat\/escolaverd\/general\/visitem-el-museu-dhistoria-de-girona\/attachment\/20250220_120556\/'><img loading=\"lazy\" decoding=\"async\" width=\"150\" height=\"150\" src=\"https:\/\/agora.xtec.cat\/escolaverd\/wp-content\/uploads\/usu2386\/2025\/02\/20250220_120556-150x150.jpg\" class=\"attachment-thumbnail size-thumbnail\" alt=\"\" \/><\/a>\n\t\t\t<\/div><\/figure><figure class='gallery-item'>\n\t\t\t<div class='gallery-icon landscape'>\n\t\t\t\t<a href='https:\/\/agora.xtec.cat\/escolaverd\/general\/visitem-el-museu-dhistoria-de-girona\/attachment\/20250220_104524\/'><img loading=\"lazy\" decoding=\"async\" width=\"150\" height=\"150\" src=\"https:\/\/agora.xtec.cat\/escolaverd\/wp-content\/uploads\/usu2386\/2025\/02\/20250220_104524-150x150.jpg\" class=\"attachment-thumbnail size-thumbnail\" alt=\"\" \/><\/a>\n\t\t\t<\/div><\/figure><figure class='gallery-item'>\n\t\t\t<div class='gallery-icon landscape'>\n\t\t\t\t<a href='https:\/\/agora.xtec.cat\/escolaverd\/general\/visitem-el-museu-dhistoria-de-girona\/attachment\/20250220_100947\/'><img loading=\"lazy\" decoding=\"async\" width=\"150\" height=\"150\" src=\"https:\/\/agora.xtec.cat\/escolaverd\/wp-content\/uploads\/usu2386\/2025\/02\/20250220_100947-150x150.jpg\" class=\"attachment-thumbnail size-thumbnail\" alt=\"\" \/><\/a>\n\t\t\t<\/div><\/figure><figure class='gallery-item'>\n\t\t\t<div class='gallery-icon landscape'>\n\t\t\t\t<a href='https:\/\/agora.xtec.cat\/escolaverd\/general\/visitem-el-museu-dhistoria-de-girona\/attachment\/20250220_113944\/'><img loading=\"lazy\" decoding=\"async\" width=\"150\" height=\"150\" src=\"https:\/\/agora.xtec.cat\/escolaverd\/wp-content\/uploads\/usu2386\/2025\/02\/20250220_113944-150x150.jpg\" class=\"attachment-thumbnail size-thumbnail\" alt=\"\" \/><\/a>\n\t\t\t<\/div><\/figure><figure class='gallery-item'>\n\t\t\t<div class='gallery-icon landscape'>\n\t\t\t\t<a href='https:\/\/agora.xtec.cat\/escolaverd\/general\/visitem-el-museu-dhistoria-de-girona\/attachment\/20250220_093823\/'><img loading=\"lazy\" decoding=\"async\" width=\"150\" height=\"150\" src=\"https:\/\/agora.xtec.cat\/escolaverd\/wp-content\/uploads\/usu2386\/2025\/02\/20250220_093823-150x150.jpg\" class=\"attachment-thumbnail size-thumbnail\" alt=\"\" \/><\/a>\n\t\t\t<\/div><\/figure>\n\t\t<\/div>\n\n","protected":false},"excerpt":{"rendered":"<p>El dijous passat, 20 de febrer, vam anar al Museu d\u2019Hist\u00f2ria de Girona perqu\u00e8 estem treballant els museus de la ciutat. Abans, el museu havia sigut la casa d\u2019una fam\u00edlia jueva, un convent de monjos, un institut i una escola d\u2019art.\u00a0 La Lada, la mare d\u2019en Roc, que treballa a la Xarxa de Museus de [&hellip;]<\/p>\n","protected":false},"author":22,"featured_media":27508,"comment_status":"open","ping_status":"closed","sticky":false,"template":"","format":"standard","meta":{"_bbp_topic_count":0,"_bbp_reply_count":0,"_bbp_total_topic_count":0,"_bbp_total_reply_count":0,"_bbp_voice_count":0,"_bbp_anonymous_reply_count":0,"_bbp_topic_count_hidden":0,"_bbp_reply_count_hidden":0,"_bbp_forum_subforum_count":0,"site-sidebar-layout":"default","site-content-layout":"","ast-site-content-layout":"","site-content-style":"default","site-sidebar-style":"default","ast-global-header-display":"","ast-banner-title-visibility":"","ast-main-header-display":"","ast-hfb-above-header-display":"","ast-hfb-below-header-display":"","ast-hfb-mobile-header-display":"","site-post-title":"","ast-breadcrumbs-content":"","ast-featured-img":"","footer-sml-layout":"","theme-transparent-header-meta":"","adv-header-id-meta":"","stick-header-meta":"","header-above-stick-meta":"","header-main-stick-meta":"","header-below-stick-meta":"","astra-migrate-meta-layouts":"default","ast-page-background-enabled":"default","ast-page-background-meta":{"desktop":{"background-color":"var(--ast-global-color-4)","background-image":"","background-repeat":"repeat","background-position":"center center","background-size":"auto","background-attachment":"scroll","background-type":"","background-media":"","overlay-type":"","overlay-color":"","overlay-opacity":"","overlay-gradient":""},"tablet":{"background-color":"","background-image":"","background-repeat":"repeat","background-position":"center center","background-size":"auto","background-attachment":"scroll","background-type":"","background-media":"","overlay-type":"","overlay-color":"","overlay-opacity":"","overlay-gradient":""},"mobile":{"background-color":"","background-image":"","background-repeat":"repeat","background-position":"center center","background-size":"auto","background-attachment":"scroll","background-type":"","background-media":"","overlay-type":"","overlay-color":"","overlay-opacity":"","overlay-gradient":""}},"ast-content-background-meta":{"desktop":{"background-color":"var(--ast-global-color-5)","background-image":"","background-repeat":"repeat","background-position":"center center","background-size":"auto","background-attachment":"scroll","background-type":"","background-media":"","overlay-type":"","overlay-color":"","overlay-opacity":"","overlay-gradient":""},"tablet":{"background-color":"var(--ast-global-color-5)","background-image":"","background-repeat":"repeat","background-position":"center center","background-size":"auto","background-attachment":"scroll","background-type":"","background-media":"","overlay-type":"","overlay-color":"","overlay-opacity":"","overlay-gradient":""},"mobile":{"background-color":"var(--ast-global-color-5)","background-image":"","background-repeat":"repeat","background-position":"center center","background-size":"auto","background-attachment":"scroll","background-type":"","background-media":"","overlay-type":"","overlay-color":"","overlay-opacity":"","overlay-gradient":""}},"footnotes":""},"categories":[220,70,1,4,240],"tags":[],"class_list":["post-27504","post","type-post","status-publish","format-standard","has-post-thumbnail","hentry","category-220","category-3r","category-general","category-portada","category-projectes"],"post_mailing_queue_ids":[],"_links":{"self":[{"href":"https:\/\/agora.xtec.cat\/escolaverd\/wp-json\/wp\/v2\/posts\/27504","targetHints":{"allow":["GET"]}}],"collection":[{"href":"https:\/\/agora.xtec.cat\/escolaverd\/wp-json\/wp\/v2\/posts"}],"about":[{"href":"https:\/\/agora.xtec.cat\/escolaverd\/wp-json\/wp\/v2\/types\/post"}],"author":[{"embeddable":true,"href":"https:\/\/agora.xtec.cat\/escolaverd\/wp-json\/wp\/v2\/users\/22"}],"replies":[{"embeddable":true,"href":"https:\/\/agora.xtec.cat\/escolaverd\/wp-json\/wp\/v2\/comments?post=27504"}],"version-history":[{"count":3,"href":"https:\/\/agora.xtec.cat\/escolaverd\/wp-json\/wp\/v2\/posts\/27504\/revisions"}],"predecessor-version":[{"id":27514,"href":"https:\/\/agora.xtec.cat\/escolaverd\/wp-json\/wp\/v2\/posts\/27504\/revisions\/27514"}],"wp:featuredmedia":[{"embeddable":true,"href":"https:\/\/agora.xtec.cat\/escolaverd\/wp-json\/wp\/v2\/media\/27508"}],"wp:attachment":[{"href":"https:\/\/agora.xtec.cat\/escolaverd\/wp-json\/wp\/v2\/media?parent=27504"}],"wp:term":[{"taxonomy":"category","embeddable":true,"href":"https:\/\/agora.xtec.cat\/escolaverd\/wp-json\/wp\/v2\/categories?post=27504"},{"taxonomy":"post_tag","embeddable":true,"href":"https:\/\/agora.xtec.cat\/escolaverd\/wp-json\/wp\/v2\/tags?post=27504"}],"curies":[{"name":"wp","href":"https:\/\/api.w.org\/{rel}","templated":true}]}}