{"id":27438,"date":"2025-02-20T12:56:57","date_gmt":"2025-02-20T11:56:57","guid":{"rendered":"https:\/\/agora.xtec.cat\/escolaverd\/?p=27438"},"modified":"2025-02-20T12:58:47","modified_gmt":"2025-02-20T11:58:47","slug":"carnestoltes-a-lescola-verd","status":"publish","type":"post","link":"https:\/\/agora.xtec.cat\/escolaverd\/general\/carnestoltes-a-lescola-verd\/","title":{"rendered":"Carnestoltes a l&#8217;escola Verd"},"content":{"rendered":"<p style=\"text-align: left;\">A l\u2019Escola Verd cada any se celebra el carnestoltes. Es pensen diferents consignes per portar durant aquesta setmana especial. Aquest any, els delegats i delegades de cada classe han portat les seves idees per decidir les consignes. Es van trobar a la biblioteca de l\u2019escola per decidir amb votacions, quines serien les consignes d\u2019aquest any 2025.<br \/>\nLes consignes d\u2019aquest any s\u00f3n:<\/p>\n<p><a href=\"https:\/\/agora.xtec.cat\/escolaverd\/wp-content\/uploads\/usu2386\/2025\/02\/Carnestoltes-rotated-e1740052399868.jpg\"><img loading=\"lazy\" decoding=\"async\" class=\"alignnone size-full wp-image-27439\" src=\"https:\/\/agora.xtec.cat\/escolaverd\/wp-content\/uploads\/usu2386\/2025\/02\/Carnestoltes-rotated-e1740052399868.jpg\" alt=\"\" width=\"938\" height=\"596\" srcset=\"https:\/\/agora.xtec.cat\/escolaverd\/wp-content\/uploads\/usu2386\/2025\/02\/Carnestoltes-rotated-e1740052399868.jpg 938w, https:\/\/agora.xtec.cat\/escolaverd\/wp-content\/uploads\/usu2386\/2025\/02\/Carnestoltes-rotated-e1740052399868-300x191.jpg 300w, https:\/\/agora.xtec.cat\/escolaverd\/wp-content\/uploads\/usu2386\/2025\/02\/Carnestoltes-rotated-e1740052399868-768x488.jpg 768w\" sizes=\"auto, (max-width: 938px) 100vw, 938px\" \/><\/a><\/p>\n<p style=\"text-align: left;\">Del divendres 28 fins al 3 de mar\u00e7, tindreu uns dies per descansar.<\/p>\n<p>Esteu preparats per a la setmana tan divertida que us est\u00e0 esperant?<br \/>\nPer\u00f2 recordeu que despr\u00e9s la Vella Quaresma vindr\u00e0 i fer-li cas tocar\u00e0.<\/p>\n<p style=\"text-align: left;\">Ei! Espereu! Que ara mateix una altra informaci\u00f3 important rebreu!<br \/>\nJa sabeu que a l\u2019escola l&#8217;AMPA far\u00e0 una festa de carnaval? All\u00e0 hi podreu ballar tots els nens i nenes que vulgueu! Els que vinguin hauran d\u2019anar disfressats. I hi haur\u00e0 jurat i premis per a totes les categories des de i3 fins a 6\u00e8. Es far\u00e0 el <strong>dissabte dia 8 de mar\u00e7.<\/strong><br \/>\nNosaltres, els nens i nenes de 6\u00e8, anirem del circ. Farem grupets de nens i nenes. Cada grup anir\u00e0 d\u2019un personatge.<br \/>\nPer acabar, hi haur\u00e0 bar amb coses de beure i menjar com per exemple: sucs, biquinis, refrescos&#8230;<br \/>\nUs hi esperem!!!<\/p>\n<p style=\"text-align: left;\">Els nens i nenes de 6\u00e8.<\/p>\n","protected":false},"excerpt":{"rendered":"<p>A l\u2019Escola Verd cada any se celebra el carnestoltes. Es pensen diferents consignes per portar durant aquesta setmana especial. Aquest any, els delegats i delegades de cada classe han portat les seves idees per decidir les consignes. Es van trobar a la biblioteca de l\u2019escola per decidir amb votacions, quines serien les consignes d\u2019aquest any [&hellip;]<\/p>\n","protected":false},"author":1,"featured_media":27439,"comment_status":"open","ping_status":"closed","sticky":false,"template":"","format":"standard","meta":{"_bbp_topic_count":0,"_bbp_reply_count":0,"_bbp_total_topic_count":0,"_bbp_total_reply_count":0,"_bbp_voice_count":0,"_bbp_anonymous_reply_count":0,"_bbp_topic_count_hidden":0,"_bbp_reply_count_hidden":0,"_bbp_forum_subforum_count":0,"site-sidebar-layout":"default","site-content-layout":"","ast-site-content-layout":"","site-content-style":"default","site-sidebar-style":"default","ast-global-header-display":"","ast-banner-title-visibility":"","ast-main-header-display":"","ast-hfb-above-header-display":"","ast-hfb-below-header-display":"","ast-hfb-mobile-header-display":"","site-post-title":"","ast-breadcrumbs-content":"","ast-featured-img":"","footer-sml-layout":"","theme-transparent-header-meta":"","adv-header-id-meta":"","stick-header-meta":"","header-above-stick-meta":"","header-main-stick-meta":"","header-below-stick-meta":"","astra-migrate-meta-layouts":"default","ast-page-background-enabled":"default","ast-page-background-meta":{"desktop":{"background-color":"var(--ast-global-color-4)","background-image":"","background-repeat":"repeat","background-position":"center center","background-size":"auto","background-attachment":"scroll","background-type":"","background-media":"","overlay-type":"","overlay-color":"","overlay-opacity":"","overlay-gradient":""},"tablet":{"background-color":"","background-image":"","background-repeat":"repeat","background-position":"center center","background-size":"auto","background-attachment":"scroll","background-type":"","background-media":"","overlay-type":"","overlay-color":"","overlay-opacity":"","overlay-gradient":""},"mobile":{"background-color":"","background-image":"","background-repeat":"repeat","background-position":"center center","background-size":"auto","background-attachment":"scroll","background-type":"","background-media":"","overlay-type":"","overlay-color":"","overlay-opacity":"","overlay-gradient":""}},"ast-content-background-meta":{"desktop":{"background-color":"var(--ast-global-color-5)","background-image":"","background-repeat":"repeat","background-position":"center center","background-size":"auto","background-attachment":"scroll","background-type":"","background-media":"","overlay-type":"","overlay-color":"","overlay-opacity":"","overlay-gradient":""},"tablet":{"background-color":"var(--ast-global-color-5)","background-image":"","background-repeat":"repeat","background-position":"center center","background-size":"auto","background-attachment":"scroll","background-type":"","background-media":"","overlay-type":"","overlay-color":"","overlay-opacity":"","overlay-gradient":""},"mobile":{"background-color":"var(--ast-global-color-5)","background-image":"","background-repeat":"repeat","background-position":"center center","background-size":"auto","background-attachment":"scroll","background-type":"","background-media":"","overlay-type":"","overlay-color":"","overlay-opacity":"","overlay-gradient":""}},"footnotes":""},"categories":[15,7,237,1,4],"tags":[],"class_list":["post-27438","post","type-post","status-publish","format-standard","has-post-thumbnail","hentry","category-6e","category-ampa","category-consell-de-delegats","category-general","category-portada"],"post_mailing_queue_ids":[],"_links":{"self":[{"href":"https:\/\/agora.xtec.cat\/escolaverd\/wp-json\/wp\/v2\/posts\/27438","targetHints":{"allow":["GET"]}}],"collection":[{"href":"https:\/\/agora.xtec.cat\/escolaverd\/wp-json\/wp\/v2\/posts"}],"about":[{"href":"https:\/\/agora.xtec.cat\/escolaverd\/wp-json\/wp\/v2\/types\/post"}],"author":[{"embeddable":true,"href":"https:\/\/agora.xtec.cat\/escolaverd\/wp-json\/wp\/v2\/users\/1"}],"replies":[{"embeddable":true,"href":"https:\/\/agora.xtec.cat\/escolaverd\/wp-json\/wp\/v2\/comments?post=27438"}],"version-history":[{"count":2,"href":"https:\/\/agora.xtec.cat\/escolaverd\/wp-json\/wp\/v2\/posts\/27438\/revisions"}],"predecessor-version":[{"id":27441,"href":"https:\/\/agora.xtec.cat\/escolaverd\/wp-json\/wp\/v2\/posts\/27438\/revisions\/27441"}],"wp:featuredmedia":[{"embeddable":true,"href":"https:\/\/agora.xtec.cat\/escolaverd\/wp-json\/wp\/v2\/media\/27439"}],"wp:attachment":[{"href":"https:\/\/agora.xtec.cat\/escolaverd\/wp-json\/wp\/v2\/media?parent=27438"}],"wp:term":[{"taxonomy":"category","embeddable":true,"href":"https:\/\/agora.xtec.cat\/escolaverd\/wp-json\/wp\/v2\/categories?post=27438"},{"taxonomy":"post_tag","embeddable":true,"href":"https:\/\/agora.xtec.cat\/escolaverd\/wp-json\/wp\/v2\/tags?post=27438"}],"curies":[{"name":"wp","href":"https:\/\/api.w.org\/{rel}","templated":true}]}}