{"id":27336,"date":"2025-02-11T08:09:00","date_gmt":"2025-02-11T07:09:00","guid":{"rendered":"https:\/\/agora.xtec.cat\/escolaverd\/?p=27336"},"modified":"2025-02-12T09:02:07","modified_gmt":"2025-02-12T08:02:07","slug":"jornada-de-portes-obertes-2025","status":"publish","type":"post","link":"https:\/\/agora.xtec.cat\/escolaverd\/general\/jornada-de-portes-obertes-2025\/","title":{"rendered":"Jornada de Portes Obertes 2025"},"content":{"rendered":"<p><a href=\"https:\/\/agora.xtec.cat\/escolaverd\/wp-content\/uploads\/usu2386\/2025\/02\/001_PortadaCopia.jpg\"><img loading=\"lazy\" decoding=\"async\" class=\"alignnone wp-image-27337\" src=\"https:\/\/agora.xtec.cat\/escolaverd\/wp-content\/uploads\/usu2386\/2025\/02\/001_PortadaCopia-1024x576.jpg\" alt=\"\" width=\"564\" height=\"317\" srcset=\"https:\/\/agora.xtec.cat\/escolaverd\/wp-content\/uploads\/usu2386\/2025\/02\/001_PortadaCopia-1024x576.jpg 1024w, https:\/\/agora.xtec.cat\/escolaverd\/wp-content\/uploads\/usu2386\/2025\/02\/001_PortadaCopia-300x169.jpg 300w, https:\/\/agora.xtec.cat\/escolaverd\/wp-content\/uploads\/usu2386\/2025\/02\/001_PortadaCopia-768x432.jpg 768w, https:\/\/agora.xtec.cat\/escolaverd\/wp-content\/uploads\/usu2386\/2025\/02\/001_PortadaCopia-1536x864.jpg 1536w, https:\/\/agora.xtec.cat\/escolaverd\/wp-content\/uploads\/usu2386\/2025\/02\/001_PortadaCopia-2048x1152.jpg 2048w\" sizes=\"auto, (max-width: 564px) 100vw, 564px\" \/><\/a><\/p>\n<p>Ja tenim data per a la Jornada de Portes Obertes d&#8217;enguany. Ser\u00e0 el <strong>dijous 6 de mar\u00e7 a 2\/4 de 4 de la tarda<\/strong>. Si ens voleu venir a con\u00e8ixer estarem encantats d&#8217;explicar-vos el nostre projecte i ensenyar-vos l&#8217;escola.<\/p>\n<p><strong>Hem vist que en algun cartell ha sortit que pod\u00edeu triar hora a 2\/4 de 4 o a les 5, per\u00f2 \u00e9s una errada. Fem una \u00fanica sessi\u00f3 a 2\/4 de 4.<\/strong><\/p>\n<p>Us deixem un parell d&#8217;enlla\u00e7os que us poden ser molt \u00fatils a l&#8217;hora de triar escola. D&#8217;entrada \u00e9s molt important que consulteu pr\u00e8viament a quina zona escolar viviu perqu\u00e8 triar una escola de la vostra zona us dona el m\u00e0xim de punts en l&#8217;apartat corresponent.<\/p>\n<p>D&#8217;altra banda, si veieu que esteu al l\u00edmit de dues zones, us recomanem que feu la consulta a trav\u00e9s del cercador, amb el nom i n\u00famero del carrer del vostre domicili, per assegurar-vos quina \u00e9s la vostra zona de prefer\u00e8ncia.<\/p>\n<p><a href=\"https:\/\/umat.girona.cat\/vu\/mapa\/escoles\/\">Mapa interactiu zones escolars Girona<\/a><\/p>\n<p><a href=\"https:\/\/preinscripcio.gencat.cat\/ca\/inici\/\">Preinscripci\u00f3 Curs 2024-2025 Gencat<\/a><\/p>\n","protected":false},"excerpt":{"rendered":"<p>Ja tenim data per a la Jornada de Portes Obertes d&#8217;enguany. Ser\u00e0 el dijous 6 de mar\u00e7 a 2\/4 de 4 de la tarda. Si ens voleu venir a con\u00e8ixer estarem encantats d&#8217;explicar-vos el nostre projecte i ensenyar-vos l&#8217;escola. Hem vist que en algun cartell ha sortit que pod\u00edeu triar hora a 2\/4 de 4 [&hellip;]<\/p>\n","protected":false},"author":1,"featured_media":27340,"comment_status":"open","ping_status":"closed","sticky":false,"template":"","format":"standard","meta":{"_bbp_topic_count":0,"_bbp_reply_count":0,"_bbp_total_topic_count":0,"_bbp_total_reply_count":0,"_bbp_voice_count":0,"_bbp_anonymous_reply_count":0,"_bbp_topic_count_hidden":0,"_bbp_reply_count_hidden":0,"_bbp_forum_subforum_count":0,"site-sidebar-layout":"default","site-content-layout":"","ast-site-content-layout":"","site-content-style":"default","site-sidebar-style":"default","ast-global-header-display":"","ast-banner-title-visibility":"","ast-main-header-display":"","ast-hfb-above-header-display":"","ast-hfb-below-header-display":"","ast-hfb-mobile-header-display":"","site-post-title":"","ast-breadcrumbs-content":"","ast-featured-img":"","footer-sml-layout":"","theme-transparent-header-meta":"","adv-header-id-meta":"","stick-header-meta":"","header-above-stick-meta":"","header-main-stick-meta":"","header-below-stick-meta":"","astra-migrate-meta-layouts":"default","ast-page-background-enabled":"default","ast-page-background-meta":{"desktop":{"background-color":"var(--ast-global-color-4)","background-image":"","background-repeat":"repeat","background-position":"center center","background-size":"auto","background-attachment":"scroll","background-type":"","background-media":"","overlay-type":"","overlay-color":"","overlay-opacity":"","overlay-gradient":""},"tablet":{"background-color":"","background-image":"","background-repeat":"repeat","background-position":"center center","background-size":"auto","background-attachment":"scroll","background-type":"","background-media":"","overlay-type":"","overlay-color":"","overlay-opacity":"","overlay-gradient":""},"mobile":{"background-color":"","background-image":"","background-repeat":"repeat","background-position":"center center","background-size":"auto","background-attachment":"scroll","background-type":"","background-media":"","overlay-type":"","overlay-color":"","overlay-opacity":"","overlay-gradient":""}},"ast-content-background-meta":{"desktop":{"background-color":"var(--ast-global-color-5)","background-image":"","background-repeat":"repeat","background-position":"center center","background-size":"auto","background-attachment":"scroll","background-type":"","background-media":"","overlay-type":"","overlay-color":"","overlay-opacity":"","overlay-gradient":""},"tablet":{"background-color":"var(--ast-global-color-5)","background-image":"","background-repeat":"repeat","background-position":"center center","background-size":"auto","background-attachment":"scroll","background-type":"","background-media":"","overlay-type":"","overlay-color":"","overlay-opacity":"","overlay-gradient":""},"mobile":{"background-color":"var(--ast-global-color-5)","background-image":"","background-repeat":"repeat","background-position":"center center","background-size":"auto","background-attachment":"scroll","background-type":"","background-media":"","overlay-type":"","overlay-color":"","overlay-opacity":"","overlay-gradient":""}},"footnotes":""},"categories":[249,1,4],"tags":[],"class_list":["post-27336","post","type-post","status-publish","format-standard","has-post-thumbnail","hentry","category-families","category-general","category-portada"],"post_mailing_queue_ids":[],"_links":{"self":[{"href":"https:\/\/agora.xtec.cat\/escolaverd\/wp-json\/wp\/v2\/posts\/27336","targetHints":{"allow":["GET"]}}],"collection":[{"href":"https:\/\/agora.xtec.cat\/escolaverd\/wp-json\/wp\/v2\/posts"}],"about":[{"href":"https:\/\/agora.xtec.cat\/escolaverd\/wp-json\/wp\/v2\/types\/post"}],"author":[{"embeddable":true,"href":"https:\/\/agora.xtec.cat\/escolaverd\/wp-json\/wp\/v2\/users\/1"}],"replies":[{"embeddable":true,"href":"https:\/\/agora.xtec.cat\/escolaverd\/wp-json\/wp\/v2\/comments?post=27336"}],"version-history":[{"count":4,"href":"https:\/\/agora.xtec.cat\/escolaverd\/wp-json\/wp\/v2\/posts\/27336\/revisions"}],"predecessor-version":[{"id":27348,"href":"https:\/\/agora.xtec.cat\/escolaverd\/wp-json\/wp\/v2\/posts\/27336\/revisions\/27348"}],"wp:featuredmedia":[{"embeddable":true,"href":"https:\/\/agora.xtec.cat\/escolaverd\/wp-json\/wp\/v2\/media\/27340"}],"wp:attachment":[{"href":"https:\/\/agora.xtec.cat\/escolaverd\/wp-json\/wp\/v2\/media?parent=27336"}],"wp:term":[{"taxonomy":"category","embeddable":true,"href":"https:\/\/agora.xtec.cat\/escolaverd\/wp-json\/wp\/v2\/categories?post=27336"},{"taxonomy":"post_tag","embeddable":true,"href":"https:\/\/agora.xtec.cat\/escolaverd\/wp-json\/wp\/v2\/tags?post=27336"}],"curies":[{"name":"wp","href":"https:\/\/api.w.org\/{rel}","templated":true}]}}