{"id":27254,"date":"2025-02-05T12:23:57","date_gmt":"2025-02-05T11:23:57","guid":{"rendered":"https:\/\/agora.xtec.cat\/escolaverd\/?p=27254"},"modified":"2025-02-05T20:13:34","modified_gmt":"2025-02-05T19:13:34","slug":"visitem-el-centre-civic-sant-narcis","status":"publish","type":"post","link":"https:\/\/agora.xtec.cat\/escolaverd\/general\/visitem-el-centre-civic-sant-narcis\/","title":{"rendered":"Visitem el centre c\u00edvic Sant Narc\u00eds"},"content":{"rendered":"<p>El dimarts 28 de gener, els nens i nenes de 2n vam anar a visitar el centre c\u00edvic de Sant Narc\u00eds.<\/p>\n<p>Primer de tot, vam seure a l&#8217;antic claustre on en Joan ens va explicar informaci\u00f3 sobre el centre c\u00edvic.<\/p>\n<p>Seguidament, vam visitar el teatre on vam poder pujar a l&#8217;escenari i els altres espais de l&#8217;edifici. Vam poder veure un grup de de persones nouvingudes que feien classes per aprendre catal\u00e0.<\/p>\n<p>Finalment, vam estar a l&#8217;espai &#8220;Farm\u00e0cia Viva&#8221;, un espai ple de plantes remeieres, on ens van explicar tots els cursos i tallers que s&#8217;hi fan.<\/p>\n<div id='gallery-1' class='gallery galleryid-27254 gallery-columns-3 gallery-size-thumbnail'><figure class='gallery-item'>\n\t\t\t<div class='gallery-icon landscape'>\n\t\t\t\t<a href='https:\/\/agora.xtec.cat\/escolaverd\/general\/visitem-el-centre-civic-sant-narcis\/attachment\/img_20250128_095320\/'><img loading=\"lazy\" decoding=\"async\" width=\"150\" height=\"150\" src=\"https:\/\/agora.xtec.cat\/escolaverd\/wp-content\/uploads\/usu2386\/2025\/02\/IMG_20250128_095320-150x150.jpg\" class=\"attachment-thumbnail size-thumbnail\" alt=\"\" \/><\/a>\n\t\t\t<\/div><\/figure><figure class='gallery-item'>\n\t\t\t<div class='gallery-icon landscape'>\n\t\t\t\t<a href='https:\/\/agora.xtec.cat\/escolaverd\/general\/visitem-el-centre-civic-sant-narcis\/attachment\/img_20250128_095306\/'><img loading=\"lazy\" decoding=\"async\" width=\"150\" height=\"150\" src=\"https:\/\/agora.xtec.cat\/escolaverd\/wp-content\/uploads\/usu2386\/2025\/02\/IMG_20250128_095306-150x150.jpg\" class=\"attachment-thumbnail size-thumbnail\" alt=\"\" \/><\/a>\n\t\t\t<\/div><\/figure><figure class='gallery-item'>\n\t\t\t<div class='gallery-icon landscape'>\n\t\t\t\t<a href='https:\/\/agora.xtec.cat\/escolaverd\/general\/visitem-el-centre-civic-sant-narcis\/attachment\/img_20250128_102511\/'><img loading=\"lazy\" decoding=\"async\" width=\"150\" height=\"150\" src=\"https:\/\/agora.xtec.cat\/escolaverd\/wp-content\/uploads\/usu2386\/2025\/02\/IMG_20250128_102511-150x150.jpg\" class=\"attachment-thumbnail size-thumbnail\" alt=\"\" \/><\/a>\n\t\t\t<\/div><\/figure>\n\t\t<\/div>\n\n<p>&nbsp;<\/p>\n","protected":false},"excerpt":{"rendered":"<p>El dimarts 28 de gener, els nens i nenes de 2n vam anar a visitar el centre c\u00edvic de Sant Narc\u00eds. Primer de tot, vam seure a l&#8217;antic claustre on en Joan ens va explicar informaci\u00f3 sobre el centre c\u00edvic. Seguidament, vam visitar el teatre on vam poder pujar a l&#8217;escenari i els altres espais [&hellip;]<\/p>\n","protected":false},"author":21,"featured_media":27256,"comment_status":"open","ping_status":"closed","sticky":false,"template":"","format":"standard","meta":{"_bbp_topic_count":0,"_bbp_reply_count":0,"_bbp_total_topic_count":0,"_bbp_total_reply_count":0,"_bbp_voice_count":0,"_bbp_anonymous_reply_count":0,"_bbp_topic_count_hidden":0,"_bbp_reply_count_hidden":0,"_bbp_forum_subforum_count":0,"site-sidebar-layout":"default","site-content-layout":"","ast-site-content-layout":"","site-content-style":"default","site-sidebar-style":"default","ast-global-header-display":"","ast-banner-title-visibility":"","ast-main-header-display":"","ast-hfb-above-header-display":"","ast-hfb-below-header-display":"","ast-hfb-mobile-header-display":"","site-post-title":"","ast-breadcrumbs-content":"","ast-featured-img":"","footer-sml-layout":"","theme-transparent-header-meta":"","adv-header-id-meta":"","stick-header-meta":"","header-above-stick-meta":"","header-main-stick-meta":"","header-below-stick-meta":"","astra-migrate-meta-layouts":"default","ast-page-background-enabled":"default","ast-page-background-meta":{"desktop":{"background-color":"var(--ast-global-color-4)","background-image":"","background-repeat":"repeat","background-position":"center center","background-size":"auto","background-attachment":"scroll","background-type":"","background-media":"","overlay-type":"","overlay-color":"","overlay-opacity":"","overlay-gradient":""},"tablet":{"background-color":"","background-image":"","background-repeat":"repeat","background-position":"center center","background-size":"auto","background-attachment":"scroll","background-type":"","background-media":"","overlay-type":"","overlay-color":"","overlay-opacity":"","overlay-gradient":""},"mobile":{"background-color":"","background-image":"","background-repeat":"repeat","background-position":"center center","background-size":"auto","background-attachment":"scroll","background-type":"","background-media":"","overlay-type":"","overlay-color":"","overlay-opacity":"","overlay-gradient":""}},"ast-content-background-meta":{"desktop":{"background-color":"var(--ast-global-color-5)","background-image":"","background-repeat":"repeat","background-position":"center center","background-size":"auto","background-attachment":"scroll","background-type":"","background-media":"","overlay-type":"","overlay-color":"","overlay-opacity":"","overlay-gradient":""},"tablet":{"background-color":"var(--ast-global-color-5)","background-image":"","background-repeat":"repeat","background-position":"center center","background-size":"auto","background-attachment":"scroll","background-type":"","background-media":"","overlay-type":"","overlay-color":"","overlay-opacity":"","overlay-gradient":""},"mobile":{"background-color":"var(--ast-global-color-5)","background-image":"","background-repeat":"repeat","background-position":"center center","background-size":"auto","background-attachment":"scroll","background-type":"","background-media":"","overlay-type":"","overlay-color":"","overlay-opacity":"","overlay-gradient":""}},"footnotes":""},"categories":[219,79,1,4,240],"tags":[],"class_list":["post-27254","post","type-post","status-publish","format-standard","has-post-thumbnail","hentry","category-219","category-2n","category-general","category-portada","category-projectes"],"post_mailing_queue_ids":[],"_links":{"self":[{"href":"https:\/\/agora.xtec.cat\/escolaverd\/wp-json\/wp\/v2\/posts\/27254","targetHints":{"allow":["GET"]}}],"collection":[{"href":"https:\/\/agora.xtec.cat\/escolaverd\/wp-json\/wp\/v2\/posts"}],"about":[{"href":"https:\/\/agora.xtec.cat\/escolaverd\/wp-json\/wp\/v2\/types\/post"}],"author":[{"embeddable":true,"href":"https:\/\/agora.xtec.cat\/escolaverd\/wp-json\/wp\/v2\/users\/21"}],"replies":[{"embeddable":true,"href":"https:\/\/agora.xtec.cat\/escolaverd\/wp-json\/wp\/v2\/comments?post=27254"}],"version-history":[{"count":3,"href":"https:\/\/agora.xtec.cat\/escolaverd\/wp-json\/wp\/v2\/posts\/27254\/revisions"}],"predecessor-version":[{"id":27261,"href":"https:\/\/agora.xtec.cat\/escolaverd\/wp-json\/wp\/v2\/posts\/27254\/revisions\/27261"}],"wp:featuredmedia":[{"embeddable":true,"href":"https:\/\/agora.xtec.cat\/escolaverd\/wp-json\/wp\/v2\/media\/27256"}],"wp:attachment":[{"href":"https:\/\/agora.xtec.cat\/escolaverd\/wp-json\/wp\/v2\/media?parent=27254"}],"wp:term":[{"taxonomy":"category","embeddable":true,"href":"https:\/\/agora.xtec.cat\/escolaverd\/wp-json\/wp\/v2\/categories?post=27254"},{"taxonomy":"post_tag","embeddable":true,"href":"https:\/\/agora.xtec.cat\/escolaverd\/wp-json\/wp\/v2\/tags?post=27254"}],"curies":[{"name":"wp","href":"https:\/\/api.w.org\/{rel}","templated":true}]}}