{"id":2725,"date":"2014-02-10T20:47:09","date_gmt":"2014-02-10T19:47:09","guid":{"rendered":"http:\/\/www.escolaverd.cat\/?p=2725"},"modified":"2014-02-10T20:47:09","modified_gmt":"2014-02-10T19:47:09","slug":"11-de-febrer-dia-de-la-internet-segura","status":"publish","type":"post","link":"https:\/\/agora.xtec.cat\/escolaverd\/general\/11-de-febrer-dia-de-la-internet-segura\/","title":{"rendered":"11 de febrer. Dia de la Internet Segura"},"content":{"rendered":"<p><a href=\"http:\/\/www.escolaverd.cat\/wp-content\/uploads\/2014\/02\/article.jpg\"><img loading=\"lazy\" decoding=\"async\" class=\"size-full wp-image-2726 alignleft\" alt=\"article\" src=\"http:\/\/www.escolaverd.cat\/wp-content\/uploads\/2014\/02\/article.jpg\" width=\"285\" height=\"190\" \/><\/a><\/p>\n<p>Amb els anys , el Dia de la Internet Segura s&#8217;ha convertit en una fita en el calendari de la\u00a0seguretat a la xarxa. El Dia de la Internet Segura ha crescut m\u00e9s\u00a0enll\u00e0 de la seva \u00e0rea geogr\u00e0fica natural i ara se celebra ja a m\u00e9s de 100 pa\u00efsos de tot el m\u00f3n.<\/p>\n<p>El dia de la Internet Segura ofereix l&#8217;oportunitat de reflexionar al voltant de la seguretat a internet per a joves i menors, des del ciberassetjament a les xarxes socials.<\/p>\n<p>Enguany, el tema tractat a la xarxa \u00e9s la responsabilitat i el capteniment de tothom a Internet sota el lema<\/p>\n<h3 style=\"text-align: center;\">FEM PLEGATS UNA INTERNET MILLOR<\/h3>\n<p>&nbsp;<\/p>\n<p>Us deixem uns enlla\u00e7os d&#8217;inter\u00e8s:<\/p>\n<p><a href=\"http:\/\/www.edu365.com\/internetsegura\/index.htm\">http:\/\/www.edu365.com\/internetsegura\/index.htm<\/a><\/p>\n<p><a href=\"http:\/\/www.xtec.cat\/web\/recursos\/tecinformacio\/internet_segura\/\">http:\/\/www.xtec.cat\/web\/recursos\/tecinformacio\/internet_segura\/<\/a><\/p>\n<p><a href=\"http:\/\/www.saferinternet.org\/\">http:\/\/www.saferinternet.org\/<\/a><\/p>\n<p><a href=\"http:\/\/www.internetsegura.cat\/normas_basicas_de_seguridad_de_mis_hijos.php\">http:\/\/www.internetsegura.cat\/normas_basicas_de_seguridad_de_mis_hijos.php<\/a><br \/>\n<iframe loading=\"lazy\" src=\"\/\/www.youtube.com\/embed\/dubA2vhIlrg?rel=0\" height=\"315\" width=\"560\" allowfullscreen=\"\" frameborder=\"0\"><\/iframe><\/p>\n","protected":false},"excerpt":{"rendered":"<p>Amb els anys , el Dia de la Internet Segura s&#8217;ha convertit en una fita en el calendari de la\u00a0seguretat a la xarxa. El Dia de la Internet Segura ha crescut m\u00e9s\u00a0enll\u00e0 de la seva \u00e0rea geogr\u00e0fica natural i ara se celebra ja a m\u00e9s de 100 pa\u00efsos de tot el m\u00f3n. El dia de [&hellip;]<\/p>\n","protected":false},"author":16,"featured_media":2726,"comment_status":"open","ping_status":"open","sticky":false,"template":"","format":"standard","meta":{"_bbp_topic_count":0,"_bbp_reply_count":0,"_bbp_total_topic_count":0,"_bbp_total_reply_count":0,"_bbp_voice_count":0,"_bbp_anonymous_reply_count":0,"_bbp_topic_count_hidden":0,"_bbp_reply_count_hidden":0,"_bbp_forum_subforum_count":0,"site-sidebar-layout":"default","site-content-layout":"","ast-site-content-layout":"","site-content-style":"default","site-sidebar-style":"default","ast-global-header-display":"","ast-banner-title-visibility":"","ast-main-header-display":"","ast-hfb-above-header-display":"","ast-hfb-below-header-display":"","ast-hfb-mobile-header-display":"","site-post-title":"","ast-breadcrumbs-content":"","ast-featured-img":"","footer-sml-layout":"","theme-transparent-header-meta":"","adv-header-id-meta":"","stick-header-meta":"","header-above-stick-meta":"","header-main-stick-meta":"","header-below-stick-meta":"","astra-migrate-meta-layouts":"default","ast-page-background-enabled":"default","ast-page-background-meta":{"desktop":{"background-color":"var(--ast-global-color-4)","background-image":"","background-repeat":"repeat","background-position":"center center","background-size":"auto","background-attachment":"scroll","background-type":"","background-media":"","overlay-type":"","overlay-color":"","overlay-opacity":"","overlay-gradient":""},"tablet":{"background-color":"","background-image":"","background-repeat":"repeat","background-position":"center center","background-size":"auto","background-attachment":"scroll","background-type":"","background-media":"","overlay-type":"","overlay-color":"","overlay-opacity":"","overlay-gradient":""},"mobile":{"background-color":"","background-image":"","background-repeat":"repeat","background-position":"center center","background-size":"auto","background-attachment":"scroll","background-type":"","background-media":"","overlay-type":"","overlay-color":"","overlay-opacity":"","overlay-gradient":""}},"ast-content-background-meta":{"desktop":{"background-color":"var(--ast-global-color-5)","background-image":"","background-repeat":"repeat","background-position":"center center","background-size":"auto","background-attachment":"scroll","background-type":"","background-media":"","overlay-type":"","overlay-color":"","overlay-opacity":"","overlay-gradient":""},"tablet":{"background-color":"var(--ast-global-color-5)","background-image":"","background-repeat":"repeat","background-position":"center center","background-size":"auto","background-attachment":"scroll","background-type":"","background-media":"","overlay-type":"","overlay-color":"","overlay-opacity":"","overlay-gradient":""},"mobile":{"background-color":"var(--ast-global-color-5)","background-image":"","background-repeat":"repeat","background-position":"center center","background-size":"auto","background-attachment":"scroll","background-type":"","background-media":"","overlay-type":"","overlay-color":"","overlay-opacity":"","overlay-gradient":""}},"footnotes":""},"categories":[1,4],"tags":[],"class_list":["post-2725","post","type-post","status-publish","format-standard","has-post-thumbnail","hentry","category-general","category-portada"],"post_mailing_queue_ids":[],"_links":{"self":[{"href":"https:\/\/agora.xtec.cat\/escolaverd\/wp-json\/wp\/v2\/posts\/2725","targetHints":{"allow":["GET"]}}],"collection":[{"href":"https:\/\/agora.xtec.cat\/escolaverd\/wp-json\/wp\/v2\/posts"}],"about":[{"href":"https:\/\/agora.xtec.cat\/escolaverd\/wp-json\/wp\/v2\/types\/post"}],"author":[{"embeddable":true,"href":"https:\/\/agora.xtec.cat\/escolaverd\/wp-json\/wp\/v2\/users\/16"}],"replies":[{"embeddable":true,"href":"https:\/\/agora.xtec.cat\/escolaverd\/wp-json\/wp\/v2\/comments?post=2725"}],"version-history":[{"count":0,"href":"https:\/\/agora.xtec.cat\/escolaverd\/wp-json\/wp\/v2\/posts\/2725\/revisions"}],"wp:featuredmedia":[{"embeddable":true,"href":"https:\/\/agora.xtec.cat\/escolaverd\/wp-json\/"}],"wp:attachment":[{"href":"https:\/\/agora.xtec.cat\/escolaverd\/wp-json\/wp\/v2\/media?parent=2725"}],"wp:term":[{"taxonomy":"category","embeddable":true,"href":"https:\/\/agora.xtec.cat\/escolaverd\/wp-json\/wp\/v2\/categories?post=2725"},{"taxonomy":"post_tag","embeddable":true,"href":"https:\/\/agora.xtec.cat\/escolaverd\/wp-json\/wp\/v2\/tags?post=2725"}],"curies":[{"name":"wp","href":"https:\/\/api.w.org\/{rel}","templated":true}]}}