{"id":27249,"date":"2025-02-04T08:26:34","date_gmt":"2025-02-04T07:26:34","guid":{"rendered":"https:\/\/agora.xtec.cat\/escolaverd\/?p=27249"},"modified":"2025-02-04T08:27:26","modified_gmt":"2025-02-04T07:27:26","slug":"xerrades-informatives-preinscripcio-25-26","status":"publish","type":"post","link":"https:\/\/agora.xtec.cat\/escolaverd\/general\/xerrades-informatives-preinscripcio-25-26\/","title":{"rendered":"Xerrades informatives Preinscripci\u00f3 25-26"},"content":{"rendered":"<p><a href=\"https:\/\/agora.xtec.cat\/escolaverd\/wp-content\/uploads\/usu2386\/2025\/02\/Cartell-Sessions-informatives-preinscripcio-25-26.png\"><img loading=\"lazy\" decoding=\"async\" class=\" wp-image-27250 alignleft\" src=\"https:\/\/agora.xtec.cat\/escolaverd\/wp-content\/uploads\/usu2386\/2025\/02\/Cartell-Sessions-informatives-preinscripcio-25-26-724x1024.png\" alt=\"\" width=\"464\" height=\"656\" srcset=\"https:\/\/agora.xtec.cat\/escolaverd\/wp-content\/uploads\/usu2386\/2025\/02\/Cartell-Sessions-informatives-preinscripcio-25-26-724x1024.png 724w, https:\/\/agora.xtec.cat\/escolaverd\/wp-content\/uploads\/usu2386\/2025\/02\/Cartell-Sessions-informatives-preinscripcio-25-26-212x300.png 212w, https:\/\/agora.xtec.cat\/escolaverd\/wp-content\/uploads\/usu2386\/2025\/02\/Cartell-Sessions-informatives-preinscripcio-25-26-768x1086.png 768w, https:\/\/agora.xtec.cat\/escolaverd\/wp-content\/uploads\/usu2386\/2025\/02\/Cartell-Sessions-informatives-preinscripcio-25-26-1086x1536.png 1086w, https:\/\/agora.xtec.cat\/escolaverd\/wp-content\/uploads\/usu2386\/2025\/02\/Cartell-Sessions-informatives-preinscripcio-25-26.png 1414w\" sizes=\"auto, (max-width: 464px) 100vw, 464px\" \/><\/a>Des del servei municipal d&#8217;educaci\u00f3 de l&#8217;Ajuntament de Girona a trav\u00e9s de l&#8217;OME, s&#8217;han organitzat tres sessions informatives, una a cada zona educativa de la ciutat, adre\u00e7ades priorit\u00e0riament a totes les fam\u00edlies amb infants que han d&#8217;iniciar l&#8217;I3 el proper curs 2025-2026 (nascuts l&#8217;any 2022). Aquesta formaci\u00f3 posa el focus en el procediment, la normativa, la import\u00e0ncia de les Jornades de Portes Obertes, eliminar la rumorologia i resoldre les inc\u00f2gnites respecte a l&#8217;ordre de prioritat d&#8217;acc\u00e9s, la baremaci\u00f3 de les sol\u00b7licituds o la zonificaci\u00f3 de la ciutat. S\u00f3n sessions obertes a tota la ciutadania, no cal inscripci\u00f3 pr\u00e8via i es pot assistir a qualsevol de les tres sessions, encara que la zona on es realitza la sessi\u00f3 no correspongui amb la zona de resid\u00e8ncia de la fam\u00edlia.<\/p>\n<p>&nbsp;<\/p>\n","protected":false},"excerpt":{"rendered":"<p>Des del servei municipal d&#8217;educaci\u00f3 de l&#8217;Ajuntament de Girona a trav\u00e9s de l&#8217;OME, s&#8217;han organitzat tres sessions informatives, una a cada zona educativa de la ciutat, adre\u00e7ades priorit\u00e0riament a totes les fam\u00edlies amb infants que han d&#8217;iniciar l&#8217;I3 el proper curs 2025-2026 (nascuts l&#8217;any 2022). Aquesta formaci\u00f3 posa el focus en el procediment, la normativa, [&hellip;]<\/p>\n","protected":false},"author":1,"featured_media":27251,"comment_status":"open","ping_status":"closed","sticky":false,"template":"","format":"standard","meta":{"_bbp_topic_count":0,"_bbp_reply_count":0,"_bbp_total_topic_count":0,"_bbp_total_reply_count":0,"_bbp_voice_count":0,"_bbp_anonymous_reply_count":0,"_bbp_topic_count_hidden":0,"_bbp_reply_count_hidden":0,"_bbp_forum_subforum_count":0,"site-sidebar-layout":"default","site-content-layout":"","ast-site-content-layout":"","site-content-style":"default","site-sidebar-style":"default","ast-global-header-display":"","ast-banner-title-visibility":"","ast-main-header-display":"","ast-hfb-above-header-display":"","ast-hfb-below-header-display":"","ast-hfb-mobile-header-display":"","site-post-title":"","ast-breadcrumbs-content":"","ast-featured-img":"","footer-sml-layout":"","theme-transparent-header-meta":"","adv-header-id-meta":"","stick-header-meta":"","header-above-stick-meta":"","header-main-stick-meta":"","header-below-stick-meta":"","astra-migrate-meta-layouts":"default","ast-page-background-enabled":"default","ast-page-background-meta":{"desktop":{"background-color":"var(--ast-global-color-4)","background-image":"","background-repeat":"repeat","background-position":"center center","background-size":"auto","background-attachment":"scroll","background-type":"","background-media":"","overlay-type":"","overlay-color":"","overlay-opacity":"","overlay-gradient":""},"tablet":{"background-color":"","background-image":"","background-repeat":"repeat","background-position":"center center","background-size":"auto","background-attachment":"scroll","background-type":"","background-media":"","overlay-type":"","overlay-color":"","overlay-opacity":"","overlay-gradient":""},"mobile":{"background-color":"","background-image":"","background-repeat":"repeat","background-position":"center center","background-size":"auto","background-attachment":"scroll","background-type":"","background-media":"","overlay-type":"","overlay-color":"","overlay-opacity":"","overlay-gradient":""}},"ast-content-background-meta":{"desktop":{"background-color":"var(--ast-global-color-5)","background-image":"","background-repeat":"repeat","background-position":"center center","background-size":"auto","background-attachment":"scroll","background-type":"","background-media":"","overlay-type":"","overlay-color":"","overlay-opacity":"","overlay-gradient":""},"tablet":{"background-color":"var(--ast-global-color-5)","background-image":"","background-repeat":"repeat","background-position":"center center","background-size":"auto","background-attachment":"scroll","background-type":"","background-media":"","overlay-type":"","overlay-color":"","overlay-opacity":"","overlay-gradient":""},"mobile":{"background-color":"var(--ast-global-color-5)","background-image":"","background-repeat":"repeat","background-position":"center center","background-size":"auto","background-attachment":"scroll","background-type":"","background-media":"","overlay-type":"","overlay-color":"","overlay-opacity":"","overlay-gradient":""}},"footnotes":""},"categories":[249,1,4],"tags":[],"class_list":["post-27249","post","type-post","status-publish","format-standard","has-post-thumbnail","hentry","category-families","category-general","category-portada"],"post_mailing_queue_ids":[],"_links":{"self":[{"href":"https:\/\/agora.xtec.cat\/escolaverd\/wp-json\/wp\/v2\/posts\/27249","targetHints":{"allow":["GET"]}}],"collection":[{"href":"https:\/\/agora.xtec.cat\/escolaverd\/wp-json\/wp\/v2\/posts"}],"about":[{"href":"https:\/\/agora.xtec.cat\/escolaverd\/wp-json\/wp\/v2\/types\/post"}],"author":[{"embeddable":true,"href":"https:\/\/agora.xtec.cat\/escolaverd\/wp-json\/wp\/v2\/users\/1"}],"replies":[{"embeddable":true,"href":"https:\/\/agora.xtec.cat\/escolaverd\/wp-json\/wp\/v2\/comments?post=27249"}],"version-history":[{"count":2,"href":"https:\/\/agora.xtec.cat\/escolaverd\/wp-json\/wp\/v2\/posts\/27249\/revisions"}],"predecessor-version":[{"id":27253,"href":"https:\/\/agora.xtec.cat\/escolaverd\/wp-json\/wp\/v2\/posts\/27249\/revisions\/27253"}],"wp:featuredmedia":[{"embeddable":true,"href":"https:\/\/agora.xtec.cat\/escolaverd\/wp-json\/wp\/v2\/media\/27251"}],"wp:attachment":[{"href":"https:\/\/agora.xtec.cat\/escolaverd\/wp-json\/wp\/v2\/media?parent=27249"}],"wp:term":[{"taxonomy":"category","embeddable":true,"href":"https:\/\/agora.xtec.cat\/escolaverd\/wp-json\/wp\/v2\/categories?post=27249"},{"taxonomy":"post_tag","embeddable":true,"href":"https:\/\/agora.xtec.cat\/escolaverd\/wp-json\/wp\/v2\/tags?post=27249"}],"curies":[{"name":"wp","href":"https:\/\/api.w.org\/{rel}","templated":true}]}}