{"id":27059,"date":"2024-11-14T16:25:18","date_gmt":"2024-11-14T15:25:18","guid":{"rendered":"https:\/\/agora.xtec.cat\/escolaverd\/?p=27059"},"modified":"2024-11-15T19:46:13","modified_gmt":"2024-11-15T18:46:13","slug":"sortida-al-volca-de-la-crosa-5e-i-6e","status":"publish","type":"post","link":"https:\/\/agora.xtec.cat\/escolaverd\/general\/sortida-al-volca-de-la-crosa-5e-i-6e\/","title":{"rendered":"Sortida al Volc\u00e0 de la Crosa 5\u00e8 i 6\u00e8"},"content":{"rendered":"<p><span style=\"font-weight: 400;\">El dimecres 6 de novembre els alumnes de 5\u00e8 i 6\u00e8 vam anar al volc\u00e0 de la Crosa a prop de Sant Dalmai. Vam fer una caminada al voltant del volc\u00e0. Ens van acompanyar dos monitors que ens anaven explicant la hist\u00f2ria del volc\u00e0 i els elements de la natura, a mesura que els an\u00e0vem trobant.<\/span><\/p>\n<p><span style=\"font-weight: 400;\">Vam estar observant les diferents capes de material que formen el volc\u00e0 en una queixalada que van fer quan van treure material per a construir una carretera i part de l\u2019aeroport. No saben ben b\u00e9 quan va entrar en erupci\u00f3, per\u00f2 va ser abans que els d\u2019Olot. El que s\u00ed que saben, \u00e9s que bufava vent de ponent perqu\u00e8 les cendres van quedar en un costat determinat.<\/span><\/p>\n<p><span style=\"font-weight: 400;\">Tamb\u00e9 ens van explicar que, com que hi havia aig\u00fces subterr\u00e0nies, el magma va escalfar l\u2019aigua i va fer una explosi\u00f3 m\u00e9s intensa que en altres volcans.\u00a0<\/span><\/p>\n<p><span style=\"font-weight: 400;\">Era una mica dif\u00edcil d\u2019identificar, per\u00f2 ens vam poder imaginar com era el cr\u00e0ter. Ara hi ha molta vegetaci\u00f3. Abans era m\u00e9s profund, per\u00f2 a causa de l\u2019erosi\u00f3, s\u2019acumulen els sediments al fons i va perdent profunditat.<\/span><\/p>\n<p><span style=\"font-weight: 400;\">Vam fer un experiment dues vegades. Vam tancar els ulls, i ens vam ajupir a agafar tots una pedra. En un dels llocs gaireb\u00e9 eren totes no volc\u00e0niques, en canvi, a dins del cr\u00e0ter, va ser a l\u2019inrev\u00e9s, gaireb\u00e9 totes eren volc\u00e0niques. Vam aprendre que ara a les cuines hi posen granit, que \u00e9s una roca volc\u00e0nica, perqu\u00e8 no es taca. Abans hi posaven marbre.<\/span><\/p>\n<p><span style=\"font-weight: 400;\">Ens va explicar, tamb\u00e9, que all\u00e0 hi volien construir el circuit de F\u00f3rmula 1, per\u00f2 al final no es va fer perqu\u00e8 estava entre dos municipis i no es van posar d\u2019acord. En un principi, van decidir preservar el paisatge i no plantar-hi arbres perqu\u00e8 es vei\u00e9s b\u00e9 el cr\u00e0ter, per\u00f2 despr\u00e9s s\u2019hi van plantar nogueres, per aix\u00f2 vam trobar alguna nou.\u00a0<\/span><\/p>\n<p><span style=\"font-weight: 400;\">Vam aprendre que les cireres d\u2019arbo\u00e7 necessiten un any per madurar. Quan maduren tenen una miqueta d\u2019alcohol. Les cireres s\u00f3n blanques al principi, despr\u00e9s verdes i finalment, quan s\u00f3n madures, s\u00f3n vermelles. Vam poder observar, tamb\u00e9, que hi havia plantes invasores. Ens va explicar que quan una planta invasora entra en un ecosistema, el desequilibra. Per acabar, ens va comentar que els animals mengen fruits i llavors escampen les llavors amb els seus excrements.<\/span><\/p>\n<p style=\"text-align: left;\"><span style=\"font-weight: 400;\">Vam trobar la sortida molt interessant i ens va agradar passar el dia a la natura. Els monitors en sabien molt i ens van explicar molt\u00edssimes coses. Tantes, que costa recordar-les totes!<\/span><\/p>\n<div id='gallery-1' class='gallery galleryid-27059 gallery-columns-3 gallery-size-thumbnail'><figure class='gallery-item'>\n\t\t\t<div class='gallery-icon landscape'>\n\t\t\t\t<a href='https:\/\/agora.xtec.cat\/escolaverd\/general\/sortida-al-volca-de-la-crosa-5e-i-6e\/attachment\/imatge-1\/'><img loading=\"lazy\" decoding=\"async\" width=\"150\" height=\"150\" src=\"https:\/\/agora.xtec.cat\/escolaverd\/wp-content\/uploads\/usu2386\/2024\/11\/Imatge-1-150x150.jpg\" class=\"attachment-thumbnail size-thumbnail\" alt=\"\" \/><\/a>\n\t\t\t<\/div><\/figure><figure class='gallery-item'>\n\t\t\t<div class='gallery-icon landscape'>\n\t\t\t\t<a href='https:\/\/agora.xtec.cat\/escolaverd\/general\/sortida-al-volca-de-la-crosa-5e-i-6e\/attachment\/imatge-2\/'><img loading=\"lazy\" decoding=\"async\" width=\"150\" height=\"150\" src=\"https:\/\/agora.xtec.cat\/escolaverd\/wp-content\/uploads\/usu2386\/2024\/11\/Imatge-2-150x150.jpg\" class=\"attachment-thumbnail size-thumbnail\" alt=\"\" \/><\/a>\n\t\t\t<\/div><\/figure><figure class='gallery-item'>\n\t\t\t<div class='gallery-icon landscape'>\n\t\t\t\t<a href='https:\/\/agora.xtec.cat\/escolaverd\/general\/sortida-al-volca-de-la-crosa-5e-i-6e\/attachment\/imatge-3\/'><img loading=\"lazy\" decoding=\"async\" width=\"150\" height=\"150\" src=\"https:\/\/agora.xtec.cat\/escolaverd\/wp-content\/uploads\/usu2386\/2024\/11\/Imatge-3-150x150.jpg\" class=\"attachment-thumbnail size-thumbnail\" alt=\"\" \/><\/a>\n\t\t\t<\/div><\/figure><figure class='gallery-item'>\n\t\t\t<div class='gallery-icon landscape'>\n\t\t\t\t<a href='https:\/\/agora.xtec.cat\/escolaverd\/general\/sortida-al-volca-de-la-crosa-5e-i-6e\/attachment\/imatge-4\/'><img loading=\"lazy\" decoding=\"async\" width=\"150\" height=\"150\" src=\"https:\/\/agora.xtec.cat\/escolaverd\/wp-content\/uploads\/usu2386\/2024\/11\/Imatge-4-150x150.jpg\" class=\"attachment-thumbnail size-thumbnail\" alt=\"\" \/><\/a>\n\t\t\t<\/div><\/figure><figure class='gallery-item'>\n\t\t\t<div class='gallery-icon portrait'>\n\t\t\t\t<a href='https:\/\/agora.xtec.cat\/escolaverd\/general\/sortida-al-volca-de-la-crosa-5e-i-6e\/attachment\/imatge-5\/'><img loading=\"lazy\" decoding=\"async\" width=\"150\" height=\"150\" src=\"https:\/\/agora.xtec.cat\/escolaverd\/wp-content\/uploads\/usu2386\/2024\/11\/Imatge-5-150x150.jpg\" class=\"attachment-thumbnail size-thumbnail\" alt=\"\" \/><\/a>\n\t\t\t<\/div><\/figure><figure class='gallery-item'>\n\t\t\t<div class='gallery-icon portrait'>\n\t\t\t\t<a href='https:\/\/agora.xtec.cat\/escolaverd\/general\/sortida-al-volca-de-la-crosa-5e-i-6e\/attachment\/imatge-6\/'><img loading=\"lazy\" decoding=\"async\" width=\"150\" height=\"150\" src=\"https:\/\/agora.xtec.cat\/escolaverd\/wp-content\/uploads\/usu2386\/2024\/11\/Imatge-6-150x150.jpg\" class=\"attachment-thumbnail size-thumbnail\" alt=\"\" \/><\/a>\n\t\t\t<\/div><\/figure><figure class='gallery-item'>\n\t\t\t<div class='gallery-icon portrait'>\n\t\t\t\t<a href='https:\/\/agora.xtec.cat\/escolaverd\/general\/sortida-al-volca-de-la-crosa-5e-i-6e\/attachment\/imatge-7\/'><img loading=\"lazy\" decoding=\"async\" width=\"150\" height=\"150\" src=\"https:\/\/agora.xtec.cat\/escolaverd\/wp-content\/uploads\/usu2386\/2024\/11\/Imatge-7-150x150.jpg\" class=\"attachment-thumbnail size-thumbnail\" alt=\"\" \/><\/a>\n\t\t\t<\/div><\/figure><figure class='gallery-item'>\n\t\t\t<div class='gallery-icon landscape'>\n\t\t\t\t<a href='https:\/\/agora.xtec.cat\/escolaverd\/general\/sortida-al-volca-de-la-crosa-5e-i-6e\/attachment\/imatge-8\/'><img loading=\"lazy\" decoding=\"async\" width=\"150\" height=\"150\" src=\"https:\/\/agora.xtec.cat\/escolaverd\/wp-content\/uploads\/usu2386\/2024\/11\/Imatge-8-150x150.jpg\" class=\"attachment-thumbnail size-thumbnail\" alt=\"\" \/><\/a>\n\t\t\t<\/div><\/figure><figure class='gallery-item'>\n\t\t\t<div class='gallery-icon landscape'>\n\t\t\t\t<a href='https:\/\/agora.xtec.cat\/escolaverd\/general\/sortida-al-volca-de-la-crosa-5e-i-6e\/attachment\/imatge-9\/'><img loading=\"lazy\" decoding=\"async\" width=\"150\" height=\"150\" src=\"https:\/\/agora.xtec.cat\/escolaverd\/wp-content\/uploads\/usu2386\/2024\/11\/Imatge-9-150x150.jpg\" class=\"attachment-thumbnail size-thumbnail\" alt=\"\" \/><\/a>\n\t\t\t<\/div><\/figure>\n\t\t<\/div>\n\n<p style=\"text-align: left;\">\n","protected":false},"excerpt":{"rendered":"<p>El dimecres 6 de novembre els alumnes de 5\u00e8 i 6\u00e8 vam anar al volc\u00e0 de la Crosa a prop de Sant Dalmai. Vam fer una caminada al voltant del volc\u00e0. Ens van acompanyar dos monitors que ens anaven explicant la hist\u00f2ria del volc\u00e0 i els elements de la natura, a mesura que els an\u00e0vem [&hellip;]<\/p>\n","protected":false},"author":25,"featured_media":27065,"comment_status":"open","ping_status":"closed","sticky":false,"template":"","format":"standard","meta":{"_bbp_topic_count":0,"_bbp_reply_count":0,"_bbp_total_topic_count":0,"_bbp_total_reply_count":0,"_bbp_voice_count":0,"_bbp_anonymous_reply_count":0,"_bbp_topic_count_hidden":0,"_bbp_reply_count_hidden":0,"_bbp_forum_subforum_count":0,"site-sidebar-layout":"default","site-content-layout":"","ast-site-content-layout":"","site-content-style":"default","site-sidebar-style":"default","ast-global-header-display":"","ast-banner-title-visibility":"","ast-main-header-display":"","ast-hfb-above-header-display":"","ast-hfb-below-header-display":"","ast-hfb-mobile-header-display":"","site-post-title":"","ast-breadcrumbs-content":"","ast-featured-img":"","footer-sml-layout":"","theme-transparent-header-meta":"","adv-header-id-meta":"","stick-header-meta":"","header-above-stick-meta":"","header-main-stick-meta":"","header-below-stick-meta":"","astra-migrate-meta-layouts":"default","ast-page-background-enabled":"default","ast-page-background-meta":{"desktop":{"background-color":"var(--ast-global-color-4)","background-image":"","background-repeat":"repeat","background-position":"center center","background-size":"auto","background-attachment":"scroll","background-type":"","background-media":"","overlay-type":"","overlay-color":"","overlay-opacity":"","overlay-gradient":""},"tablet":{"background-color":"","background-image":"","background-repeat":"repeat","background-position":"center center","background-size":"auto","background-attachment":"scroll","background-type":"","background-media":"","overlay-type":"","overlay-color":"","overlay-opacity":"","overlay-gradient":""},"mobile":{"background-color":"","background-image":"","background-repeat":"repeat","background-position":"center center","background-size":"auto","background-attachment":"scroll","background-type":"","background-media":"","overlay-type":"","overlay-color":"","overlay-opacity":"","overlay-gradient":""}},"ast-content-background-meta":{"desktop":{"background-color":"var(--ast-global-color-5)","background-image":"","background-repeat":"repeat","background-position":"center center","background-size":"auto","background-attachment":"scroll","background-type":"","background-media":"","overlay-type":"","overlay-color":"","overlay-opacity":"","overlay-gradient":""},"tablet":{"background-color":"var(--ast-global-color-5)","background-image":"","background-repeat":"repeat","background-position":"center center","background-size":"auto","background-attachment":"scroll","background-type":"","background-media":"","overlay-type":"","overlay-color":"","overlay-opacity":"","overlay-gradient":""},"mobile":{"background-color":"var(--ast-global-color-5)","background-image":"","background-repeat":"repeat","background-position":"center center","background-size":"auto","background-attachment":"scroll","background-type":"","background-media":"","overlay-type":"","overlay-color":"","overlay-opacity":"","overlay-gradient":""}},"footnotes":""},"categories":[223,222,14,15,1,4],"tags":[],"class_list":["post-27059","post","type-post","status-publish","format-standard","has-post-thumbnail","hentry","category-223","category-222","category-5e","category-6e","category-general","category-portada"],"post_mailing_queue_ids":[],"_links":{"self":[{"href":"https:\/\/agora.xtec.cat\/escolaverd\/wp-json\/wp\/v2\/posts\/27059","targetHints":{"allow":["GET"]}}],"collection":[{"href":"https:\/\/agora.xtec.cat\/escolaverd\/wp-json\/wp\/v2\/posts"}],"about":[{"href":"https:\/\/agora.xtec.cat\/escolaverd\/wp-json\/wp\/v2\/types\/post"}],"author":[{"embeddable":true,"href":"https:\/\/agora.xtec.cat\/escolaverd\/wp-json\/wp\/v2\/users\/25"}],"replies":[{"embeddable":true,"href":"https:\/\/agora.xtec.cat\/escolaverd\/wp-json\/wp\/v2\/comments?post=27059"}],"version-history":[{"count":2,"href":"https:\/\/agora.xtec.cat\/escolaverd\/wp-json\/wp\/v2\/posts\/27059\/revisions"}],"predecessor-version":[{"id":27085,"href":"https:\/\/agora.xtec.cat\/escolaverd\/wp-json\/wp\/v2\/posts\/27059\/revisions\/27085"}],"wp:featuredmedia":[{"embeddable":true,"href":"https:\/\/agora.xtec.cat\/escolaverd\/wp-json\/wp\/v2\/media\/27065"}],"wp:attachment":[{"href":"https:\/\/agora.xtec.cat\/escolaverd\/wp-json\/wp\/v2\/media?parent=27059"}],"wp:term":[{"taxonomy":"category","embeddable":true,"href":"https:\/\/agora.xtec.cat\/escolaverd\/wp-json\/wp\/v2\/categories?post=27059"},{"taxonomy":"post_tag","embeddable":true,"href":"https:\/\/agora.xtec.cat\/escolaverd\/wp-json\/wp\/v2\/tags?post=27059"}],"curies":[{"name":"wp","href":"https:\/\/api.w.org\/{rel}","templated":true}]}}