{"id":26539,"date":"2024-05-08T23:54:36","date_gmt":"2024-05-08T21:54:36","guid":{"rendered":"https:\/\/agora.xtec.cat\/escolaverd\/?p=26539"},"modified":"2024-06-13T14:40:42","modified_gmt":"2024-06-13T12:40:42","slug":"els-ocells-de-les-gavarres-sessio-danellament-cientific-daus","status":"publish","type":"post","link":"https:\/\/agora.xtec.cat\/escolaverd\/general\/els-ocells-de-les-gavarres-sessio-danellament-cientific-daus\/","title":{"rendered":"Els ocells de les Gavarres. Sessi\u00f3 d&#8217;anellament cient\u00edfic d&#8217;aus."},"content":{"rendered":"<p><span style=\"font-weight: 400;\"> Divendres 26 d\u2019abril els i les alumnes de 2n i 3r vam anar amb autocar a Cass\u00e0 de la Selva. Un cop all\u00e0, ens van rebre l\u2019Enric i la J\u00falia, ens van fer deixar les motxilles a la casa de Can Vilallonga i ens vam partir en dos grups: 2n i 3r.\u00a0\u00a0<\/span><\/p>\n<p><span style=\"font-weight: 400;\">Amb l\u2019Enric, vam fer una rotllana i ens va explicar com s\u2019anellen els ocells. S\u2019agafa l\u2019au; es mira si \u00e9s mascle o femella segons les plomes que t\u00e9 a la panxa; es mesura el seu cos, la ploma m\u00e9s llarga de les ales i el pes; s\u2019apunta tot en una llibreta per controlar-ne els canvis al llarg dels anys; se li posa una anella amb unes alicates que no fan mal i se l\u2019allibera. <\/span><span style=\"font-weight: 400;\">Els i les de 2n vam poder estudiar i acariciar una mallerenga blava i un colltort, que \u00e9s un ocell de l\u2019\u00c0frica. Pesaven molt poc, entre 10 i 30 grams. Despr\u00e9s, vam anar al bosc a veure unes xarxes on s\u2019hi havien quedat enredats un pins\u00e0, una mallerenga carbonera i un mastegatatxes.\u00a0\u00a0<\/span><\/p>\n<p><span style=\"font-weight: 400;\">Amb la J\u00falia, vam anar per un cam\u00ed i vam veure plantes, que ens va explicar per qu\u00e8 les pod\u00edem fer servir, i ovelles. Llavors, vam tornar a fer una rotllana, vam escoltar els cants dels ocells, com el del pit-roig, i ens va ensenyar rastres: un ou d\u2019estru\u00e7; un bec; un mussol i un abellerol dissecats; una pota i un crani de duc, que \u00e9s el mussol m\u00e9s gran de tots; una pota d\u2019\u00e0nec i una de gavina i dos nius fets amb elements naturals.<\/span><\/p>\n<p><span style=\"font-weight: 400;\">Abans de tornar cap a l\u2019escola, vam dinar en unes taules de p\u00edcnic i vam jugar amb pals i escorces a fer cabanes, ponts i tobogans. Tamb\u00e9 vam tenir temps per relaxar-nos a la gespa. Va ser molt divertit!\u00a0\u00a0\u00a0<\/span><\/p>\n<p><span style=\"font-weight: 400;\">Ens va agradar molt fer aquesta sortida. Va ser molt interessant, ja que vam poder tocar ocells i aprendre\u2019n moltes coses. Ho tornar\u00edem a repetir!\u00a0\u00a0\u00a0\u00a0<\/span><\/p>\n<div id='gallery-1' class='gallery galleryid-26539 gallery-columns-4 gallery-size-thumbnail'><figure class='gallery-item'>\n\t\t\t<div class='gallery-icon landscape'>\n\t\t\t\t<a href='https:\/\/agora.xtec.cat\/escolaverd\/general\/els-ocells-de-les-gavarres-sessio-danellament-cientific-daus\/attachment\/20240426_104356\/'><img loading=\"lazy\" decoding=\"async\" width=\"150\" height=\"150\" src=\"https:\/\/agora.xtec.cat\/escolaverd\/wp-content\/uploads\/usu2386\/2024\/05\/20240426_104356-150x150.jpg\" class=\"attachment-thumbnail size-thumbnail\" alt=\"\" \/><\/a>\n\t\t\t<\/div><\/figure><figure class='gallery-item'>\n\t\t\t<div class='gallery-icon landscape'>\n\t\t\t\t<a href='https:\/\/agora.xtec.cat\/escolaverd\/general\/els-ocells-de-les-gavarres-sessio-danellament-cientific-daus\/attachment\/20240426_105944\/'><img loading=\"lazy\" decoding=\"async\" width=\"150\" height=\"150\" src=\"https:\/\/agora.xtec.cat\/escolaverd\/wp-content\/uploads\/usu2386\/2024\/05\/20240426_105944-150x150.jpg\" class=\"attachment-thumbnail size-thumbnail\" alt=\"\" \/><\/a>\n\t\t\t<\/div><\/figure><figure class='gallery-item'>\n\t\t\t<div class='gallery-icon portrait'>\n\t\t\t\t<a href='https:\/\/agora.xtec.cat\/escolaverd\/general\/els-ocells-de-les-gavarres-sessio-danellament-cientific-daus\/attachment\/whatsapp-image-2024-04-26-at-18-56-48\/'><img loading=\"lazy\" decoding=\"async\" width=\"150\" height=\"150\" src=\"https:\/\/agora.xtec.cat\/escolaverd\/wp-content\/uploads\/usu2386\/2024\/05\/WhatsApp-Image-2024-04-26-at-18.56.48-150x150.jpeg\" class=\"attachment-thumbnail size-thumbnail\" alt=\"\" \/><\/a>\n\t\t\t<\/div><\/figure><figure class='gallery-item'>\n\t\t\t<div class='gallery-icon portrait'>\n\t\t\t\t<a href='https:\/\/agora.xtec.cat\/escolaverd\/general\/els-ocells-de-les-gavarres-sessio-danellament-cientific-daus\/attachment\/whatsapp-image-2024-04-26-at-18-56-38\/'><img loading=\"lazy\" decoding=\"async\" width=\"150\" height=\"150\" src=\"https:\/\/agora.xtec.cat\/escolaverd\/wp-content\/uploads\/usu2386\/2024\/05\/WhatsApp-Image-2024-04-26-at-18.56.38-150x150.jpeg\" class=\"attachment-thumbnail size-thumbnail\" alt=\"\" \/><\/a>\n\t\t\t<\/div><\/figure><figure class='gallery-item'>\n\t\t\t<div class='gallery-icon portrait'>\n\t\t\t\t<a href='https:\/\/agora.xtec.cat\/escolaverd\/general\/els-ocells-de-les-gavarres-sessio-danellament-cientific-daus\/attachment\/whatsapp-image-2024-04-26-at-18-56-27\/'><img loading=\"lazy\" decoding=\"async\" width=\"150\" height=\"150\" src=\"https:\/\/agora.xtec.cat\/escolaverd\/wp-content\/uploads\/usu2386\/2024\/05\/WhatsApp-Image-2024-04-26-at-18.56.27-150x150.jpeg\" class=\"attachment-thumbnail size-thumbnail\" alt=\"\" \/><\/a>\n\t\t\t<\/div><\/figure><figure class='gallery-item'>\n\t\t\t<div class='gallery-icon landscape'>\n\t\t\t\t<a href='https:\/\/agora.xtec.cat\/escolaverd\/general\/els-ocells-de-les-gavarres-sessio-danellament-cientific-daus\/attachment\/20240426_125545-1\/'><img loading=\"lazy\" decoding=\"async\" width=\"150\" height=\"150\" src=\"https:\/\/agora.xtec.cat\/escolaverd\/wp-content\/uploads\/usu2386\/2024\/05\/20240426_125545-1-150x150.jpg\" class=\"attachment-thumbnail size-thumbnail\" alt=\"\" \/><\/a>\n\t\t\t<\/div><\/figure><figure class='gallery-item'>\n\t\t\t<div class='gallery-icon landscape'>\n\t\t\t\t<a href='https:\/\/agora.xtec.cat\/escolaverd\/general\/els-ocells-de-les-gavarres-sessio-danellament-cientific-daus\/attachment\/whatsapp-image-2024-04-26-at-18-57-28\/'><img loading=\"lazy\" decoding=\"async\" width=\"150\" height=\"150\" src=\"https:\/\/agora.xtec.cat\/escolaverd\/wp-content\/uploads\/usu2386\/2024\/05\/WhatsApp-Image-2024-04-26-at-18.57.28-150x150.jpeg\" class=\"attachment-thumbnail size-thumbnail\" alt=\"\" \/><\/a>\n\t\t\t<\/div><\/figure><figure class='gallery-item'>\n\t\t\t<div class='gallery-icon landscape'>\n\t\t\t\t<a href='https:\/\/agora.xtec.cat\/escolaverd\/general\/els-ocells-de-les-gavarres-sessio-danellament-cientific-daus\/attachment\/20240426_133354\/'><img loading=\"lazy\" decoding=\"async\" width=\"150\" height=\"150\" src=\"https:\/\/agora.xtec.cat\/escolaverd\/wp-content\/uploads\/usu2386\/2024\/05\/20240426_133354-150x150.jpg\" class=\"attachment-thumbnail size-thumbnail\" alt=\"\" \/><\/a>\n\t\t\t<\/div><\/figure><figure class='gallery-item'>\n\t\t\t<div class='gallery-icon landscape'>\n\t\t\t\t<a href='https:\/\/agora.xtec.cat\/escolaverd\/general\/els-ocells-de-les-gavarres-sessio-danellament-cientific-daus\/attachment\/20240426_133340\/'><img loading=\"lazy\" decoding=\"async\" width=\"150\" height=\"150\" src=\"https:\/\/agora.xtec.cat\/escolaverd\/wp-content\/uploads\/usu2386\/2024\/05\/20240426_133340-150x150.jpg\" class=\"attachment-thumbnail size-thumbnail\" alt=\"\" \/><\/a>\n\t\t\t<\/div><\/figure><figure class='gallery-item'>\n\t\t\t<div class='gallery-icon landscape'>\n\t\t\t\t<a href='https:\/\/agora.xtec.cat\/escolaverd\/general\/els-ocells-de-les-gavarres-sessio-danellament-cientific-daus\/attachment\/20240426_144133\/'><img loading=\"lazy\" decoding=\"async\" width=\"150\" height=\"150\" src=\"https:\/\/agora.xtec.cat\/escolaverd\/wp-content\/uploads\/usu2386\/2024\/05\/20240426_144133-150x150.jpg\" class=\"attachment-thumbnail size-thumbnail\" alt=\"\" \/><\/a>\n\t\t\t<\/div><\/figure>\n\t\t<\/div>\n\n","protected":false},"excerpt":{"rendered":"<p>Divendres 26 d\u2019abril els i les alumnes de 2n i 3r vam anar amb autocar a Cass\u00e0 de la Selva. Un cop all\u00e0, ens van rebre l\u2019Enric i la J\u00falia, ens van fer deixar les motxilles a la casa de Can Vilallonga i ens vam partir en dos grups: 2n i 3r.\u00a0\u00a0 Amb l\u2019Enric, vam [&hellip;]<\/p>\n","protected":false},"author":21,"featured_media":26548,"comment_status":"open","ping_status":"closed","sticky":false,"template":"","format":"standard","meta":{"_bbp_topic_count":0,"_bbp_reply_count":0,"_bbp_total_topic_count":0,"_bbp_total_reply_count":0,"_bbp_voice_count":0,"_bbp_anonymous_reply_count":0,"_bbp_topic_count_hidden":0,"_bbp_reply_count_hidden":0,"_bbp_forum_subforum_count":0,"site-sidebar-layout":"default","site-content-layout":"","ast-site-content-layout":"","site-content-style":"default","site-sidebar-style":"default","ast-global-header-display":"","ast-banner-title-visibility":"","ast-main-header-display":"","ast-hfb-above-header-display":"","ast-hfb-below-header-display":"","ast-hfb-mobile-header-display":"","site-post-title":"","ast-breadcrumbs-content":"","ast-featured-img":"","footer-sml-layout":"","theme-transparent-header-meta":"","adv-header-id-meta":"","stick-header-meta":"","header-above-stick-meta":"","header-main-stick-meta":"","header-below-stick-meta":"","astra-migrate-meta-layouts":"default","ast-page-background-enabled":"default","ast-page-background-meta":{"desktop":{"background-color":"var(--ast-global-color-4)","background-image":"","background-repeat":"repeat","background-position":"center center","background-size":"auto","background-attachment":"scroll","background-type":"","background-media":"","overlay-type":"","overlay-color":"","overlay-opacity":"","overlay-gradient":""},"tablet":{"background-color":"","background-image":"","background-repeat":"repeat","background-position":"center center","background-size":"auto","background-attachment":"scroll","background-type":"","background-media":"","overlay-type":"","overlay-color":"","overlay-opacity":"","overlay-gradient":""},"mobile":{"background-color":"","background-image":"","background-repeat":"repeat","background-position":"center center","background-size":"auto","background-attachment":"scroll","background-type":"","background-media":"","overlay-type":"","overlay-color":"","overlay-opacity":"","overlay-gradient":""}},"ast-content-background-meta":{"desktop":{"background-color":"var(--ast-global-color-5)","background-image":"","background-repeat":"repeat","background-position":"center center","background-size":"auto","background-attachment":"scroll","background-type":"","background-media":"","overlay-type":"","overlay-color":"","overlay-opacity":"","overlay-gradient":""},"tablet":{"background-color":"var(--ast-global-color-5)","background-image":"","background-repeat":"repeat","background-position":"center center","background-size":"auto","background-attachment":"scroll","background-type":"","background-media":"","overlay-type":"","overlay-color":"","overlay-opacity":"","overlay-gradient":""},"mobile":{"background-color":"var(--ast-global-color-5)","background-image":"","background-repeat":"repeat","background-position":"center center","background-size":"auto","background-attachment":"scroll","background-type":"","background-media":"","overlay-type":"","overlay-color":"","overlay-opacity":"","overlay-gradient":""}},"footnotes":""},"categories":[221,220,79,70,1,4],"tags":[],"class_list":["post-26539","post","type-post","status-publish","format-standard","has-post-thumbnail","hentry","category-221","category-220","category-2n","category-3r","category-general","category-portada"],"post_mailing_queue_ids":[],"_links":{"self":[{"href":"https:\/\/agora.xtec.cat\/escolaverd\/wp-json\/wp\/v2\/posts\/26539","targetHints":{"allow":["GET"]}}],"collection":[{"href":"https:\/\/agora.xtec.cat\/escolaverd\/wp-json\/wp\/v2\/posts"}],"about":[{"href":"https:\/\/agora.xtec.cat\/escolaverd\/wp-json\/wp\/v2\/types\/post"}],"author":[{"embeddable":true,"href":"https:\/\/agora.xtec.cat\/escolaverd\/wp-json\/wp\/v2\/users\/21"}],"replies":[{"embeddable":true,"href":"https:\/\/agora.xtec.cat\/escolaverd\/wp-json\/wp\/v2\/comments?post=26539"}],"version-history":[{"count":3,"href":"https:\/\/agora.xtec.cat\/escolaverd\/wp-json\/wp\/v2\/posts\/26539\/revisions"}],"predecessor-version":[{"id":26625,"href":"https:\/\/agora.xtec.cat\/escolaverd\/wp-json\/wp\/v2\/posts\/26539\/revisions\/26625"}],"wp:featuredmedia":[{"embeddable":true,"href":"https:\/\/agora.xtec.cat\/escolaverd\/wp-json\/wp\/v2\/media\/26548"}],"wp:attachment":[{"href":"https:\/\/agora.xtec.cat\/escolaverd\/wp-json\/wp\/v2\/media?parent=26539"}],"wp:term":[{"taxonomy":"category","embeddable":true,"href":"https:\/\/agora.xtec.cat\/escolaverd\/wp-json\/wp\/v2\/categories?post=26539"},{"taxonomy":"post_tag","embeddable":true,"href":"https:\/\/agora.xtec.cat\/escolaverd\/wp-json\/wp\/v2\/tags?post=26539"}],"curies":[{"name":"wp","href":"https:\/\/api.w.org\/{rel}","templated":true}]}}