{"id":26535,"date":"2024-05-06T20:47:48","date_gmt":"2024-05-06T18:47:48","guid":{"rendered":"https:\/\/agora.xtec.cat\/escolaverd\/?p=26535"},"modified":"2025-09-08T07:22:56","modified_gmt":"2025-09-08T05:22:56","slug":"activitats-extraescolars-24-25","status":"publish","type":"post","link":"https:\/\/agora.xtec.cat\/escolaverd\/general\/activitats-extraescolars-24-25\/","title":{"rendered":"Activitats extraescolars 24-25"},"content":{"rendered":"<p><a href=\"https:\/\/agora.xtec.cat\/escolaverd\/wp-content\/uploads\/usu2386\/2024\/05\/hands-2847508_1280.jpg\"><img loading=\"lazy\" decoding=\"async\" class=\"alignnone wp-image-26536\" src=\"https:\/\/agora.xtec.cat\/escolaverd\/wp-content\/uploads\/usu2386\/2024\/05\/hands-2847508_1280-1024x682.jpg\" alt=\"\" width=\"335\" height=\"223\" srcset=\"https:\/\/agora.xtec.cat\/escolaverd\/wp-content\/uploads\/usu2386\/2024\/05\/hands-2847508_1280-1024x682.jpg 1024w, https:\/\/agora.xtec.cat\/escolaverd\/wp-content\/uploads\/usu2386\/2024\/05\/hands-2847508_1280-300x200.jpg 300w, https:\/\/agora.xtec.cat\/escolaverd\/wp-content\/uploads\/usu2386\/2024\/05\/hands-2847508_1280-768x512.jpg 768w, https:\/\/agora.xtec.cat\/escolaverd\/wp-content\/uploads\/usu2386\/2024\/05\/hands-2847508_1280.jpg 1280w\" sizes=\"auto, (max-width: 335px) 100vw, 335px\" \/><\/a><\/p>\n<p>Avui s&#8217;han obert les inscripcions a les<a href=\"https:\/\/agora.xtec.cat\/escolaverd\/wp-content\/uploads\/usu2386\/2024\/05\/extraescolars-2024-2025-1.pdf\"><strong> EXTRAESCOLARS 2024-2025.<\/strong>\u00a0<\/a> Podeu consultar tota l&#8217;oferta a l&#8217;enlla\u00e7 anterior.<\/p>\n<p>Atenci\u00f3:<strong> Data l\u00edmit inscripcions 28 de juny.<\/strong><\/p>\n<p><a href=\"https:\/\/agora.xtec.cat\/escolaverd\/wp-content\/uploads\/usu2386\/2024\/05\/Captura-de-pantalla-2025-09-08-072133.jpg\"><img loading=\"lazy\" decoding=\"async\" class=\"alignnone wp-image-28066 size-full\" src=\"https:\/\/agora.xtec.cat\/escolaverd\/wp-content\/uploads\/usu2386\/2024\/05\/Captura-de-pantalla-2025-09-08-072133.jpg\" alt=\"\" width=\"307\" height=\"141\" srcset=\"https:\/\/agora.xtec.cat\/escolaverd\/wp-content\/uploads\/usu2386\/2024\/05\/Captura-de-pantalla-2025-09-08-072133.jpg 307w, https:\/\/agora.xtec.cat\/escolaverd\/wp-content\/uploads\/usu2386\/2024\/05\/Captura-de-pantalla-2025-09-08-072133-300x138.jpg 300w\" sizes=\"auto, (max-width: 307px) 100vw, 307px\" \/><\/a><\/p>\n","protected":false},"excerpt":{"rendered":"<p>Avui s&#8217;han obert les inscripcions a les EXTRAESCOLARS 2024-2025.\u00a0 Podeu consultar tota l&#8217;oferta a l&#8217;enlla\u00e7 anterior. Atenci\u00f3: Data l\u00edmit inscripcions 28 de juny.<\/p>\n","protected":false},"author":4,"featured_media":26536,"comment_status":"open","ping_status":"closed","sticky":false,"template":"","format":"standard","meta":{"_bbp_topic_count":0,"_bbp_reply_count":0,"_bbp_total_topic_count":0,"_bbp_total_reply_count":0,"_bbp_voice_count":0,"_bbp_anonymous_reply_count":0,"_bbp_topic_count_hidden":0,"_bbp_reply_count_hidden":0,"_bbp_forum_subforum_count":0,"site-sidebar-layout":"default","site-content-layout":"","ast-site-content-layout":"","site-content-style":"default","site-sidebar-style":"default","ast-global-header-display":"","ast-banner-title-visibility":"","ast-main-header-display":"","ast-hfb-above-header-display":"","ast-hfb-below-header-display":"","ast-hfb-mobile-header-display":"","site-post-title":"","ast-breadcrumbs-content":"","ast-featured-img":"","footer-sml-layout":"","theme-transparent-header-meta":"","adv-header-id-meta":"","stick-header-meta":"","header-above-stick-meta":"","header-main-stick-meta":"","header-below-stick-meta":"","astra-migrate-meta-layouts":"default","ast-page-background-enabled":"default","ast-page-background-meta":{"desktop":{"background-color":"var(--ast-global-color-4)","background-image":"","background-repeat":"repeat","background-position":"center center","background-size":"auto","background-attachment":"scroll","background-type":"","background-media":"","overlay-type":"","overlay-color":"","overlay-opacity":"","overlay-gradient":""},"tablet":{"background-color":"","background-image":"","background-repeat":"repeat","background-position":"center center","background-size":"auto","background-attachment":"scroll","background-type":"","background-media":"","overlay-type":"","overlay-color":"","overlay-opacity":"","overlay-gradient":""},"mobile":{"background-color":"","background-image":"","background-repeat":"repeat","background-position":"center center","background-size":"auto","background-attachment":"scroll","background-type":"","background-media":"","overlay-type":"","overlay-color":"","overlay-opacity":"","overlay-gradient":""}},"ast-content-background-meta":{"desktop":{"background-color":"var(--ast-global-color-5)","background-image":"","background-repeat":"repeat","background-position":"center center","background-size":"auto","background-attachment":"scroll","background-type":"","background-media":"","overlay-type":"","overlay-color":"","overlay-opacity":"","overlay-gradient":""},"tablet":{"background-color":"var(--ast-global-color-5)","background-image":"","background-repeat":"repeat","background-position":"center center","background-size":"auto","background-attachment":"scroll","background-type":"","background-media":"","overlay-type":"","overlay-color":"","overlay-opacity":"","overlay-gradient":""},"mobile":{"background-color":"var(--ast-global-color-5)","background-image":"","background-repeat":"repeat","background-position":"center center","background-size":"auto","background-attachment":"scroll","background-type":"","background-media":"","overlay-type":"","overlay-color":"","overlay-opacity":"","overlay-gradient":""}},"footnotes":""},"categories":[7,236,1,4],"tags":[],"class_list":["post-26535","post","type-post","status-publish","format-standard","has-post-thumbnail","hentry","category-ampa","category-extraescolars","category-general","category-portada"],"post_mailing_queue_ids":[],"_links":{"self":[{"href":"https:\/\/agora.xtec.cat\/escolaverd\/wp-json\/wp\/v2\/posts\/26535","targetHints":{"allow":["GET"]}}],"collection":[{"href":"https:\/\/agora.xtec.cat\/escolaverd\/wp-json\/wp\/v2\/posts"}],"about":[{"href":"https:\/\/agora.xtec.cat\/escolaverd\/wp-json\/wp\/v2\/types\/post"}],"author":[{"embeddable":true,"href":"https:\/\/agora.xtec.cat\/escolaverd\/wp-json\/wp\/v2\/users\/4"}],"replies":[{"embeddable":true,"href":"https:\/\/agora.xtec.cat\/escolaverd\/wp-json\/wp\/v2\/comments?post=26535"}],"version-history":[{"count":3,"href":"https:\/\/agora.xtec.cat\/escolaverd\/wp-json\/wp\/v2\/posts\/26535\/revisions"}],"predecessor-version":[{"id":28067,"href":"https:\/\/agora.xtec.cat\/escolaverd\/wp-json\/wp\/v2\/posts\/26535\/revisions\/28067"}],"wp:featuredmedia":[{"embeddable":true,"href":"https:\/\/agora.xtec.cat\/escolaverd\/wp-json\/wp\/v2\/media\/26536"}],"wp:attachment":[{"href":"https:\/\/agora.xtec.cat\/escolaverd\/wp-json\/wp\/v2\/media?parent=26535"}],"wp:term":[{"taxonomy":"category","embeddable":true,"href":"https:\/\/agora.xtec.cat\/escolaverd\/wp-json\/wp\/v2\/categories?post=26535"},{"taxonomy":"post_tag","embeddable":true,"href":"https:\/\/agora.xtec.cat\/escolaverd\/wp-json\/wp\/v2\/tags?post=26535"}],"curies":[{"name":"wp","href":"https:\/\/api.w.org\/{rel}","templated":true}]}}