{"id":2637,"date":"2014-01-30T20:09:56","date_gmt":"2014-01-30T19:09:56","guid":{"rendered":"http:\/\/www.escolaverd.cat\/?p=2637"},"modified":"2014-01-30T20:09:56","modified_gmt":"2014-01-30T19:09:56","slug":"dia-escolar-de-la-no-violencia-i-la-pau","status":"publish","type":"post","link":"https:\/\/agora.xtec.cat\/escolaverd\/general\/dia-escolar-de-la-no-violencia-i-la-pau\/","title":{"rendered":"Dia Escolar de la No-Viol\u00e8ncia i la Pau"},"content":{"rendered":"<p>Avui, 30 de gener, se celebra el Dia Escolar de la No-Viol\u00e8ncia i la Pau.<\/p>\n<p>Aquest mat\u00ed, els nens i nenes de 1r i 2n, en representaci\u00f3 de la nostra escola hem anat al Parc del Migdia a celebrar-lo amb molts nens i nenes d&#8217;altres escoles de Girona. Tots port\u00e0vem un fulard amb desitjos de Pau que hav\u00edem fet a la classe.<\/p>\n<p>Els presentadors ens han donat la benvinguda i han saludat escola per escola. M\u00e9s tard han vingut uns pallassos, en Jan i la Jana, que buscaven nens per a la seva escola: l&#8217;escola Punxa-botons. \u00c9ren molt divertits.<\/p>\n<p>Ells deien que els fulards servien per saludar, per eixugar-se els mocs, per pposar-se al cap si plou, per fer de cal\u00e7otets o per eixugar-nos el \u2026 si no hi ha paper!<\/p>\n<p>Ha pujat un representant de cada escola a llegir la frase que hav\u00edem preparat. Tots eren molt bonics i ens han fet pensar. La nostra frase era:<\/p>\n<p>\u201cQue bonic seria si tots ens estim\u00e9ssim, ens ajud\u00e9ssim i no ens barall\u00e9ssim! Respecte, sinceritat, comprensi\u00f3 i confian\u00e7a serien les coses m\u00e9s f\u00e0cils\u201d.<\/p>\n<p>Despr\u00e9s hem ballat plegats la \u201cDansa dels amics\u201d i hem cantat la can\u00e7\u00f3 \u201cEl m\u00f3ns seria m\u00e9s feli\u00e7\u201d.<\/p>\n<p>La festa ha sigut molt maca. Tamb\u00e9 ha sigut molt bonic compartit amb molts altres nens aquesta celebraci\u00f3.<\/p>\n<p>A la tarda, a l&#8217;escola, hem explicat a tots els nens i nenes el que hav\u00edem fet al mat\u00ed i plegats hem fet uns arbres al pati amb els nostres desitjos de pau. Per acabar la celebraci\u00f3 hem ballat altra vegada la \u201cDansa dels amics\u201d.<\/p>\n<p>I sabeu qui eren les nostres parelles de ball? Els nostres Padrins de Lectura. Aprofitant la celebraci\u00f3 de la Pau hem fet les presentacions dels padrins. Aquest curs els alumnes de 5\u00e8 i 6\u00e8 seran padrins dels nens i nenes de primer i els de 4t seran els padrins de 2n. Segur que compartirem estones molt boniques plegats!<\/p>\n\n","protected":false},"excerpt":{"rendered":"<p>Avui, 30 de gener, se celebra el Dia Escolar de la No-Viol\u00e8ncia i la Pau. Aquest mat\u00ed, els nens i nenes de 1r i 2n, en representaci\u00f3 de la nostra escola hem anat al Parc del Migdia a celebrar-lo amb molts nens i nenes d&#8217;altres escoles de Girona. Tots port\u00e0vem un fulard amb desitjos de [&hellip;]<\/p>\n","protected":false},"author":16,"featured_media":2620,"comment_status":"open","ping_status":"open","sticky":false,"template":"","format":"standard","meta":{"_bbp_topic_count":0,"_bbp_reply_count":0,"_bbp_total_topic_count":0,"_bbp_total_reply_count":0,"_bbp_voice_count":0,"_bbp_anonymous_reply_count":0,"_bbp_topic_count_hidden":0,"_bbp_reply_count_hidden":0,"_bbp_forum_subforum_count":0,"site-sidebar-layout":"default","site-content-layout":"","ast-site-content-layout":"","site-content-style":"default","site-sidebar-style":"default","ast-global-header-display":"","ast-banner-title-visibility":"","ast-main-header-display":"","ast-hfb-above-header-display":"","ast-hfb-below-header-display":"","ast-hfb-mobile-header-display":"","site-post-title":"","ast-breadcrumbs-content":"","ast-featured-img":"","footer-sml-layout":"","theme-transparent-header-meta":"","adv-header-id-meta":"","stick-header-meta":"","header-above-stick-meta":"","header-main-stick-meta":"","header-below-stick-meta":"","astra-migrate-meta-layouts":"default","ast-page-background-enabled":"default","ast-page-background-meta":{"desktop":{"background-color":"var(--ast-global-color-4)","background-image":"","background-repeat":"repeat","background-position":"center center","background-size":"auto","background-attachment":"scroll","background-type":"","background-media":"","overlay-type":"","overlay-color":"","overlay-opacity":"","overlay-gradient":""},"tablet":{"background-color":"","background-image":"","background-repeat":"repeat","background-position":"center center","background-size":"auto","background-attachment":"scroll","background-type":"","background-media":"","overlay-type":"","overlay-color":"","overlay-opacity":"","overlay-gradient":""},"mobile":{"background-color":"","background-image":"","background-repeat":"repeat","background-position":"center center","background-size":"auto","background-attachment":"scroll","background-type":"","background-media":"","overlay-type":"","overlay-color":"","overlay-opacity":"","overlay-gradient":""}},"ast-content-background-meta":{"desktop":{"background-color":"var(--ast-global-color-5)","background-image":"","background-repeat":"repeat","background-position":"center center","background-size":"auto","background-attachment":"scroll","background-type":"","background-media":"","overlay-type":"","overlay-color":"","overlay-opacity":"","overlay-gradient":""},"tablet":{"background-color":"var(--ast-global-color-5)","background-image":"","background-repeat":"repeat","background-position":"center center","background-size":"auto","background-attachment":"scroll","background-type":"","background-media":"","overlay-type":"","overlay-color":"","overlay-opacity":"","overlay-gradient":""},"mobile":{"background-color":"var(--ast-global-color-5)","background-image":"","background-repeat":"repeat","background-position":"center center","background-size":"auto","background-attachment":"scroll","background-type":"","background-media":"","overlay-type":"","overlay-color":"","overlay-opacity":"","overlay-gradient":""}},"footnotes":""},"categories":[1,4],"tags":[],"class_list":["post-2637","post","type-post","status-publish","format-standard","has-post-thumbnail","hentry","category-general","category-portada"],"post_mailing_queue_ids":[],"_links":{"self":[{"href":"https:\/\/agora.xtec.cat\/escolaverd\/wp-json\/wp\/v2\/posts\/2637","targetHints":{"allow":["GET"]}}],"collection":[{"href":"https:\/\/agora.xtec.cat\/escolaverd\/wp-json\/wp\/v2\/posts"}],"about":[{"href":"https:\/\/agora.xtec.cat\/escolaverd\/wp-json\/wp\/v2\/types\/post"}],"author":[{"embeddable":true,"href":"https:\/\/agora.xtec.cat\/escolaverd\/wp-json\/wp\/v2\/users\/16"}],"replies":[{"embeddable":true,"href":"https:\/\/agora.xtec.cat\/escolaverd\/wp-json\/wp\/v2\/comments?post=2637"}],"version-history":[{"count":0,"href":"https:\/\/agora.xtec.cat\/escolaverd\/wp-json\/wp\/v2\/posts\/2637\/revisions"}],"wp:featuredmedia":[{"embeddable":true,"href":"https:\/\/agora.xtec.cat\/escolaverd\/wp-json\/"}],"wp:attachment":[{"href":"https:\/\/agora.xtec.cat\/escolaverd\/wp-json\/wp\/v2\/media?parent=2637"}],"wp:term":[{"taxonomy":"category","embeddable":true,"href":"https:\/\/agora.xtec.cat\/escolaverd\/wp-json\/wp\/v2\/categories?post=2637"},{"taxonomy":"post_tag","embeddable":true,"href":"https:\/\/agora.xtec.cat\/escolaverd\/wp-json\/wp\/v2\/tags?post=2637"}],"curies":[{"name":"wp","href":"https:\/\/api.w.org\/{rel}","templated":true}]}}