{"id":26293,"date":"2024-04-09T17:54:09","date_gmt":"2024-04-09T15:54:09","guid":{"rendered":"https:\/\/agora.xtec.cat\/escolaverd\/?p=26293"},"modified":"2024-04-09T21:05:04","modified_gmt":"2024-04-09T19:05:04","slug":"orientacions-generals-sobre-els-usos-de-les-pantalles","status":"publish","type":"post","link":"https:\/\/agora.xtec.cat\/escolaverd\/general\/orientacions-generals-sobre-els-usos-de-les-pantalles\/","title":{"rendered":"Usos de les pantalles"},"content":{"rendered":"<p class=\"text-align-justify\">La Plataforma per a l&#8217;Educaci\u00f3 Medi\u00e0tica (PEM), entitat liderada pel Consell de l&#8217;Audiovisual de Catalunya i integrada per institucions i persones expertes en educaci\u00f3 medi\u00e0tica del pa\u00eds, ha elaborat unes orientacions pedag\u00f2giques per a l&#8217;\u00fas de pantalles en les diferents etapes de la vida.<\/p>\n<p><!--more--><\/p>\n<p class=\"text-align-justify\">Inclouen recomanacions generals i espec\u00edfiques des de la primera inf\u00e0ncia fins a l&#8217;edat adulta, \u00fatils tant en entorns familiars com en centres educatius. La PEM ent\u00e9n les tecnologies com una oportunitat si s&#8217;integren de manera adequada en l&#8217;educaci\u00f3 i en la vida familiar, sempre amb un bon acompanyament digital.<\/p>\n<p>Us deixem l&#8217;enlla\u00e7 a les recomanacions.<\/p>\n<p><a href=\"https:\/\/www.educac.cat\/orientacions-pedagogiques-us-pantalles-al-llarg-de-la-vida\"><img loading=\"lazy\" decoding=\"async\" class=\"alignnone size-full wp-image-26294\" src=\"https:\/\/agora.xtec.cat\/escolaverd\/wp-content\/uploads\/usu2386\/2024\/04\/Captura-de-pantalla-2024-04-09-174319.jpg\" alt=\"\" width=\"727\" height=\"360\" srcset=\"https:\/\/agora.xtec.cat\/escolaverd\/wp-content\/uploads\/usu2386\/2024\/04\/Captura-de-pantalla-2024-04-09-174319.jpg 727w, https:\/\/agora.xtec.cat\/escolaverd\/wp-content\/uploads\/usu2386\/2024\/04\/Captura-de-pantalla-2024-04-09-174319-300x149.jpg 300w\" sizes=\"auto, (max-width: 727px) 100vw, 727px\" \/><\/a><\/p>\n","protected":false},"excerpt":{"rendered":"<p>La Plataforma per a l&#8217;Educaci\u00f3 Medi\u00e0tica (PEM), entitat liderada pel Consell de l&#8217;Audiovisual de Catalunya i integrada per institucions i persones expertes en educaci\u00f3 medi\u00e0tica del pa\u00eds, ha elaborat unes orientacions pedag\u00f2giques per a l&#8217;\u00fas de pantalles en les diferents etapes de la vida.<\/p>\n","protected":false},"author":4,"featured_media":26294,"comment_status":"open","ping_status":"closed","sticky":false,"template":"","format":"standard","meta":{"_bbp_topic_count":0,"_bbp_reply_count":0,"_bbp_total_topic_count":0,"_bbp_total_reply_count":0,"_bbp_voice_count":0,"_bbp_anonymous_reply_count":0,"_bbp_topic_count_hidden":0,"_bbp_reply_count_hidden":0,"_bbp_forum_subforum_count":0,"site-sidebar-layout":"default","site-content-layout":"","ast-site-content-layout":"","site-content-style":"default","site-sidebar-style":"default","ast-global-header-display":"","ast-banner-title-visibility":"","ast-main-header-display":"","ast-hfb-above-header-display":"","ast-hfb-below-header-display":"","ast-hfb-mobile-header-display":"","site-post-title":"","ast-breadcrumbs-content":"","ast-featured-img":"","footer-sml-layout":"","theme-transparent-header-meta":"","adv-header-id-meta":"","stick-header-meta":"","header-above-stick-meta":"","header-main-stick-meta":"","header-below-stick-meta":"","astra-migrate-meta-layouts":"default","ast-page-background-enabled":"default","ast-page-background-meta":{"desktop":{"background-color":"var(--ast-global-color-4)","background-image":"","background-repeat":"repeat","background-position":"center center","background-size":"auto","background-attachment":"scroll","background-type":"","background-media":"","overlay-type":"","overlay-color":"","overlay-opacity":"","overlay-gradient":""},"tablet":{"background-color":"","background-image":"","background-repeat":"repeat","background-position":"center center","background-size":"auto","background-attachment":"scroll","background-type":"","background-media":"","overlay-type":"","overlay-color":"","overlay-opacity":"","overlay-gradient":""},"mobile":{"background-color":"","background-image":"","background-repeat":"repeat","background-position":"center center","background-size":"auto","background-attachment":"scroll","background-type":"","background-media":"","overlay-type":"","overlay-color":"","overlay-opacity":"","overlay-gradient":""}},"ast-content-background-meta":{"desktop":{"background-color":"var(--ast-global-color-5)","background-image":"","background-repeat":"repeat","background-position":"center center","background-size":"auto","background-attachment":"scroll","background-type":"","background-media":"","overlay-type":"","overlay-color":"","overlay-opacity":"","overlay-gradient":""},"tablet":{"background-color":"var(--ast-global-color-5)","background-image":"","background-repeat":"repeat","background-position":"center center","background-size":"auto","background-attachment":"scroll","background-type":"","background-media":"","overlay-type":"","overlay-color":"","overlay-opacity":"","overlay-gradient":""},"mobile":{"background-color":"var(--ast-global-color-5)","background-image":"","background-repeat":"repeat","background-position":"center center","background-size":"auto","background-attachment":"scroll","background-type":"","background-media":"","overlay-type":"","overlay-color":"","overlay-opacity":"","overlay-gradient":""}},"footnotes":""},"categories":[1,4],"tags":[],"class_list":["post-26293","post","type-post","status-publish","format-standard","has-post-thumbnail","hentry","category-general","category-portada"],"post_mailing_queue_ids":[],"_links":{"self":[{"href":"https:\/\/agora.xtec.cat\/escolaverd\/wp-json\/wp\/v2\/posts\/26293","targetHints":{"allow":["GET"]}}],"collection":[{"href":"https:\/\/agora.xtec.cat\/escolaverd\/wp-json\/wp\/v2\/posts"}],"about":[{"href":"https:\/\/agora.xtec.cat\/escolaverd\/wp-json\/wp\/v2\/types\/post"}],"author":[{"embeddable":true,"href":"https:\/\/agora.xtec.cat\/escolaverd\/wp-json\/wp\/v2\/users\/4"}],"replies":[{"embeddable":true,"href":"https:\/\/agora.xtec.cat\/escolaverd\/wp-json\/wp\/v2\/comments?post=26293"}],"version-history":[{"count":4,"href":"https:\/\/agora.xtec.cat\/escolaverd\/wp-json\/wp\/v2\/posts\/26293\/revisions"}],"predecessor-version":[{"id":26320,"href":"https:\/\/agora.xtec.cat\/escolaverd\/wp-json\/wp\/v2\/posts\/26293\/revisions\/26320"}],"wp:featuredmedia":[{"embeddable":true,"href":"https:\/\/agora.xtec.cat\/escolaverd\/wp-json\/wp\/v2\/media\/26294"}],"wp:attachment":[{"href":"https:\/\/agora.xtec.cat\/escolaverd\/wp-json\/wp\/v2\/media?parent=26293"}],"wp:term":[{"taxonomy":"category","embeddable":true,"href":"https:\/\/agora.xtec.cat\/escolaverd\/wp-json\/wp\/v2\/categories?post=26293"},{"taxonomy":"post_tag","embeddable":true,"href":"https:\/\/agora.xtec.cat\/escolaverd\/wp-json\/wp\/v2\/tags?post=26293"}],"curies":[{"name":"wp","href":"https:\/\/api.w.org\/{rel}","templated":true}]}}