{"id":25928,"date":"2024-02-28T17:00:31","date_gmt":"2024-02-28T16:00:31","guid":{"rendered":"https:\/\/www.escolaverd.cat\/?p=25868"},"modified":"2024-04-09T21:10:05","modified_gmt":"2024-04-09T19:10:05","slug":"entrevista-a-en-miquel-estudiant-de-practiques","status":"publish","type":"post","link":"https:\/\/agora.xtec.cat\/escolaverd\/portada\/entrevista-a-en-miquel-estudiant-de-practiques\/","title":{"rendered":"Entrevistem en Miquel, estudiant en pr\u00e0ctiques"},"content":{"rendered":"<p>Avui les nenes i els nens de quart hem entrevistat en Miquel. Ell \u00e9s un estudiant en pr\u00e0ctiques i estar\u00e0 amb nosaltres fins a finals d&#8217;abril.<\/p>\n<p><span style=\"font-weight: 400;\">Com et dius? <\/span><span style=\"font-weight: 400;\">E<\/span><span style=\"font-weight: 400;\">m dic Miquel Rovira<\/span><\/p>\n<p><span style=\"font-weight: 400;\">Quants anys tens? <\/span><span style=\"font-weight: 400;\">Tinc 25 anys.<\/span><\/p>\n<p><span style=\"font-weight: 400;\">\u00c9s la primera entrevista que et fan? <\/span><span style=\"font-weight: 400;\">No, abans ja havia fet alguna entrevista de feina.<\/span><\/p>\n<p><span style=\"font-weight: 400;\">Qu\u00e8 est\u00e0s estudiant? <\/span><span style=\"font-weight: 400;\">Estic estudiant magisteri amb la menci\u00f3 d\u2019Educaci\u00f3 F\u00edsica.\u00a0<\/span><\/p>\n<p><span style=\"font-weight: 400;\">T\u2019agrada fer pr\u00e0ctiques a la nostra escola? <\/span><span style=\"font-weight: 400;\">S\u00ed! Em sento molt c\u00f2mode amb l\u2019equip de treball i la seva manera de fer.\u00a0<\/span><\/p>\n<p><span style=\"font-weight: 400;\">Per qu\u00e8 vas escollir aquesta feina? <\/span><span style=\"font-weight: 400;\">Penso que en part gr\u00e0cies al fet que els meus pares s\u00f3n professors d\u2019institut i universitat, he apr\u00e8s d\u2019ells la vocaci\u00f3 per ensenyar.<\/span><\/p>\n<p><span style=\"font-weight: 400;\">T\u2019agrada treballar amb m\u00e9s gent? <\/span><span style=\"font-weight: 400;\">S\u00ed, per poder observar i aprendre m\u00fatuament.<\/span><\/p>\n<p><span style=\"font-weight: 400;\">Quan acabis la carrera, t\u2019agradaria fer de mestre o continuar\u00e0s estudiant? <\/span><span style=\"font-weight: 400;\">S\u00ed, m\u2019agradaria treballar sent mestre.\u00a0<\/span><\/p>\n<p><span style=\"font-weight: 400;\">Qu\u00e8 \u00e9s el que m\u00e9s t\u2019agrada de la feina? <\/span><span style=\"font-weight: 400;\">El que m\u00e9s m\u2019agrada \u00e9s ajudar a nenes i nens a ser millors ciutadans tant pel que fa a l&#8217;actitud com als estudis. I jo tamb\u00e9 poder aprendre d\u2019ells i elles.\u00a0<\/span><\/p>\n<p><span class=\"hiddenGrammarError\">Gr\u00e0cies,<\/span>\u00a0Miquel, estem molt contents que formis part de la classe de quart!<\/p>\n<div id='gallery-1' class='gallery galleryid-25928 gallery-columns-2 gallery-size-medium'><figure class='gallery-item'>\n\t\t\t<div class='gallery-icon landscape'>\n\t\t\t\t<a href='https:\/\/agora.xtec.cat\/escolaverd\/img_9461\/'><img loading=\"lazy\" decoding=\"async\" width=\"300\" height=\"225\" src=\"https:\/\/agora.xtec.cat\/escolaverd\/wp-content\/uploads\/usu2386\/2024\/02\/IMG_9461-scaled-1-300x225.jpg\" class=\"attachment-medium size-medium\" alt=\"\" srcset=\"https:\/\/agora.xtec.cat\/escolaverd\/wp-content\/uploads\/usu2386\/2024\/02\/IMG_9461-scaled-1-300x225.jpg 300w, https:\/\/agora.xtec.cat\/escolaverd\/wp-content\/uploads\/usu2386\/2024\/02\/IMG_9461-scaled-1-1024x768.jpg 1024w, https:\/\/agora.xtec.cat\/escolaverd\/wp-content\/uploads\/usu2386\/2024\/02\/IMG_9461-scaled-1-768x576.jpg 768w, https:\/\/agora.xtec.cat\/escolaverd\/wp-content\/uploads\/usu2386\/2024\/02\/IMG_9461-scaled-1-1536x1152.jpg 1536w, https:\/\/agora.xtec.cat\/escolaverd\/wp-content\/uploads\/usu2386\/2024\/02\/IMG_9461-scaled-1-2048x1536.jpg 2048w, https:\/\/agora.xtec.cat\/escolaverd\/wp-content\/uploads\/usu2386\/2024\/02\/IMG_9461-scaled-1-200x150.jpg 200w\" sizes=\"auto, (max-width: 300px) 100vw, 300px\" \/><\/a>\n\t\t\t<\/div><\/figure><figure class='gallery-item'>\n\t\t\t<div class='gallery-icon landscape'>\n\t\t\t\t<a href='https:\/\/agora.xtec.cat\/escolaverd\/img_9454\/'><img loading=\"lazy\" decoding=\"async\" width=\"300\" height=\"225\" src=\"https:\/\/agora.xtec.cat\/escolaverd\/wp-content\/uploads\/usu2386\/2024\/02\/IMG_9454-scaled-1-300x225.jpg\" class=\"attachment-medium size-medium\" alt=\"\" srcset=\"https:\/\/agora.xtec.cat\/escolaverd\/wp-content\/uploads\/usu2386\/2024\/02\/IMG_9454-scaled-1-300x225.jpg 300w, https:\/\/agora.xtec.cat\/escolaverd\/wp-content\/uploads\/usu2386\/2024\/02\/IMG_9454-scaled-1-1024x768.jpg 1024w, https:\/\/agora.xtec.cat\/escolaverd\/wp-content\/uploads\/usu2386\/2024\/02\/IMG_9454-scaled-1-768x576.jpg 768w, https:\/\/agora.xtec.cat\/escolaverd\/wp-content\/uploads\/usu2386\/2024\/02\/IMG_9454-scaled-1-1536x1152.jpg 1536w, https:\/\/agora.xtec.cat\/escolaverd\/wp-content\/uploads\/usu2386\/2024\/02\/IMG_9454-scaled-1-2048x1536.jpg 2048w, https:\/\/agora.xtec.cat\/escolaverd\/wp-content\/uploads\/usu2386\/2024\/02\/IMG_9454-scaled-1-200x150.jpg 200w\" sizes=\"auto, (max-width: 300px) 100vw, 300px\" \/><\/a>\n\t\t\t<\/div><\/figure>\n\t\t<\/div>\n\n","protected":false},"excerpt":{"rendered":"<p>Avui les nenes i els nens de quart hem entrevistat en Miquel. Ell \u00e9s un estudiant en pr\u00e0ctiques i estar\u00e0 amb nosaltres fins a finals d&#8217;abril. Com et dius? Em dic Miquel Rovira Quants anys tens? Tinc 25 anys. \u00c9s la primera entrevista que et fan? No, abans ja havia fet alguna entrevista de feina. [&hellip;]<\/p>\n","protected":false},"author":23,"featured_media":26003,"comment_status":"open","ping_status":"closed","sticky":false,"template":"","format":"standard","meta":{"_bbp_topic_count":0,"_bbp_reply_count":0,"_bbp_total_topic_count":0,"_bbp_total_reply_count":0,"_bbp_voice_count":0,"_bbp_anonymous_reply_count":0,"_bbp_topic_count_hidden":0,"_bbp_reply_count_hidden":0,"_bbp_forum_subforum_count":0,"site-sidebar-layout":"default","site-content-layout":"","ast-site-content-layout":"","site-content-style":"default","site-sidebar-style":"default","ast-global-header-display":"","ast-banner-title-visibility":"","ast-main-header-display":"","ast-hfb-above-header-display":"","ast-hfb-below-header-display":"","ast-hfb-mobile-header-display":"","site-post-title":"","ast-breadcrumbs-content":"","ast-featured-img":"","footer-sml-layout":"","theme-transparent-header-meta":"","adv-header-id-meta":"","stick-header-meta":"","header-above-stick-meta":"","header-main-stick-meta":"","header-below-stick-meta":"","astra-migrate-meta-layouts":"default","ast-page-background-enabled":"default","ast-page-background-meta":{"desktop":{"background-color":"var(--ast-global-color-4)","background-image":"","background-repeat":"repeat","background-position":"center center","background-size":"auto","background-attachment":"scroll","background-type":"","background-media":"","overlay-type":"","overlay-color":"","overlay-opacity":"","overlay-gradient":""},"tablet":{"background-color":"","background-image":"","background-repeat":"repeat","background-position":"center center","background-size":"auto","background-attachment":"scroll","background-type":"","background-media":"","overlay-type":"","overlay-color":"","overlay-opacity":"","overlay-gradient":""},"mobile":{"background-color":"","background-image":"","background-repeat":"repeat","background-position":"center center","background-size":"auto","background-attachment":"scroll","background-type":"","background-media":"","overlay-type":"","overlay-color":"","overlay-opacity":"","overlay-gradient":""}},"ast-content-background-meta":{"desktop":{"background-color":"var(--ast-global-color-5)","background-image":"","background-repeat":"repeat","background-position":"center center","background-size":"auto","background-attachment":"scroll","background-type":"","background-media":"","overlay-type":"","overlay-color":"","overlay-opacity":"","overlay-gradient":""},"tablet":{"background-color":"var(--ast-global-color-5)","background-image":"","background-repeat":"repeat","background-position":"center center","background-size":"auto","background-attachment":"scroll","background-type":"","background-media":"","overlay-type":"","overlay-color":"","overlay-opacity":"","overlay-gradient":""},"mobile":{"background-color":"var(--ast-global-color-5)","background-image":"","background-repeat":"repeat","background-position":"center center","background-size":"auto","background-attachment":"scroll","background-type":"","background-media":"","overlay-type":"","overlay-color":"","overlay-opacity":"","overlay-gradient":""}},"footnotes":""},"categories":[222,69,4],"tags":[],"class_list":["post-25928","post","type-post","status-publish","format-standard","has-post-thumbnail","hentry","category-222","category-4t","category-portada"],"post_mailing_queue_ids":[],"_links":{"self":[{"href":"https:\/\/agora.xtec.cat\/escolaverd\/wp-json\/wp\/v2\/posts\/25928","targetHints":{"allow":["GET"]}}],"collection":[{"href":"https:\/\/agora.xtec.cat\/escolaverd\/wp-json\/wp\/v2\/posts"}],"about":[{"href":"https:\/\/agora.xtec.cat\/escolaverd\/wp-json\/wp\/v2\/types\/post"}],"author":[{"embeddable":true,"href":"https:\/\/agora.xtec.cat\/escolaverd\/wp-json\/wp\/v2\/users\/23"}],"replies":[{"embeddable":true,"href":"https:\/\/agora.xtec.cat\/escolaverd\/wp-json\/wp\/v2\/comments?post=25928"}],"version-history":[{"count":2,"href":"https:\/\/agora.xtec.cat\/escolaverd\/wp-json\/wp\/v2\/posts\/25928\/revisions"}],"predecessor-version":[{"id":26078,"href":"https:\/\/agora.xtec.cat\/escolaverd\/wp-json\/wp\/v2\/posts\/25928\/revisions\/26078"}],"wp:featuredmedia":[{"embeddable":true,"href":"https:\/\/agora.xtec.cat\/escolaverd\/wp-json\/wp\/v2\/media\/26003"}],"wp:attachment":[{"href":"https:\/\/agora.xtec.cat\/escolaverd\/wp-json\/wp\/v2\/media?parent=25928"}],"wp:term":[{"taxonomy":"category","embeddable":true,"href":"https:\/\/agora.xtec.cat\/escolaverd\/wp-json\/wp\/v2\/categories?post=25928"},{"taxonomy":"post_tag","embeddable":true,"href":"https:\/\/agora.xtec.cat\/escolaverd\/wp-json\/wp\/v2\/tags?post=25928"}],"curies":[{"name":"wp","href":"https:\/\/api.w.org\/{rel}","templated":true}]}}