{"id":25729,"date":"2024-02-20T09:07:14","date_gmt":"2024-02-20T08:07:14","guid":{"rendered":"https:\/\/www.escolaverd.cat\/?p=25729"},"modified":"2024-03-21T20:44:23","modified_gmt":"2024-03-21T19:44:23","slug":"jornada-de-portes-obertes-2024","status":"publish","type":"post","link":"https:\/\/agora.xtec.cat\/escolaverd\/general\/jornada-de-portes-obertes-2024\/","title":{"rendered":"Jornada de portes obertes 2024"},"content":{"rendered":"<p><a href=\"https:\/\/www.escolaverd.cat\/wp-content\/uploads\/2024\/01\/cartell-portes-obertes-2024.jpg\"><img loading=\"lazy\" decoding=\"async\" class=\"aligncenter size-full wp-image-25730\" src=\"https:\/\/www.escolaverd.cat\/wp-content\/uploads\/2024\/01\/cartell-portes-obertes-2024.jpg\" alt=\"\" width=\"676\" height=\"427\" \/><\/a><\/p>\n<p>Ja tenim data per a la jornada de portes obertes d&#8217;aquest any: ser\u00e0 el <strong>dilluns 4 de mar\u00e7 a 2\/4 de 4.<\/strong> S&#8217;acosten uns mesos de molts nervis perqu\u00e8 triar escola \u00e9s una decisi\u00f3 molt important. Despr\u00e9s d&#8217;escollir-la encara us queden uns mesos fins a saber si heu entrat a l&#8217;escola seleccionada, per\u00f2 no patiu, les escoles estem per ajudar-vos i acompanyar-vos en tot aquest proc\u00e9s.<\/p>\n<p>El primer que us recomanem, abans de comen\u00e7ar a pensar quins centres voleu anar a con\u00e8ixer, \u00e9s que us informeu de la zona escolar que us correspon en funci\u00f3 del vostre domicili. Ho podeu fer al seg\u00fcent enlla\u00e7 del web de l&#8217;ajuntament <strong><a href=\"https:\/\/umat.girona.cat\/vu\/mapa\/escoles\/\">ZONES ESCOLARS.<\/a><\/strong> Penseu que els punts per domicili s\u00f3n important\u00edssims a l&#8217;hora de fer la preinscripci\u00f3. \u00a0Podr\u00edeu escollir una escola de fora de la vostra zona, per\u00f2 estar\u00edeu al final de la llista de tots els infants que s\u00ed que ho s\u00f3n i les possibilitats d&#8217;entrar-hi serien molt poques.<\/p>\n<p>A les fam\u00edlies que vulgueu venir a la jornada de portes obertes, us explicarem el nostre projecte, farem una volta per l&#8217;escola i resoldrem els vostres dubtes. Fins aviat!<\/p>\n","protected":false},"excerpt":{"rendered":"<p>Ja tenim data per a la jornada de portes obertes d&#8217;aquest any: ser\u00e0 el dilluns 4 de mar\u00e7 a 2\/4 de 4. S&#8217;acosten uns mesos de molts nervis perqu\u00e8 triar escola \u00e9s una decisi\u00f3 molt important. Despr\u00e9s d&#8217;escollir-la encara us queden uns mesos fins a saber si heu entrat a l&#8217;escola seleccionada, per\u00f2 no patiu, [&hellip;]<\/p>\n","protected":false},"author":16,"featured_media":26213,"comment_status":"open","ping_status":"closed","sticky":false,"template":"","format":"standard","meta":{"_bbp_topic_count":0,"_bbp_reply_count":0,"_bbp_total_topic_count":0,"_bbp_total_reply_count":0,"_bbp_voice_count":0,"_bbp_anonymous_reply_count":0,"_bbp_topic_count_hidden":0,"_bbp_reply_count_hidden":0,"_bbp_forum_subforum_count":0,"site-sidebar-layout":"default","site-content-layout":"","ast-site-content-layout":"","site-content-style":"default","site-sidebar-style":"default","ast-global-header-display":"","ast-banner-title-visibility":"","ast-main-header-display":"","ast-hfb-above-header-display":"","ast-hfb-below-header-display":"","ast-hfb-mobile-header-display":"","site-post-title":"","ast-breadcrumbs-content":"","ast-featured-img":"","footer-sml-layout":"","theme-transparent-header-meta":"","adv-header-id-meta":"","stick-header-meta":"","header-above-stick-meta":"","header-main-stick-meta":"","header-below-stick-meta":"","astra-migrate-meta-layouts":"default","ast-page-background-enabled":"default","ast-page-background-meta":{"desktop":{"background-color":"var(--ast-global-color-4)","background-image":"","background-repeat":"repeat","background-position":"center center","background-size":"auto","background-attachment":"scroll","background-type":"","background-media":"","overlay-type":"","overlay-color":"","overlay-opacity":"","overlay-gradient":""},"tablet":{"background-color":"","background-image":"","background-repeat":"repeat","background-position":"center center","background-size":"auto","background-attachment":"scroll","background-type":"","background-media":"","overlay-type":"","overlay-color":"","overlay-opacity":"","overlay-gradient":""},"mobile":{"background-color":"","background-image":"","background-repeat":"repeat","background-position":"center center","background-size":"auto","background-attachment":"scroll","background-type":"","background-media":"","overlay-type":"","overlay-color":"","overlay-opacity":"","overlay-gradient":""}},"ast-content-background-meta":{"desktop":{"background-color":"var(--ast-global-color-5)","background-image":"","background-repeat":"repeat","background-position":"center center","background-size":"auto","background-attachment":"scroll","background-type":"","background-media":"","overlay-type":"","overlay-color":"","overlay-opacity":"","overlay-gradient":""},"tablet":{"background-color":"var(--ast-global-color-5)","background-image":"","background-repeat":"repeat","background-position":"center center","background-size":"auto","background-attachment":"scroll","background-type":"","background-media":"","overlay-type":"","overlay-color":"","overlay-opacity":"","overlay-gradient":""},"mobile":{"background-color":"var(--ast-global-color-5)","background-image":"","background-repeat":"repeat","background-position":"center center","background-size":"auto","background-attachment":"scroll","background-type":"","background-media":"","overlay-type":"","overlay-color":"","overlay-opacity":"","overlay-gradient":""}},"footnotes":""},"categories":[1,4],"tags":[],"class_list":["post-25729","post","type-post","status-publish","format-standard","has-post-thumbnail","hentry","category-general","category-portada"],"post_mailing_queue_ids":[],"_links":{"self":[{"href":"https:\/\/agora.xtec.cat\/escolaverd\/wp-json\/wp\/v2\/posts\/25729","targetHints":{"allow":["GET"]}}],"collection":[{"href":"https:\/\/agora.xtec.cat\/escolaverd\/wp-json\/wp\/v2\/posts"}],"about":[{"href":"https:\/\/agora.xtec.cat\/escolaverd\/wp-json\/wp\/v2\/types\/post"}],"author":[{"embeddable":true,"href":"https:\/\/agora.xtec.cat\/escolaverd\/wp-json\/wp\/v2\/users\/16"}],"replies":[{"embeddable":true,"href":"https:\/\/agora.xtec.cat\/escolaverd\/wp-json\/wp\/v2\/comments?post=25729"}],"version-history":[{"count":1,"href":"https:\/\/agora.xtec.cat\/escolaverd\/wp-json\/wp\/v2\/posts\/25729\/revisions"}],"predecessor-version":[{"id":26214,"href":"https:\/\/agora.xtec.cat\/escolaverd\/wp-json\/wp\/v2\/posts\/25729\/revisions\/26214"}],"wp:featuredmedia":[{"embeddable":true,"href":"https:\/\/agora.xtec.cat\/escolaverd\/wp-json\/wp\/v2\/media\/26213"}],"wp:attachment":[{"href":"https:\/\/agora.xtec.cat\/escolaverd\/wp-json\/wp\/v2\/media?parent=25729"}],"wp:term":[{"taxonomy":"category","embeddable":true,"href":"https:\/\/agora.xtec.cat\/escolaverd\/wp-json\/wp\/v2\/categories?post=25729"},{"taxonomy":"post_tag","embeddable":true,"href":"https:\/\/agora.xtec.cat\/escolaverd\/wp-json\/wp\/v2\/tags?post=25729"}],"curies":[{"name":"wp","href":"https:\/\/api.w.org\/{rel}","templated":true}]}}