{"id":25722,"date":"2013-08-25T13:21:49","date_gmt":"2013-08-25T11:21:49","guid":{"rendered":"http:\/\/www.escolaverd.cat\/?p=448"},"modified":"2013-08-25T13:21:49","modified_gmt":"2013-08-25T11:21:49","slug":"festa-de-sant-jordi-2011","status":"publish","type":"post","link":"https:\/\/agora.xtec.cat\/escolaverd\/fotos\/festa-de-sant-jordi-2011\/","title":{"rendered":"Festa de  Sant Jordi 2011"},"content":{"rendered":"<p><a href=\"http:\/\/www.escolaverd.cat\/wp-content\/uploads\/2013\/08\/sant_jordi_2011_portada_2.jpg\"><img loading=\"lazy\" decoding=\"async\" class=\"alignleft size-medium wp-image-449\" alt=\"sant_jordi_2011_portada_2\" src=\"http:\/\/www.escolaverd.cat\/wp-content\/uploads\/2013\/08\/sant_jordi_2011_portada_2-350x234.jpg\" width=\"350\" height=\"234\" \/><\/a>El dia 15 d&#8217;abril v\u00e0rem celebrar la festa de Sant Jordi .<br \/>\nAl mat\u00ed, els alumnes de 6\u00e8 varen preparar una fira amb moltes paradetes: pintura d&#8217;ungles, pintura de m\u00e0scares, fer gols, encistellar, bitlles, venda de llibres, de coques i de bra\u00e7alets, taller de teatre, de titelles i de m\u00e0gia, circuit de cotxes, t\u00f3mbola&#8230; Tots els altres alumnes de l&#8217;escola hi varen participar.<\/p>\n<p>A la tarda, celebr\u00e0rem els tradicionals Jocs Florals.<br \/>\nCom a inici, tota l&#8217;escola ball\u00e0rem una sardana amb una melodia que feia refer\u00e8ncia a temes de can\u00e7ons infantils.<br \/>\nSeguidament, els alumnes de 6\u00e8 presentaren l&#8217;acte po\u00e8tic. Dos alumnes llegiren un poema de Joan Maragall que fa ref\u00e8r\u00e8ncia a la sardana. Immediatament despr\u00e9s, es revelaren els noms dels guardonats de cada classe. Tots reberen un llibre de poesia i llegiren les seves obres.<\/p>\n<p>Veure enlla\u00e7 de l&#8217;\u00e0lbum:<\/p>\n<p><a href=\"https:\/\/picasaweb.google.com\/escolaverd\/SantJordi2011EscolaVerd?authkey=Gv1sRgCNP6ic36usObbg#\">https:\/\/picasaweb.google.com\/escolaverd\/SantJordi2011EscolaVerd?authkey=Gv1sRgCNP6ic36usObbg#<\/a><\/p>\n","protected":false},"excerpt":{"rendered":"<p>El dia 15 d&#8217;abril v\u00e0rem celebrar la festa de Sant Jordi . Al mat\u00ed, els alumnes de 6\u00e8 varen preparar una fira amb moltes paradetes: pintura d&#8217;ungles, pintura de m\u00e0scares, fer gols, encistellar, bitlles, venda de llibres, de coques i de bra\u00e7alets, taller de teatre, de titelles i de m\u00e0gia, circuit de cotxes, t\u00f3mbola&#8230; Tots [&hellip;]<\/p>\n","protected":false},"author":16,"featured_media":449,"comment_status":"open","ping_status":"open","sticky":false,"template":"","format":"standard","meta":{"_bbp_topic_count":0,"_bbp_reply_count":0,"_bbp_total_topic_count":0,"_bbp_total_reply_count":0,"_bbp_voice_count":0,"_bbp_anonymous_reply_count":0,"_bbp_topic_count_hidden":0,"_bbp_reply_count_hidden":0,"_bbp_forum_subforum_count":0,"site-sidebar-layout":"default","site-content-layout":"","ast-site-content-layout":"","site-content-style":"default","site-sidebar-style":"default","ast-global-header-display":"","ast-banner-title-visibility":"","ast-main-header-display":"","ast-hfb-above-header-display":"","ast-hfb-below-header-display":"","ast-hfb-mobile-header-display":"","site-post-title":"","ast-breadcrumbs-content":"","ast-featured-img":"","footer-sml-layout":"","theme-transparent-header-meta":"","adv-header-id-meta":"","stick-header-meta":"","header-above-stick-meta":"","header-main-stick-meta":"","header-below-stick-meta":"","astra-migrate-meta-layouts":"default","ast-page-background-enabled":"default","ast-page-background-meta":{"desktop":{"background-color":"var(--ast-global-color-4)","background-image":"","background-repeat":"repeat","background-position":"center center","background-size":"auto","background-attachment":"scroll","background-type":"","background-media":"","overlay-type":"","overlay-color":"","overlay-opacity":"","overlay-gradient":""},"tablet":{"background-color":"","background-image":"","background-repeat":"repeat","background-position":"center center","background-size":"auto","background-attachment":"scroll","background-type":"","background-media":"","overlay-type":"","overlay-color":"","overlay-opacity":"","overlay-gradient":""},"mobile":{"background-color":"","background-image":"","background-repeat":"repeat","background-position":"center center","background-size":"auto","background-attachment":"scroll","background-type":"","background-media":"","overlay-type":"","overlay-color":"","overlay-opacity":"","overlay-gradient":""}},"ast-content-background-meta":{"desktop":{"background-color":"var(--ast-global-color-5)","background-image":"","background-repeat":"repeat","background-position":"center center","background-size":"auto","background-attachment":"scroll","background-type":"","background-media":"","overlay-type":"","overlay-color":"","overlay-opacity":"","overlay-gradient":""},"tablet":{"background-color":"var(--ast-global-color-5)","background-image":"","background-repeat":"repeat","background-position":"center center","background-size":"auto","background-attachment":"scroll","background-type":"","background-media":"","overlay-type":"","overlay-color":"","overlay-opacity":"","overlay-gradient":""},"mobile":{"background-color":"var(--ast-global-color-5)","background-image":"","background-repeat":"repeat","background-position":"center center","background-size":"auto","background-attachment":"scroll","background-type":"","background-media":"","overlay-type":"","overlay-color":"","overlay-opacity":"","overlay-gradient":""}},"footnotes":""},"categories":[73],"tags":[],"class_list":["post-25722","post","type-post","status-publish","format-standard","has-post-thumbnail","hentry","category-fotos"],"post_mailing_queue_ids":[],"_links":{"self":[{"href":"https:\/\/agora.xtec.cat\/escolaverd\/wp-json\/wp\/v2\/posts\/25722","targetHints":{"allow":["GET"]}}],"collection":[{"href":"https:\/\/agora.xtec.cat\/escolaverd\/wp-json\/wp\/v2\/posts"}],"about":[{"href":"https:\/\/agora.xtec.cat\/escolaverd\/wp-json\/wp\/v2\/types\/post"}],"author":[{"embeddable":true,"href":"https:\/\/agora.xtec.cat\/escolaverd\/wp-json\/wp\/v2\/users\/16"}],"replies":[{"embeddable":true,"href":"https:\/\/agora.xtec.cat\/escolaverd\/wp-json\/wp\/v2\/comments?post=25722"}],"version-history":[{"count":0,"href":"https:\/\/agora.xtec.cat\/escolaverd\/wp-json\/wp\/v2\/posts\/25722\/revisions"}],"wp:featuredmedia":[{"embeddable":true,"href":"https:\/\/agora.xtec.cat\/escolaverd\/wp-json\/"}],"wp:attachment":[{"href":"https:\/\/agora.xtec.cat\/escolaverd\/wp-json\/wp\/v2\/media?parent=25722"}],"wp:term":[{"taxonomy":"category","embeddable":true,"href":"https:\/\/agora.xtec.cat\/escolaverd\/wp-json\/wp\/v2\/categories?post=25722"},{"taxonomy":"post_tag","embeddable":true,"href":"https:\/\/agora.xtec.cat\/escolaverd\/wp-json\/wp\/v2\/tags?post=25722"}],"curies":[{"name":"wp","href":"https:\/\/api.w.org\/{rel}","templated":true}]}}