{"id":25529,"date":"2023-06-12T19:18:21","date_gmt":"2023-06-12T17:18:21","guid":{"rendered":"https:\/\/www.escolaverd.cat\/?p=25529"},"modified":"2024-04-19T12:29:56","modified_gmt":"2024-04-19T10:29:56","slug":"entrega-de-premis-a-lauditori-de-girona","status":"publish","type":"post","link":"https:\/\/agora.xtec.cat\/escolaverd\/general\/entrega-de-premis-a-lauditori-de-girona\/","title":{"rendered":"Entrega de premis a l&#8217;Auditori de Girona"},"content":{"rendered":"<p>El passat 29 de maig, a l&#8217;auditori de Girona es van entregar els premis dels Jocs florals organitzats per l&#8217;Ajuntament de Girona, el concurs de punts de llibre i el concurs de v\u00eddeos de recomanacions de llibres.<\/p>\n<p>Un alumne de 6\u00e8 va rebre dos premis: un pel seu poema i l&#8217;altre pel seu v\u00eddeo de recomanaci\u00f3 d&#8217;un llibre.<\/p>\n<p>Altres alumnes de l&#8217;escola tamb\u00e9 van ser premiats.<\/p>\n<p>Poema guanyador de la Flor natural:<\/p>\n<p style=\"text-align: center;\"><b>ESTIMADA GRAM\u00c0TICA CATALANA<\/b><\/p>\n<p style=\"text-align: center;\"><span style=\"font-weight: 400;\">Estimada gram\u00e0tica catalana,<\/span><\/p>\n<p style=\"text-align: center;\"><span style=\"font-weight: 400;\">ets enrevessada i complicada,<\/span><\/p>\n<p style=\"text-align: center;\"><span style=\"font-weight: 400;\">a vegades ets tortuosa,<\/span><\/p>\n<p style=\"text-align: center;\"><span style=\"font-weight: 400;\">per\u00f2 molt ens has fet aprendre<\/span><\/p>\n<p style=\"text-align: center;\"><span style=\"font-weight: 400;\">i per res no et volem perdre.<\/span><\/p>\n<p>&nbsp;<\/p>\n<p style=\"text-align: center;\"><span style=\"font-weight: 400;\">Per una banda hi ha els accents,<\/span><\/p>\n<p style=\"text-align: center;\"><span style=\"font-weight: 400;\">que s\u00f3n estranys i exigents,<\/span><\/p>\n<p style=\"text-align: center;\"><span style=\"font-weight: 400;\">per\u00f2 mai no me n\u2019he oblidat<\/span><\/p>\n<p style=\"text-align: center;\"><span style=\"font-weight: 400;\">dels pronoms febles tan enredats.<\/span><\/p>\n<p style=\"text-align: center;\"><span style=\"font-weight: 400;\">Diftongs i hiats per tot arreu<\/span><\/p>\n<p style=\"text-align: center;\"><span style=\"font-weight: 400;\">em fan ballar el cap per on no us imagineu,<\/span><\/p>\n<p style=\"text-align: center;\"><span style=\"font-weight: 400;\">vocals juntes o separades\u2026<\/span><\/p>\n<p style=\"text-align: center;\"><span style=\"font-weight: 400;\">fas fer moltes errades!<\/span><\/p>\n<p style=\"text-align: center;\"><span style=\"font-weight: 400;\">La ce trencada\u00a0<\/span><\/p>\n<p style=\"text-align: center;\"><span style=\"font-weight: 400;\">\u00e9s el teu tret distintiu,<\/span><\/p>\n<p style=\"text-align: center;\"><span style=\"font-weight: 400;\">et fa ser especial i admirada\u00a0<\/span><\/p>\n<p style=\"text-align: center;\"><span style=\"font-weight: 400;\">pels estudiants de llengua catalana.<\/span><\/p>\n<p style=\"text-align: center;\"><span style=\"font-weight: 400;\">Et dono les gr\u00e0cies per tot,<\/span><\/p>\n<p style=\"text-align: center;\"><span style=\"font-weight: 400;\">des del teu punt bo fins al pitjor<\/span><\/p>\n<p style=\"text-align: center;\"><span style=\"font-weight: 400;\">sempre ser\u00e0s recordada,<\/span><\/p>\n<p style=\"text-align: center;\"><span style=\"font-weight: 400;\">valorada i estimada. (E. M.)<\/span><\/p>\n<div id='gallery-1' class='gallery galleryid-25529 gallery-columns-2 gallery-size-medium'><figure class='gallery-item'>\n\t\t\t<div class='gallery-icon landscape'>\n\t\t\t\t<a href='https:\/\/agora.xtec.cat\/escolaverd\/img_3402-2\/'><img loading=\"lazy\" decoding=\"async\" width=\"300\" height=\"225\" src=\"https:\/\/agora.xtec.cat\/escolaverd\/wp-content\/uploads\/usu2386\/2023\/06\/IMG_3402-300x225.jpg\" class=\"attachment-medium size-medium\" alt=\"\" srcset=\"https:\/\/agora.xtec.cat\/escolaverd\/wp-content\/uploads\/usu2386\/2023\/06\/IMG_3402-300x225.jpg 300w, https:\/\/agora.xtec.cat\/escolaverd\/wp-content\/uploads\/usu2386\/2023\/06\/IMG_3402-1024x768.jpg 1024w, https:\/\/agora.xtec.cat\/escolaverd\/wp-content\/uploads\/usu2386\/2023\/06\/IMG_3402-768x576.jpg 768w, https:\/\/agora.xtec.cat\/escolaverd\/wp-content\/uploads\/usu2386\/2023\/06\/IMG_3402-200x150.jpg 200w, https:\/\/agora.xtec.cat\/escolaverd\/wp-content\/uploads\/usu2386\/2023\/06\/IMG_3402.jpg 1333w\" sizes=\"auto, (max-width: 300px) 100vw, 300px\" \/><\/a>\n\t\t\t<\/div><\/figure><figure class='gallery-item'>\n\t\t\t<div class='gallery-icon landscape'>\n\t\t\t\t<a href='https:\/\/agora.xtec.cat\/escolaverd\/img_3394-3\/'><img loading=\"lazy\" decoding=\"async\" width=\"300\" height=\"225\" src=\"https:\/\/agora.xtec.cat\/escolaverd\/wp-content\/uploads\/usu2386\/2023\/06\/IMG_3394-300x225.jpg\" class=\"attachment-medium size-medium\" alt=\"\" srcset=\"https:\/\/agora.xtec.cat\/escolaverd\/wp-content\/uploads\/usu2386\/2023\/06\/IMG_3394-300x225.jpg 300w, https:\/\/agora.xtec.cat\/escolaverd\/wp-content\/uploads\/usu2386\/2023\/06\/IMG_3394-1024x768.jpg 1024w, https:\/\/agora.xtec.cat\/escolaverd\/wp-content\/uploads\/usu2386\/2023\/06\/IMG_3394-768x576.jpg 768w, https:\/\/agora.xtec.cat\/escolaverd\/wp-content\/uploads\/usu2386\/2023\/06\/IMG_3394-200x150.jpg 200w, https:\/\/agora.xtec.cat\/escolaverd\/wp-content\/uploads\/usu2386\/2023\/06\/IMG_3394.jpg 1333w\" sizes=\"auto, (max-width: 300px) 100vw, 300px\" \/><\/a>\n\t\t\t<\/div><\/figure>\n\t\t<\/div>\n\n<p>El v\u00eddeo premiat sobre la recomanaci\u00f3 d&#8217;un llibre el podeu veure en aquest <a href=\"https:\/\/drive.google.com\/file\/d\/1vhiXDxaAXKdSf9XVCiKB13LsORZrCVCe\/view?usp=drive_link\">enlla\u00e7<\/a>.<\/p>\n<p>Els altres dos v\u00eddeos que es van presentar: <a href=\"https:\/\/drive.google.com\/file\/d\/1v9Y3fZ7r2Sg6TpI877Diu33TjxTcr-oT\/view?usp=drive_link\">v\u00eddeo 2<\/a>\u00a0 <a href=\"https:\/\/drive.google.com\/file\/d\/1xxCRcH-y6xwwC8f3_fL7Pg6JRGjNhwGW\/view?usp=drive_link\">v\u00eddeo 3<\/a><\/p>\n","protected":false},"excerpt":{"rendered":"<p>El passat 29 de maig, a l&#8217;auditori de Girona es van entregar els premis dels Jocs florals organitzats per l&#8217;Ajuntament de Girona, el concurs de punts de llibre i el concurs de v\u00eddeos de recomanacions de llibres. Un alumne de 6\u00e8 va rebre dos premis: un pel seu poema i l&#8217;altre pel seu v\u00eddeo de [&hellip;]<\/p>\n","protected":false},"author":25,"featured_media":25530,"comment_status":"open","ping_status":"closed","sticky":false,"template":"","format":"standard","meta":{"_bbp_topic_count":0,"_bbp_reply_count":0,"_bbp_total_topic_count":0,"_bbp_total_reply_count":0,"_bbp_voice_count":0,"_bbp_anonymous_reply_count":0,"_bbp_topic_count_hidden":0,"_bbp_reply_count_hidden":0,"_bbp_forum_subforum_count":0,"site-sidebar-layout":"default","site-content-layout":"","ast-site-content-layout":"","site-content-style":"default","site-sidebar-style":"default","ast-global-header-display":"","ast-banner-title-visibility":"","ast-main-header-display":"","ast-hfb-above-header-display":"","ast-hfb-below-header-display":"","ast-hfb-mobile-header-display":"","site-post-title":"","ast-breadcrumbs-content":"","ast-featured-img":"","footer-sml-layout":"","theme-transparent-header-meta":"","adv-header-id-meta":"","stick-header-meta":"","header-above-stick-meta":"","header-main-stick-meta":"","header-below-stick-meta":"","astra-migrate-meta-layouts":"default","ast-page-background-enabled":"default","ast-page-background-meta":{"desktop":{"background-color":"var(--ast-global-color-4)","background-image":"","background-repeat":"repeat","background-position":"center center","background-size":"auto","background-attachment":"scroll","background-type":"","background-media":"","overlay-type":"","overlay-color":"","overlay-opacity":"","overlay-gradient":""},"tablet":{"background-color":"","background-image":"","background-repeat":"repeat","background-position":"center center","background-size":"auto","background-attachment":"scroll","background-type":"","background-media":"","overlay-type":"","overlay-color":"","overlay-opacity":"","overlay-gradient":""},"mobile":{"background-color":"","background-image":"","background-repeat":"repeat","background-position":"center center","background-size":"auto","background-attachment":"scroll","background-type":"","background-media":"","overlay-type":"","overlay-color":"","overlay-opacity":"","overlay-gradient":""}},"ast-content-background-meta":{"desktop":{"background-color":"var(--ast-global-color-5)","background-image":"","background-repeat":"repeat","background-position":"center center","background-size":"auto","background-attachment":"scroll","background-type":"","background-media":"","overlay-type":"","overlay-color":"","overlay-opacity":"","overlay-gradient":""},"tablet":{"background-color":"var(--ast-global-color-5)","background-image":"","background-repeat":"repeat","background-position":"center center","background-size":"auto","background-attachment":"scroll","background-type":"","background-media":"","overlay-type":"","overlay-color":"","overlay-opacity":"","overlay-gradient":""},"mobile":{"background-color":"var(--ast-global-color-5)","background-image":"","background-repeat":"repeat","background-position":"center center","background-size":"auto","background-attachment":"scroll","background-type":"","background-media":"","overlay-type":"","overlay-color":"","overlay-opacity":"","overlay-gradient":""}},"footnotes":""},"categories":[233,15,1],"tags":[],"class_list":["post-25529","post","type-post","status-publish","format-standard","has-post-thumbnail","hentry","category-233","category-6e","category-general"],"post_mailing_queue_ids":[],"_links":{"self":[{"href":"https:\/\/agora.xtec.cat\/escolaverd\/wp-json\/wp\/v2\/posts\/25529","targetHints":{"allow":["GET"]}}],"collection":[{"href":"https:\/\/agora.xtec.cat\/escolaverd\/wp-json\/wp\/v2\/posts"}],"about":[{"href":"https:\/\/agora.xtec.cat\/escolaverd\/wp-json\/wp\/v2\/types\/post"}],"author":[{"embeddable":true,"href":"https:\/\/agora.xtec.cat\/escolaverd\/wp-json\/wp\/v2\/users\/25"}],"replies":[{"embeddable":true,"href":"https:\/\/agora.xtec.cat\/escolaverd\/wp-json\/wp\/v2\/comments?post=25529"}],"version-history":[{"count":1,"href":"https:\/\/agora.xtec.cat\/escolaverd\/wp-json\/wp\/v2\/posts\/25529\/revisions"}],"predecessor-version":[{"id":26487,"href":"https:\/\/agora.xtec.cat\/escolaverd\/wp-json\/wp\/v2\/posts\/25529\/revisions\/26487"}],"wp:featuredmedia":[{"embeddable":true,"href":"https:\/\/agora.xtec.cat\/escolaverd\/wp-json\/wp\/v2\/media\/25530"}],"wp:attachment":[{"href":"https:\/\/agora.xtec.cat\/escolaverd\/wp-json\/wp\/v2\/media?parent=25529"}],"wp:term":[{"taxonomy":"category","embeddable":true,"href":"https:\/\/agora.xtec.cat\/escolaverd\/wp-json\/wp\/v2\/categories?post=25529"},{"taxonomy":"post_tag","embeddable":true,"href":"https:\/\/agora.xtec.cat\/escolaverd\/wp-json\/wp\/v2\/tags?post=25529"}],"curies":[{"name":"wp","href":"https:\/\/api.w.org\/{rel}","templated":true}]}}