{"id":25316,"date":"2023-04-02T17:34:57","date_gmt":"2023-04-02T15:34:57","guid":{"rendered":"https:\/\/www.escolaverd.cat\/?p=25316"},"modified":"2024-04-19T12:36:13","modified_gmt":"2024-04-19T10:36:13","slug":"sortida-a-emporion-i-emporiae","status":"publish","type":"post","link":"https:\/\/agora.xtec.cat\/escolaverd\/general\/sortida-a-emporion-i-emporiae\/","title":{"rendered":"Sortida a Emporion i Emporiae"},"content":{"rendered":"<p><span style=\"font-weight: 400;\">El dilluns 27 de mar\u00e7, els alumnes de 5\u00e8 i 6\u00e8 v\u00e0rem anar a visitar les ru\u00efnes d\u2019Emp\u00faries. Quan vam arribar ens va rebre una dona de nom Iulia, que en teoria era un patr\u00edcia de l\u2019\u00e8poca romana. Tamb\u00e9 ens va presentar al seu germ\u00e0 Caius i a les seves cosines. Deia que\u00a0 dormien al costat de la est\u00e0tua de l\u2019Asclepi. Per aquesta ra\u00f3 es mantenien tan joves.<\/span><\/p>\n<p><span style=\"font-weight: 400;\">Ens van dir que f\u00e9ssim una rotllana en el prat de margarides al costat de les ru\u00efnes. Ens va anant fent preguntes per veure si ten\u00edem idea de qu\u00e8 era Emp\u00faries i l&#8217;\u00e8poca del romans, dels grecs, dels ibers&#8230;\u00a0<\/span><\/p>\n<p><span style=\"font-weight: 400;\">Vam entrar per l&#8217;antiga polis grega, Emporion, i la Iulia ens anava explicant tot el que v\u00e8iem i mentrestant ens feia preguntes. A l\u2019Asklepion (que estava al costat del temple dedicat al d\u00e9u Asclepi) hi havia unes habitacions on hi dormien els malalts i, a partir del que sominaven durant el son, se\u2019ls tractava.Vam veure l\u2019\u00e0gora on feien debats i discutien i filosofaven. L&#8217;estoa era el lloc on feien els negocis, l\u2019antic port (que ara est\u00e0 assecat). El museu estava d\u2019obres, per\u00f2 vam poder entrar en una sala on hi ha exposada l\u2019est\u00e0tua aut\u00e8ntica del d\u00e9u de la medicina, l\u2019Asclepi. Impressionant. Vam tenir un minut per demanar-li que ens cur\u00e9s a nosaltres, a familiars, a amics\u2026 Tamb\u00e9 vam poder veure les restes que havien caigut de la serp cargolada al pal de l\u2019Asclepi..\u00a0<\/span><\/p>\n<p><span style=\"font-weight: 400;\">La Iulia ens va explicar que ella era una noia molt rica i poderosa perqu\u00e8 el seu pare tenia una f\u00e0brica de sal i de garum. A vegades si no vigilaven venia gent i robava sal, ja que la sal era un element molt car. Podia servir per pagar els treballs. D\u2019aqu\u00ed ve la paraula salari.<\/span><\/p>\n<p><span style=\"font-weight: 400;\">A la ciutat romana, Emporiae, ens va ensenyar la seva \u201cdomus\u201d (que era la casa on hi vivia la seva fam\u00edlia). Vam veure els seus mosaics (que eren m\u00e9s bonics que els de Girona). Per \u00faltim ens va dir que els patricis estaven com 5 hores dutxant-se. Primer es posaven en una banyera freda, despr\u00e9s en una banyera t\u00e8bia i despr\u00e9s en una de calenta. Fimalment, passaven oer totes aquestes banyeres per\u00f2 al rev\u00e9s: la calenta, la t\u00e8bia i la freda. Si volies pod\u00eces demanar-li al teu esclau de que et fes un massatge.<\/span><\/p>\n<p><span style=\"font-weight: 400;\">Quan va acabar l\u2019excursi\u00f3, la Iulia en va dir que ens dirig\u00edssim cap a la porta sud de la muralla romana i que toqu\u00e9ssim un genital mascul\u00ed que hi havia. <\/span><span style=\"font-weight: 400;\">Representava bona sort, bons auguris.<\/span><\/p>\n<p><span style=\"font-weight: 400;\">Despr\u00e9s ens vam fer una foto amb la Iulia i v\u00e0rem anar a dinar.\u00a0\u00a0<\/span><\/p>\n<p style=\"text-align: right;\"><span style=\"font-weight: 400;\">M.C. i J.R.<\/span><\/p>\n<p><a href=\"https:\/\/drive.google.com\/file\/d\/1We6G2rJdcWehEpFc-xjM_FNgUYax6HEs\/view?usp=share_link\">Enlla\u00e7 a les imatges de la sortida<\/a><\/p>\n","protected":false},"excerpt":{"rendered":"<p>El dilluns 27 de mar\u00e7, els alumnes de 5\u00e8 i 6\u00e8 v\u00e0rem anar a visitar les ru\u00efnes d\u2019Emp\u00faries. Quan vam arribar ens va rebre una dona de nom Iulia, que en teoria era un patr\u00edcia de l\u2019\u00e8poca romana. Tamb\u00e9 ens va presentar al seu germ\u00e0 Caius i a les seves cosines. Deia que\u00a0 dormien al [&hellip;]<\/p>\n","protected":false},"author":25,"featured_media":25317,"comment_status":"open","ping_status":"closed","sticky":false,"template":"","format":"standard","meta":{"_bbp_topic_count":0,"_bbp_reply_count":0,"_bbp_total_topic_count":0,"_bbp_total_reply_count":0,"_bbp_voice_count":0,"_bbp_anonymous_reply_count":0,"_bbp_topic_count_hidden":0,"_bbp_reply_count_hidden":0,"_bbp_forum_subforum_count":0,"site-sidebar-layout":"default","site-content-layout":"","ast-site-content-layout":"","site-content-style":"default","site-sidebar-style":"default","ast-global-header-display":"","ast-banner-title-visibility":"","ast-main-header-display":"","ast-hfb-above-header-display":"","ast-hfb-below-header-display":"","ast-hfb-mobile-header-display":"","site-post-title":"","ast-breadcrumbs-content":"","ast-featured-img":"","footer-sml-layout":"","theme-transparent-header-meta":"","adv-header-id-meta":"","stick-header-meta":"","header-above-stick-meta":"","header-main-stick-meta":"","header-below-stick-meta":"","astra-migrate-meta-layouts":"default","ast-page-background-enabled":"default","ast-page-background-meta":{"desktop":{"background-color":"var(--ast-global-color-4)","background-image":"","background-repeat":"repeat","background-position":"center center","background-size":"auto","background-attachment":"scroll","background-type":"","background-media":"","overlay-type":"","overlay-color":"","overlay-opacity":"","overlay-gradient":""},"tablet":{"background-color":"","background-image":"","background-repeat":"repeat","background-position":"center center","background-size":"auto","background-attachment":"scroll","background-type":"","background-media":"","overlay-type":"","overlay-color":"","overlay-opacity":"","overlay-gradient":""},"mobile":{"background-color":"","background-image":"","background-repeat":"repeat","background-position":"center center","background-size":"auto","background-attachment":"scroll","background-type":"","background-media":"","overlay-type":"","overlay-color":"","overlay-opacity":"","overlay-gradient":""}},"ast-content-background-meta":{"desktop":{"background-color":"var(--ast-global-color-5)","background-image":"","background-repeat":"repeat","background-position":"center center","background-size":"auto","background-attachment":"scroll","background-type":"","background-media":"","overlay-type":"","overlay-color":"","overlay-opacity":"","overlay-gradient":""},"tablet":{"background-color":"var(--ast-global-color-5)","background-image":"","background-repeat":"repeat","background-position":"center center","background-size":"auto","background-attachment":"scroll","background-type":"","background-media":"","overlay-type":"","overlay-color":"","overlay-opacity":"","overlay-gradient":""},"mobile":{"background-color":"var(--ast-global-color-5)","background-image":"","background-repeat":"repeat","background-position":"center center","background-size":"auto","background-attachment":"scroll","background-type":"","background-media":"","overlay-type":"","overlay-color":"","overlay-opacity":"","overlay-gradient":""}},"footnotes":""},"categories":[233,224,15,1,4],"tags":[],"class_list":["post-25316","post","type-post","status-publish","format-standard","has-post-thumbnail","hentry","category-233","category-224","category-6e","category-general","category-portada"],"post_mailing_queue_ids":[],"_links":{"self":[{"href":"https:\/\/agora.xtec.cat\/escolaverd\/wp-json\/wp\/v2\/posts\/25316","targetHints":{"allow":["GET"]}}],"collection":[{"href":"https:\/\/agora.xtec.cat\/escolaverd\/wp-json\/wp\/v2\/posts"}],"about":[{"href":"https:\/\/agora.xtec.cat\/escolaverd\/wp-json\/wp\/v2\/types\/post"}],"author":[{"embeddable":true,"href":"https:\/\/agora.xtec.cat\/escolaverd\/wp-json\/wp\/v2\/users\/25"}],"replies":[{"embeddable":true,"href":"https:\/\/agora.xtec.cat\/escolaverd\/wp-json\/wp\/v2\/comments?post=25316"}],"version-history":[{"count":1,"href":"https:\/\/agora.xtec.cat\/escolaverd\/wp-json\/wp\/v2\/posts\/25316\/revisions"}],"predecessor-version":[{"id":26490,"href":"https:\/\/agora.xtec.cat\/escolaverd\/wp-json\/wp\/v2\/posts\/25316\/revisions\/26490"}],"wp:featuredmedia":[{"embeddable":true,"href":"https:\/\/agora.xtec.cat\/escolaverd\/wp-json\/wp\/v2\/media\/25317"}],"wp:attachment":[{"href":"https:\/\/agora.xtec.cat\/escolaverd\/wp-json\/wp\/v2\/media?parent=25316"}],"wp:term":[{"taxonomy":"category","embeddable":true,"href":"https:\/\/agora.xtec.cat\/escolaverd\/wp-json\/wp\/v2\/categories?post=25316"},{"taxonomy":"post_tag","embeddable":true,"href":"https:\/\/agora.xtec.cat\/escolaverd\/wp-json\/wp\/v2\/tags?post=25316"}],"curies":[{"name":"wp","href":"https:\/\/api.w.org\/{rel}","templated":true}]}}