{"id":25249,"date":"2023-03-22T19:56:24","date_gmt":"2023-03-22T18:56:24","guid":{"rendered":"https:\/\/www.escolaverd.cat\/?p=25249"},"modified":"2024-04-19T12:35:08","modified_gmt":"2024-04-19T10:35:08","slug":"taller-de-primers-auxilis","status":"publish","type":"post","link":"https:\/\/agora.xtec.cat\/escolaverd\/general\/taller-de-primers-auxilis\/","title":{"rendered":"Taller de primers auxilis"},"content":{"rendered":"<p><span style=\"font-weight: 400;\">El dilluns 27 de febrer va venir l\u2019Ariadna, una mare de la classe, a fer-nos un taller de primers auxilis. Ella \u00e9s infermera i a l\u2019\u00e0rea de projectes estem treballant La Creu Roja que, entre altres coses, fan primers auxilis, per tant era un taller perfecte per a nosaltres.\u00a0<\/span><\/p>\n<p><span style=\"font-weight: 400;\">Ens ho va explicar tot amb unes diapositives i primer ens va parlar del \u201cPAS\u201d, que consisteix en qu\u00e8 fer si trobes una persona que s\u2019ha desmaiat, ha caigut\u2026 La P \u00e9s de protegir, has de fer saber a la gent que aquella persona est\u00e0 a terra i protegir-la. En aquest procediment, tamb\u00e9 ens va parlar de mantenir la calma. Despr\u00e9s la A que \u00e9s de avisar, trucar al 112. Ens va dir que per recordar aquest n\u00famero podem pensar que tenim 1 nas 1 boca i 2 ulls. Per \u00faltim la S que \u00e9s de soc\u00f3rrer, fer una primera valoraci\u00f3 de l\u2019estat de consci\u00e8ncia, la respiraci\u00f3, el pols i l\u2019hemorr\u00e0gia. A continuaci\u00f3 una segona valoraci\u00f3 que consisteix en mirar-li les diferents parts del cos a la persona, comen\u00e7ant pel cap, el coll, el t\u00f2rax, l&#8217;abdomen i, finalment, les extremitats.\u00a0<\/span><\/p>\n<p><span style=\"font-weight: 400;\">A continuaci\u00f3 ens va ensenyar, per a mi, el m\u00e9s divertit d\u2019aquella tarda: la \u201cposici\u00f3 lateral de seguretat\u201d. Vam ajuntar vuit taules i hi vam posar una m\u00e0rfega que portava l\u2019Ariadna. L\u2019Aniol s\u2019hi va estirar sense moure ni un m\u00fascul, com si fos mort i l\u2019Ariadna li va posar una m\u00e0 enlaire i l\u2019altra a sota de la mand\u00edbula, despr\u00e9s la cama contr\u00e0ria a la de la m\u00e0 que estava estirada, doblegada com fent un triangle, va girar a l\u2019Aniol i\u00a0 li va posar el cap amunt. Aquests s\u00f3n els passos per fer la \u201cposici\u00f3 lateral de seguretat\u201d:<\/span><\/p>\n<p><span style=\"font-weight: 400;\">Despr\u00e9s ens va parlar de les compressions tor\u00e0ciques i l\u2019ennuegament. Ens va ensenyar la \u201cmaniobra de Heimlich\u201d, que consisteix en agafar amb for\u00e7a la zona entre el final de les costelles i el melic a una persona i fer apretar bruscament la persona contra el nostre pit perqu\u00e8 li surti l\u2019objecte que l\u2019est\u00e0 ennuegant.\u00a0<\/span><\/p>\n<p><span style=\"font-weight: 400;\">Tamb\u00e9 ens va parlar de les fractures. El que hem de fer davant d\u2019alg\u00fa que t\u00e9 una fractura, \u00e9s no mobilitzar-la, esperar els serveis m\u00e8dics i, si ha estat un accident de moto, mai retirar el casc. Tamb\u00e9 ens va dir com hem d\u2019immobilitzar la fractura, per fer-ho hem d\u2019evitar alinear les fractures i evitar fer moviments bruscos. Amb mocadors, venes o les mans d\u2019una altra persona, hem de mantenir el lloc on hi ha la fractura imm\u00f2bil.<\/span><\/p>\n<p><span style=\"font-weight: 400;\">A continuaci\u00f3, ens va parlar de com actuar davant d\u2019una ferida. Primer s\u2019ha de fer pressi\u00f3 amb una gassa o mocador NET per evitar el sagnat. Despr\u00e9s, netejar-la amb aigua i sab\u00f3 i per \u00faltim, quan ja estigui seca, tapar-la. Tot aquest proc\u00e9s l\u2019ha de fer una persona amb les mans s\u00faper netes i que eviti tocar la sang.<\/span><\/p>\n<p><span style=\"font-weight: 400;\">Seguidament, ens va dir els tipus de cremades que hi ha i com curar-les. Les cremades poden ser de primer grau, bastant lleus. De segon grau, que ja afecten a totes les capes de la pell o de tercer grau, que arriben a teixits m\u00e9s fons com fins i tot els m\u00fasculs. Per curar una cremada, s\u2019hi ha de posar aigua freda, no gelada, entre cinc i trenta minuts depenent de si la cremada \u00e9s m\u00e9s greu o menys. Despr\u00e9s s\u2019ha de cobrir la cremada amb una gassa o embenat est\u00e8ril. Si la cremada \u00e9s molt greu, trucar al 112. Si la cremada t\u00e9 risc d\u2019infecci\u00f3, anar al metge.<\/span><\/p>\n<p><span style=\"font-weight: 400;\">Despr\u00e9s ens va parlar de picades, de medusa, d\u2019insecte i de serp, concretament l\u2019escur\u00e7\u00f3. Si et pica un insecte, has d\u2019extreure el fibl\u00f3 que hagi deixat, rentar i refredar la zona, posar-hi alguna pomada a base d\u2019amon\u00edac, mai rascar o fregar la zona i, si \u00e9s greu, trucar al 112. Si \u00e9s una picada de medusa, has de sortir de l\u2019aigua, mai fregar o rascar la ferida, retirar les restes de la medusa, netejar i desinfectar la zona mai amb aigua dol\u00e7a, aplicar gel i si tens un dolor intens, febre, mareig\u2026 acudir a emerg\u00e8ncies. Si en canvi la picada \u00e9s d\u2019un escur\u00e7\u00f3, s\u2019ha d\u2019estar en rep\u00f2s, sense moviment, desinfectar i tapar la ferida i trucar al 112 o anar a l\u2019hospital. Per molt que ho facin a la televisi\u00f3, mai s\u2019ha de succionar el ver\u00ed.<\/span><\/p>\n<p><span style=\"font-weight: 400;\">Per \u00faltim, l\u2019Ariadna ens va parlar de les mossegades. Si algun animal mossega, s\u2019ha de netejar i desinfectar la ferida amb aigua i sab\u00f3, pressionar l&#8217;hemorr\u00e0gia, cobrir la ferida amb ap\u00f2sit o gases, anar a un centre veterinari per la profilaxis de l\u2019antitet\u00e0nica i comprovar la vacuaci\u00f3 de l\u2019animal. Una mossegada t\u00e9 un gran risc d\u2019infecci\u00f3.<\/span><\/p>\n<p><span style=\"font-weight: 400;\">Amb aquest apartat es va acabar la xerrada de primers auxilis que ens va fer l\u2019Ariadna. Va ser molt divertida i ens servir\u00e0 molt per quan ens trobem a alguna situaci\u00f3 d\u2019aquestes.<\/span><\/p>\n<p style=\"text-align: right;\"><span style=\"font-weight: 400;\">A. C. G<\/span><\/p>\n<p><a href=\"https:\/\/drive.google.com\/file\/d\/1wmURk7tjXKEM12NW1fSUASAZKxAwlRfr\/view?usp=share_link\">Primera valoraci\u00f3 del pacient<\/a><\/p>\n<p><a href=\"https:\/\/drive.google.com\/file\/d\/1MZ3oWZt0RQXdBnyfa__JtupgxK6v1UWC\/view?usp=share_link\">Posici\u00f3 lateral de seguretat<\/a><\/p>\n<p><a href=\"https:\/\/drive.google.com\/file\/d\/1CBN3IB7tyg7kuKGAULYx5irRQwwjJiRE\/view?usp=share_link\">Maniobra de Heimlich<\/a><\/p>\n<p>Tamb\u00e9 hem fet uns <strong>cartells de primers auxilis<\/strong>:<\/p>\n<div id='gallery-1' class='gallery galleryid-25249 gallery-columns-2 gallery-size-thumbnail'><figure class='gallery-item'>\n\t\t\t<div class='gallery-icon portrait'>\n\t\t\t\t<a href='https:\/\/agora.xtec.cat\/escolaverd\/1-32\/'><img loading=\"lazy\" decoding=\"async\" width=\"150\" height=\"150\" src=\"https:\/\/agora.xtec.cat\/escolaverd\/wp-content\/uploads\/usu2386\/2023\/03\/1-1-150x150.jpg\" class=\"attachment-thumbnail size-thumbnail\" alt=\"\" \/><\/a>\n\t\t\t<\/div><\/figure><figure class='gallery-item'>\n\t\t\t<div class='gallery-icon portrait'>\n\t\t\t\t<a href='https:\/\/agora.xtec.cat\/escolaverd\/2-27\/'><img loading=\"lazy\" decoding=\"async\" width=\"150\" height=\"150\" src=\"https:\/\/agora.xtec.cat\/escolaverd\/wp-content\/uploads\/usu2386\/2023\/03\/2-1-150x150.jpg\" class=\"attachment-thumbnail size-thumbnail\" alt=\"\" \/><\/a>\n\t\t\t<\/div><\/figure><figure class='gallery-item'>\n\t\t\t<div class='gallery-icon portrait'>\n\t\t\t\t<a href='https:\/\/agora.xtec.cat\/escolaverd\/3-20\/'><img loading=\"lazy\" decoding=\"async\" width=\"150\" height=\"150\" src=\"https:\/\/agora.xtec.cat\/escolaverd\/wp-content\/uploads\/usu2386\/2023\/03\/3-1-150x150.jpg\" class=\"attachment-thumbnail size-thumbnail\" alt=\"\" \/><\/a>\n\t\t\t<\/div><\/figure><figure class='gallery-item'>\n\t\t\t<div class='gallery-icon portrait'>\n\t\t\t\t<a href='https:\/\/agora.xtec.cat\/escolaverd\/4-16\/'><img loading=\"lazy\" decoding=\"async\" width=\"150\" height=\"150\" src=\"https:\/\/agora.xtec.cat\/escolaverd\/wp-content\/uploads\/usu2386\/2023\/03\/4-1-150x150.jpg\" class=\"attachment-thumbnail size-thumbnail\" alt=\"\" \/><\/a>\n\t\t\t<\/div><\/figure><figure class='gallery-item'>\n\t\t\t<div class='gallery-icon portrait'>\n\t\t\t\t<a href='https:\/\/agora.xtec.cat\/escolaverd\/5-15\/'><img loading=\"lazy\" decoding=\"async\" width=\"150\" height=\"150\" src=\"https:\/\/agora.xtec.cat\/escolaverd\/wp-content\/uploads\/usu2386\/2023\/03\/5-1-150x150.jpg\" class=\"attachment-thumbnail size-thumbnail\" alt=\"\" \/><\/a>\n\t\t\t<\/div><\/figure><figure class='gallery-item'>\n\t\t\t<div class='gallery-icon portrait'>\n\t\t\t\t<a href='https:\/\/agora.xtec.cat\/escolaverd\/6-12\/'><img loading=\"lazy\" decoding=\"async\" width=\"150\" height=\"150\" src=\"https:\/\/agora.xtec.cat\/escolaverd\/wp-content\/uploads\/usu2386\/2023\/03\/6-1-150x150.jpg\" class=\"attachment-thumbnail size-thumbnail\" alt=\"\" \/><\/a>\n\t\t\t<\/div><\/figure><figure class='gallery-item'>\n\t\t\t<div class='gallery-icon portrait'>\n\t\t\t\t<a href='https:\/\/agora.xtec.cat\/escolaverd\/7-9\/'><img loading=\"lazy\" decoding=\"async\" width=\"150\" height=\"150\" src=\"https:\/\/agora.xtec.cat\/escolaverd\/wp-content\/uploads\/usu2386\/2023\/03\/7-1-150x150.jpg\" class=\"attachment-thumbnail size-thumbnail\" alt=\"\" \/><\/a>\n\t\t\t<\/div><\/figure><figure class='gallery-item'>\n\t\t\t<div class='gallery-icon portrait'>\n\t\t\t\t<a href='https:\/\/agora.xtec.cat\/escolaverd\/8-8\/'><img loading=\"lazy\" decoding=\"async\" width=\"150\" height=\"150\" src=\"https:\/\/agora.xtec.cat\/escolaverd\/wp-content\/uploads\/usu2386\/2023\/03\/8-1-150x150.jpg\" class=\"attachment-thumbnail size-thumbnail\" alt=\"\" \/><\/a>\n\t\t\t<\/div><\/figure>\n\t\t<\/div>\n\n","protected":false},"excerpt":{"rendered":"<p>El dilluns 27 de febrer va venir l\u2019Ariadna, una mare de la classe, a fer-nos un taller de primers auxilis. Ella \u00e9s infermera i a l\u2019\u00e0rea de projectes estem treballant La Creu Roja que, entre altres coses, fan primers auxilis, per tant era un taller perfecte per a nosaltres.\u00a0 Ens ho va explicar tot amb [&hellip;]<\/p>\n","protected":false},"author":25,"featured_media":25250,"comment_status":"open","ping_status":"closed","sticky":false,"template":"","format":"standard","meta":{"_bbp_topic_count":0,"_bbp_reply_count":0,"_bbp_total_topic_count":0,"_bbp_total_reply_count":0,"_bbp_voice_count":0,"_bbp_anonymous_reply_count":0,"_bbp_topic_count_hidden":0,"_bbp_reply_count_hidden":0,"_bbp_forum_subforum_count":0,"site-sidebar-layout":"default","site-content-layout":"","ast-site-content-layout":"","site-content-style":"default","site-sidebar-style":"default","ast-global-header-display":"","ast-banner-title-visibility":"","ast-main-header-display":"","ast-hfb-above-header-display":"","ast-hfb-below-header-display":"","ast-hfb-mobile-header-display":"","site-post-title":"","ast-breadcrumbs-content":"","ast-featured-img":"","footer-sml-layout":"","theme-transparent-header-meta":"","adv-header-id-meta":"","stick-header-meta":"","header-above-stick-meta":"","header-main-stick-meta":"","header-below-stick-meta":"","astra-migrate-meta-layouts":"default","ast-page-background-enabled":"default","ast-page-background-meta":{"desktop":{"background-color":"var(--ast-global-color-4)","background-image":"","background-repeat":"repeat","background-position":"center center","background-size":"auto","background-attachment":"scroll","background-type":"","background-media":"","overlay-type":"","overlay-color":"","overlay-opacity":"","overlay-gradient":""},"tablet":{"background-color":"","background-image":"","background-repeat":"repeat","background-position":"center center","background-size":"auto","background-attachment":"scroll","background-type":"","background-media":"","overlay-type":"","overlay-color":"","overlay-opacity":"","overlay-gradient":""},"mobile":{"background-color":"","background-image":"","background-repeat":"repeat","background-position":"center center","background-size":"auto","background-attachment":"scroll","background-type":"","background-media":"","overlay-type":"","overlay-color":"","overlay-opacity":"","overlay-gradient":""}},"ast-content-background-meta":{"desktop":{"background-color":"var(--ast-global-color-5)","background-image":"","background-repeat":"repeat","background-position":"center center","background-size":"auto","background-attachment":"scroll","background-type":"","background-media":"","overlay-type":"","overlay-color":"","overlay-opacity":"","overlay-gradient":""},"tablet":{"background-color":"var(--ast-global-color-5)","background-image":"","background-repeat":"repeat","background-position":"center center","background-size":"auto","background-attachment":"scroll","background-type":"","background-media":"","overlay-type":"","overlay-color":"","overlay-opacity":"","overlay-gradient":""},"mobile":{"background-color":"var(--ast-global-color-5)","background-image":"","background-repeat":"repeat","background-position":"center center","background-size":"auto","background-attachment":"scroll","background-type":"","background-media":"","overlay-type":"","overlay-color":"","overlay-opacity":"","overlay-gradient":""}},"footnotes":""},"categories":[233,15,1,4],"tags":[],"class_list":["post-25249","post","type-post","status-publish","format-standard","has-post-thumbnail","hentry","category-233","category-6e","category-general","category-portada"],"post_mailing_queue_ids":[],"_links":{"self":[{"href":"https:\/\/agora.xtec.cat\/escolaverd\/wp-json\/wp\/v2\/posts\/25249","targetHints":{"allow":["GET"]}}],"collection":[{"href":"https:\/\/agora.xtec.cat\/escolaverd\/wp-json\/wp\/v2\/posts"}],"about":[{"href":"https:\/\/agora.xtec.cat\/escolaverd\/wp-json\/wp\/v2\/types\/post"}],"author":[{"embeddable":true,"href":"https:\/\/agora.xtec.cat\/escolaverd\/wp-json\/wp\/v2\/users\/25"}],"replies":[{"embeddable":true,"href":"https:\/\/agora.xtec.cat\/escolaverd\/wp-json\/wp\/v2\/comments?post=25249"}],"version-history":[{"count":1,"href":"https:\/\/agora.xtec.cat\/escolaverd\/wp-json\/wp\/v2\/posts\/25249\/revisions"}],"predecessor-version":[{"id":26491,"href":"https:\/\/agora.xtec.cat\/escolaverd\/wp-json\/wp\/v2\/posts\/25249\/revisions\/26491"}],"wp:featuredmedia":[{"embeddable":true,"href":"https:\/\/agora.xtec.cat\/escolaverd\/wp-json\/wp\/v2\/media\/25250"}],"wp:attachment":[{"href":"https:\/\/agora.xtec.cat\/escolaverd\/wp-json\/wp\/v2\/media?parent=25249"}],"wp:term":[{"taxonomy":"category","embeddable":true,"href":"https:\/\/agora.xtec.cat\/escolaverd\/wp-json\/wp\/v2\/categories?post=25249"},{"taxonomy":"post_tag","embeddable":true,"href":"https:\/\/agora.xtec.cat\/escolaverd\/wp-json\/wp\/v2\/tags?post=25249"}],"curies":[{"name":"wp","href":"https:\/\/api.w.org\/{rel}","templated":true}]}}